{"id":337868,"date":"2025-08-23T06:13:15","date_gmt":"2025-08-23T06:13:15","guid":{"rendered":"https:\/\/www.europesays.com\/fr\/337868\/"},"modified":"2025-08-23T06:13:15","modified_gmt":"2025-08-23T06:13:15","slug":"les-nouvelles-attentes-ne-changent-rien-pour-moi","status":"publish","type":"post","link":"https:\/\/www.europesays.com\/fr\/337868\/","title":{"rendered":"\u00abLes nouvelles attentes ne changent rien pour moi\u00bb"},"content":{"rendered":"<p><strong>EXCLUSIF <\/strong>&#8211; La 46e\u00a0joueuse mondiale, qui a chang\u00e9 de dimension \u00e0 Roland-Garros, se livre sur son nouveau statut et ses ambitions avant son entr\u00e9e en lice \u00e0 l\u2019US Open.<\/p>\n<p class=\"fig-paragraph\">Pr\u00e8s de trois mois apr\u00e8s son \u00e9pop\u00e9e jusqu\u2019en demi-finale de Roland-Garros,\u00a0<a href=\"http:\/\/www.lefigaro.fr\/sports\/tennis\/tennis-avant-l-us-open-lois-boisson-manque-son-retour-sur-les-courts-a-cleveland-20250818\" data-fig-type=\"NewsFlash\" data-gtm-custom-categorie=\"navigation\" data-gtm-custom-action=\"crossclick\" data-gtm-custom-label=\"Contextuel\" data-gtm-event=\"customEventSPE\" data-fig-domain=\"LEFIGARO\" target=\"_blank\" rel=\"noopener\">Lo\u00efs Boisson<\/a>, nouvelle ambassadrice de la marque SVR, s\u2019appr\u00eate \u00e0 d\u00e9couvrir l\u2019<a href=\"http:\/\/www.lefigaro.fr\/sports\/tennis\/us-open\/us-open-une-invasion-de-mouches-pourrait-perturber-le-tournoi-20250822\" data-fig-type=\"NewsFlash\" data-gtm-custom-categorie=\"navigation\" data-gtm-custom-action=\"crossclick\" data-gtm-custom-label=\"Contextuel\" data-gtm-event=\"customEventSPE\" data-fig-domain=\"LEFIGARO\" target=\"_blank\" rel=\"noopener\">US\u00a0Open<\/a>, ultime Grand Chelem de la saison. Avant son entr\u00e9e en lice, dimanche ou lundi, lors du premier tour, face \u00e0 la Suissesse Viktorija Golubic (77e\u00a0mondiale), le nouveau visage du tennis f\u00e9minin fran\u00e7ais revient pour Le\u00a0Figaro sur ses derni\u00e8res semaines de comp\u00e9tition, qui l\u2019ont amen\u00e9e \u00e0 son premier titre en carri\u00e8re, dans la foul\u00e9e de l\u2019euphorie parisienne.<\/p>\n<p class=\"fig-paragraph\"><strong>LE FIGARO. &#8211; Comment allez-vous avant votre entr\u00e9e en lice \u00e0 l\u2019US\u00a0Open\u00a0?<\/strong><\/p>\n<p class=\"fig-paragraph\"><strong>LO\u00cfS BOISSON. &#8211; <\/strong>Je suis \u00e0 100\u00a0%, tout va bien. Il n\u2019y a plus de soucis par rapport \u00e0 l\u2019adducteur (g\u00ean\u00e9e, elle avait d\u00e9clar\u00e9 forfait pour la tourn\u00e9e am\u00e9ricaine \u00e0 Montr\u00e9al et Cincinnati, NDLR).<\/p>\n<p class=\"fig-paragraph\"><strong>Quel est votre objectif pour cet US\u00a0Open, tournoi que vous allez d\u00e9couvrir\u00a0?<\/strong><\/p>\n<p class=\"fig-paragraph\">C\u2019est nouveau, mais, comme je le dis \u00e0 chaque fois, l\u2019objectif est d\u2019aller le plus loin possible. Et on verra ce qui se passe.<\/p>\n<p class=\"fig-paragraph\"><strong>Quel bilan\u2026<\/strong><\/p>\n<p class=\"fig-premium-paywall__infos\">\n        Cet article est r\u00e9serv\u00e9 aux abonn\u00e9s.        Il vous reste 74% \u00e0 d\u00e9couvrir.\n    <\/p>\n<p>                <img  data- alt=\"Le Figaro\" class=\"fig-img--complete fig-img\"\/><\/p>\n<p class=\"fig-premium-paywall__title\">Vente Flash<\/p>\n<p class=\"fig-premium-paywall__subtitle\">4,99\u20ac par mois pendant 12 mois. Sans engagement<\/p>\n<p class=\"fig-premium-paywall__connect\">\n                D\u00e9j\u00e0 abonn\u00e9\u00a0?                <a class=\"fig-premium-paywall__connect-link\" href=\"https:\/\/connect.lefigaro.fr\/login?client=horizon_web&amp;type=main&amp;redirect_uri=https%3A%2F%2Fwww.lefigaro.fr%2Fsports%2Ftennis%2Flois-boisson-se-confie-au-figaro-les-nouvelles-attentes-ne-changent-rien-pour-moi-20250823\" data-js-gtm=\"{&quot;customCategorie&quot;: &quot;conversion&quot;, &quot;customAction&quot;: &quot;before_Landing_Connexion_paywall_auto&quot;, &quot;customLabel&quot;: &quot;bGVmaWdhcm8uZnJfXzFmMDdmNjhkLWJiNjItNjVkYy05ZWNhLTgxZTk5ZWM5YzI0Y19fQXJ0aWNsZQ==_Avant l\u2019US Open, Lo\u00efs Boisson se confie au &lt;i&gt;Figaro&lt;\/i&gt;\u00a0: \u00abLes nouvelles attentes ne changent rien pour moi\u00bb_7&quot;, &quot;customIDSPE&quot;: &quot;bGVmaWdhcm8uZnJfXzFmMDdmNjhkLWJiNjItNjVkYy05ZWNhLTgxZTk5ZWM5YzI0Y19fQXJ0aWNsZQ==&quot;, &quot;event&quot;: &quot;customEventSPE&quot;}\" target=\"_blank\" rel=\"noopener\"><br \/>\n                    Connectez-vous<br \/>\n                <\/a>\n            <\/p>\n","protected":false},"excerpt":{"rendered":"EXCLUSIF &#8211; La 46e\u00a0joueuse mondiale, qui a chang\u00e9 de dimension \u00e0 Roland-Garros, se livre sur son nouveau statut&hellip;\n","protected":false},"author":2,"featured_media":337869,"comment_status":"","ping_status":"","sticky":false,"template":"","format":"standard","meta":{"footnotes":""},"categories":[1412],"tags":[1451,1452,1453,1454,1455,1011,27,10535,4171,60,4172],"class_list":{"0":"post-337868","1":"post","2":"type-post","3":"status-publish","4":"format-standard","5":"has-post-thumbnail","7":"category-f1","8":"tag-f1","9":"tag-formula-1","10":"tag-formula1","11":"tag-formule-1","12":"tag-formule1","13":"tag-fr","14":"tag-france","15":"tag-lois-boisson","16":"tag-roland-garros","17":"tag-sports","18":"tag-us-open"},"share_on_mastodon":{"url":"https:\/\/pubeurope.com\/@fr\/115076609054109976","error":""},"_links":{"self":[{"href":"https:\/\/www.europesays.com\/fr\/wp-json\/wp\/v2\/posts\/337868","targetHints":{"allow":["GET"]}}],"collection":[{"href":"https:\/\/www.europesays.com\/fr\/wp-json\/wp\/v2\/posts"}],"about":[{"href":"https:\/\/www.europesays.com\/fr\/wp-json\/wp\/v2\/types\/post"}],"author":[{"embeddable":true,"href":"https:\/\/www.europesays.com\/fr\/wp-json\/wp\/v2\/users\/2"}],"replies":[{"embeddable":true,"href":"https:\/\/www.europesays.com\/fr\/wp-json\/wp\/v2\/comments?post=337868"}],"version-history":[{"count":0,"href":"https:\/\/www.europesays.com\/fr\/wp-json\/wp\/v2\/posts\/337868\/revisions"}],"wp:featuredmedia":[{"embeddable":true,"href":"https:\/\/www.europesays.com\/fr\/wp-json\/wp\/v2\/media\/337869"}],"wp:attachment":[{"href":"https:\/\/www.europesays.com\/fr\/wp-json\/wp\/v2\/media?parent=337868"}],"wp:term":[{"taxonomy":"category","embeddable":true,"href":"https:\/\/www.europesays.com\/fr\/wp-json\/wp\/v2\/categories?post=337868"},{"taxonomy":"post_tag","embeddable":true,"href":"https:\/\/www.europesays.com\/fr\/wp-json\/wp\/v2\/tags?post=337868"}],"curies":[{"name":"wp","href":"https:\/\/api.w.org\/{rel}","templated":true}]}}