{"id":337878,"date":"2025-08-23T06:20:26","date_gmt":"2025-08-23T06:20:26","guid":{"rendered":"https:\/\/www.europesays.com\/fr\/337878\/"},"modified":"2025-08-23T06:20:26","modified_gmt":"2025-08-23T06:20:26","slug":"serie-hostage-suranne-jones-et-julie-delpy-en-dirigeantes-traquees","status":"publish","type":"post","link":"https:\/\/www.europesays.com\/fr\/337878\/","title":{"rendered":"S\u00e9rie: \u00abHostage\u00bb, Suranne Jones et Julie Delpy en dirigeantes traqu\u00e9es"},"content":{"rendered":"<p>Le Royaume-Uni manque dramatiquement de m\u00e9dicaments, et son syst\u00e8me de sant\u00e9 n\u2019est pas en bonne forme. Jusqu\u2019ici, le postulat de Hostage para\u00eet fort r\u00e9aliste. La premi\u00e8re ministre Abigail Dalton (Suranne Jones, une ancienne de la v\u00e9n\u00e9rable Coronation Street, vue dans Scott\u00a0&amp; Bailey) fait face \u00e0 une opposition toujours plus agressive. Elle re\u00e7oit la pr\u00e9sidente fran\u00e7aise Vivienne Toussaint (Julie Delpy) pour un sommet bilat\u00e9ral de quelques jours. La France peut fournir des m\u00e9dicaments, mais press\u00e9e par son extr\u00eame droite, la Fran\u00e7aise exige une pr\u00e9sence polici\u00e8re nationale sur territoire anglais pour contrer les migrants de la Manche, une exigence inacceptable.<\/p>\n","protected":false},"excerpt":{"rendered":"Le Royaume-Uni manque dramatiquement de m\u00e9dicaments, et son syst\u00e8me de sant\u00e9 n\u2019est pas en bonne forme. Jusqu\u2019ici, le&hellip;\n","protected":false},"author":2,"featured_media":337879,"comment_status":"","ping_status":"","sticky":false,"template":"","format":"standard","meta":{"footnotes":""},"categories":[1356],"tags":[58,59,3297,1011,27,127,301,3298,252,1364],"class_list":{"0":"post-337878","1":"post","2":"type-post","3":"status-publish","4":"format-standard","5":"has-post-thumbnail","7":"category-television","8":"tag-divertissement","9":"tag-entertainment","10":"tag-entre-temps","11":"tag-fr","12":"tag-france","13":"tag-netflix","14":"tag-premium","15":"tag-series-tv","16":"tag-television","17":"tag-tv"},"share_on_mastodon":{"url":"https:\/\/pubeurope.com\/@fr\/115076636842205494","error":""},"_links":{"self":[{"href":"https:\/\/www.europesays.com\/fr\/wp-json\/wp\/v2\/posts\/337878","targetHints":{"allow":["GET"]}}],"collection":[{"href":"https:\/\/www.europesays.com\/fr\/wp-json\/wp\/v2\/posts"}],"about":[{"href":"https:\/\/www.europesays.com\/fr\/wp-json\/wp\/v2\/types\/post"}],"author":[{"embeddable":true,"href":"https:\/\/www.europesays.com\/fr\/wp-json\/wp\/v2\/users\/2"}],"replies":[{"embeddable":true,"href":"https:\/\/www.europesays.com\/fr\/wp-json\/wp\/v2\/comments?post=337878"}],"version-history":[{"count":0,"href":"https:\/\/www.europesays.com\/fr\/wp-json\/wp\/v2\/posts\/337878\/revisions"}],"wp:featuredmedia":[{"embeddable":true,"href":"https:\/\/www.europesays.com\/fr\/wp-json\/wp\/v2\/media\/337879"}],"wp:attachment":[{"href":"https:\/\/www.europesays.com\/fr\/wp-json\/wp\/v2\/media?parent=337878"}],"wp:term":[{"taxonomy":"category","embeddable":true,"href":"https:\/\/www.europesays.com\/fr\/wp-json\/wp\/v2\/categories?post=337878"},{"taxonomy":"post_tag","embeddable":true,"href":"https:\/\/www.europesays.com\/fr\/wp-json\/wp\/v2\/tags?post=337878"}],"curies":[{"name":"wp","href":"https:\/\/api.w.org\/{rel}","templated":true}]}}