{"id":337880,"date":"2025-08-23T06:21:35","date_gmt":"2025-08-23T06:21:35","guid":{"rendered":"https:\/\/www.europesays.com\/fr\/337880\/"},"modified":"2025-08-23T06:21:35","modified_gmt":"2025-08-23T06:21:35","slug":"gims-plus-fort-que-johnny-hallyday-cest-officiel","status":"publish","type":"post","link":"https:\/\/www.europesays.com\/fr\/337880\/","title":{"rendered":"Gims plus fort que Johnny Hallyday, c\u2019est officiel"},"content":{"rendered":"<p>      R\u00e9sum\u00e9<\/p>\n<p>L&rsquo;EP de Gims \u00ab\u00a0Le Nord se souvient\u00a0\u00bb atteint 13 semaines en t\u00eate du Top Albums fran\u00e7ais, \u00e9galant et surpassant certains records historiques de Johnny Hallyday.<\/p>\n<p>        Sommaire<\/p>\n<p>On ne l\u2019arr\u00eate plus. Les fans de <a href=\"https:\/\/www.public.fr\/tag\/maitre-gims\" target=\"_blank\" rel=\"noopener\">Gims<\/a> ont l\u2019impression de d\u00e9couvrir un nouveau titre du rappeur aux lunettes chaque semaine. En l\u2019espace de quelques mois, le fr\u00e8re de Dadju <a href=\"https:\/\/www.public.fr\/je-narrive-plus-a-suivre-il-ne-se-repose-jamais-gims-annonce-un-nouveau-single-les-internautes-completement-depasses\" target=\"_blank\" rel=\"noopener\">a d\u00e9voil\u00e9 de nombreux titres<\/a> devenus cultes en tr\u00e8s peu de temps.<\/p>\n<p><strong>\u00ab\u00a0Piano\u00a0\u00bb, \u00ab\u00a0Ciel\u00a0\u00bb, \u00ab\u00a0Ninao\u00a0\u00bb, \u00ab\u00a0Appelle ta copine\u00a0\u00bb<\/strong>, ou encore <strong>\u00ab\u00a0Sois pas timide\u00a0\u00bb<\/strong>, pour ne citer qu\u2019eux, connaissent tous le succ\u00e8s, sans exception. Un succ\u00e8s qui permet \u00e0 Gims de d\u00e9tr\u00f4ner <a href=\"https:\/\/www.public.fr\/tag\/johnny-hallyday\" target=\"_blank\" rel=\"noopener\">Johnny Hallyday<\/a> en battant un record longtemps d\u00e9tenu par <a href=\"https:\/\/vsd.fr\/tag\/johnny-hallyday\/\" target=\"_blank\" rel=\"noopener\">le Taulier<\/a> qui nous a quitt\u00e9s en 2017.\u00a0<\/p>\n<p>Gims d\u00e9passe Johnny Hallyday<\/p>\n<p>En effet, l\u2019EP <strong>\u00ab\u00a0Le Nord se souvient\u00a0\u00bb<\/strong> a d\u00e9j\u00e0 pass\u00e9 12 semaines non cons\u00e9cutives \u00e0 la premi\u00e8re place du Top Albums fran\u00e7ais comme l\u2019indique Purecharts. Nos confr\u00e8res notent que <strong>le projet a pass\u00e9 la majorit\u00e9 de son temps \u00e0 la premi\u00e8re place<\/strong> au cours de l\u2019\u00e9t\u00e9, \u00ab\u00a0face \u00e0 une faible concurrence\u00a0\u00bb.<\/p>\n<p>Ce vendredi 22 ao\u00fbt 2025, Gims a de nouveau pass\u00e9 <strong>une semaine enti\u00e8re en t\u00eate du Top Albums fran\u00e7ais<\/strong>. Lui permettant ainsi d\u2019occuper cette place, <strong>13 semaines cons\u00e9cutives<\/strong>. En passant ce cap, le fr\u00e8re de Dadju bat donc le record que d\u00e9tenait Johnny Hallyday.<\/p>\n<p><strong>\u00ab\u00a0Le Nord se souvient\u00a0\u00bb<\/strong> devient en effet l&rsquo;album rest\u00e9 le plus longtemps num\u00e9ro un des charts, depuis la comptabilisation des \u00e9coutes en streaming en 2016. L\u2019ancien compagnon de Laeticia Hallyday d\u00e9tenait le record depuis plusieurs ann\u00e9es, avec son album posthume <strong>\u00ab\u00a0Mon pays c\u2019est l\u2019amour\u00a0\u00bb<\/strong>.<\/p>\n<p>Il doit faire encore mieux pour battre Seal et Rapha\u00ebl<\/p>\n<p>Un projet qui a vu le jour apr\u00e8s sa disparition, qui a su rester num\u00e9ro un du Top Albums fran\u00e7ais pendant 12 semaines entre octobre 2018 et janvier 2019. Si <strong>Gims a battu le record du Taulier<\/strong>, ce dernier reste n\u00e9anmoins toujours \u00ab\u00a0premier\u00a0\u00bb au niveau des scores.<\/p>\n<p>Nos confr\u00e8res de Purecharts notent en effet que Johnny Hallyday \u00ab\u00a0avait g\u00e9n\u00e9r\u00e9 plus de 1,4 million de ventes au cours de ces 12 semaines \u00e0 la premi\u00e8re place\u00a0\u00bb. Alors que Gims, de son c\u00f4t\u00e9, \u00ab\u00a0n&rsquo;a \u00e9coul\u00e9 \u2018que\u2019 133.000 copies lors de ses 12 semaines au sommet des charts.\u00a0\u00bb\u00a0<\/p>\n<p>Le rappeur aux lunettes va n\u00e9anmoins devoir rester une semaine de plus \u00e0 la t\u00eate du Top Albums fran\u00e7ais pour d\u00e9tenir le record \u00e0 lui tout seul. En effet, \u00e0 l\u2019heure actuelle, il est ex aequo avec l\u2019album <strong>\u00ab\u00a0Caravane\u00a0\u00bb<\/strong> de Rapha\u00ebl qui a vu le jour 2005, ainsi qu\u2019avec le projet de Seal, <strong>\u00ab\u00a0Soul\u00a0\u00bb<\/strong>, sorti en 2008.<\/p>\n<p>      Mentionn\u00e9s dans cet article<\/p>\n<p>      Sur le m\u00eame sujet<\/p>\n","protected":false},"excerpt":{"rendered":"R\u00e9sum\u00e9 L&rsquo;EP de Gims \u00ab\u00a0Le Nord se souvient\u00a0\u00bb atteint 13 semaines en t\u00eate du Top Albums fran\u00e7ais, \u00e9galant&hellip;\n","protected":false},"author":2,"featured_media":337881,"comment_status":"","ping_status":"","sticky":false,"template":"","format":"standard","meta":{"footnotes":""},"categories":[1355],"tags":[1692,58,59,1011,27,1304,16676,1361,873,13399,37381],"class_list":{"0":"post-337880","1":"post","2":"type-post","3":"status-publish","4":"format-standard","5":"has-post-thumbnail","7":"category-musique","8":"tag-album","9":"tag-divertissement","10":"tag-entertainment","11":"tag-fr","12":"tag-france","13":"tag-johnny-hallyday","14":"tag-maitre-gims","15":"tag-music","16":"tag-musique","17":"tag-raphael","18":"tag-seal"},"share_on_mastodon":{"url":"https:\/\/pubeurope.com\/@fr\/115076640536019921","error":""},"_links":{"self":[{"href":"https:\/\/www.europesays.com\/fr\/wp-json\/wp\/v2\/posts\/337880","targetHints":{"allow":["GET"]}}],"collection":[{"href":"https:\/\/www.europesays.com\/fr\/wp-json\/wp\/v2\/posts"}],"about":[{"href":"https:\/\/www.europesays.com\/fr\/wp-json\/wp\/v2\/types\/post"}],"author":[{"embeddable":true,"href":"https:\/\/www.europesays.com\/fr\/wp-json\/wp\/v2\/users\/2"}],"replies":[{"embeddable":true,"href":"https:\/\/www.europesays.com\/fr\/wp-json\/wp\/v2\/comments?post=337880"}],"version-history":[{"count":0,"href":"https:\/\/www.europesays.com\/fr\/wp-json\/wp\/v2\/posts\/337880\/revisions"}],"wp:featuredmedia":[{"embeddable":true,"href":"https:\/\/www.europesays.com\/fr\/wp-json\/wp\/v2\/media\/337881"}],"wp:attachment":[{"href":"https:\/\/www.europesays.com\/fr\/wp-json\/wp\/v2\/media?parent=337880"}],"wp:term":[{"taxonomy":"category","embeddable":true,"href":"https:\/\/www.europesays.com\/fr\/wp-json\/wp\/v2\/categories?post=337880"},{"taxonomy":"post_tag","embeddable":true,"href":"https:\/\/www.europesays.com\/fr\/wp-json\/wp\/v2\/tags?post=337880"}],"curies":[{"name":"wp","href":"https:\/\/api.w.org\/{rel}","templated":true}]}}