{"id":337890,"date":"2025-08-23T06:27:15","date_gmt":"2025-08-23T06:27:15","guid":{"rendered":"https:\/\/www.europesays.com\/fr\/337890\/"},"modified":"2025-08-23T06:27:15","modified_gmt":"2025-08-23T06:27:15","slug":"siri-est-tellement-a-la-traine-quapple-demande-encore-laide-dun-concurrent-pour-lia","status":"publish","type":"post","link":"https:\/\/www.europesays.com\/fr\/337890\/","title":{"rendered":"Siri est tellement \u00e0 la tra\u00eene qu&rsquo;Apple demande encore l&rsquo;aide d&rsquo;un concurrent pour l&rsquo;IA"},"content":{"rendered":"<p class=\"ed__a-p ed__bdy__l\">Pour rappel, Apple planche depuis tr\u00e8s longtemps sur Siri boost\u00e9 \u00e0 l&rsquo;IA. Malheureusement, Apple Intelligence n&rsquo;a pas r\u00e9pondu aux promesses et certains consommateurs <a href=\"https:\/\/www.lesnumeriques.com\/intelligence-artificielle\/publicite-mensongere-a-cause-d-apple-intelligence-une-plainte-est-deposee-contre-l-entreprise-n234504.html\" title=\"&quot;Publicit\u00e9 mensong\u00e8re&quot; : \u00e0 cause d&#039;Apple Intelligence, une plainte est d\u00e9pos\u00e9e contre l&#039;entreprise\" rel=\"nofollow noopener\" target=\"_blank\">se sont m\u00eame retourn\u00e9s contre Apple pour \u00ab\u00a0fausses promesses\u00a0\u00bb.<\/a><\/p>\n<p>            Publicit\u00e9, votre contenu continue ci-dessous<\/p>\n<p>        Publicit\u00e9<\/p>\n<p>Gemini pourrait alimenter Siri boost\u00e9 \u00e0 l&rsquo;IA<\/p>\n<p class=\"ed__a-p ed__bdy__l\">La collaboration entre Google et Apple s&rsquo;ajoute aux <a href=\"https:\/\/www.lesnumeriques.com\/telephone-portable\/apple-integrerait-pleinement-chatgpt-a-l-iphone-pour-booster-siri-n238998.html\" title=\"Apple int\u00e9grerait pleinement ChatGPT \u00e0 l\u2019iPhone pour booster Siri\" rel=\"nofollow noopener\" target=\"_blank\">n\u00e9gociations qui ont aussi lieu avec OpenAI<\/a>, \u00e0 qui l&rsquo;on doit <a href=\"https:\/\/www.lesnumeriques.com\/intelligence-artificielle\/j-ai-le-coeur-brise-leur-relation-amoureuse-avec-chatgpt-a-pris-fin-brutalement-a-cause-de-gpt-5-n241355.html\" title=\"&quot;J&#039;ai le c\u0153ur bris\u00e9&quot; : leur relation amoureuse avec ChatGPT a pris fin brutalement \u00e0 cause de GPT-5\" rel=\"nofollow noopener\" target=\"_blank\">ChatGPT<\/a>, et Anthropic qui d\u00e9veloppe Claude. Selon Bloomberg, l&rsquo;entreprise californienne planche en m\u00eame temps sur deux versions de son assistant vocal : \u00ab\u00a0Linwood\u00a0\u00bb, aliment\u00e9 par ses propres mod\u00e8les et \u00ab\u00a0Glenwood\u00a0\u00bb qui utilise des mod\u00e8les externes. Pour le moment, Apple n&rsquo;aurait pas encore tranch\u00e9.<\/p>\n<p class=\"ed__a-p ed__bdy__l\">La firme de Cupertino pourrait tr\u00e8s bien s&rsquo;en tenir \u00e0 une technologie propri\u00e9taire mais le fait qu&rsquo;elle discute avec la concurrence montre qu&rsquo;Apple Intelligence rame toujours un an apr\u00e8s son lancement. Surtout lorsque l&rsquo;on sait que la philosophie d&rsquo;Apple tourne justement autour de ses technologies propri\u00e9taires et de son \u00e9cosyst\u00e8me tr\u00e8s ferm\u00e9.<\/p>\n<p class=\"ed__a-p ed__bdy__l\">Collaborer avec des concurrents irait \u00e0 l&rsquo;encontre de cette philosophie, m\u00eame si la soci\u00e9t\u00e9 se fournit tout de m\u00eame chez Samsung pour les \u00e9crans de ses iPhone. Mais la soci\u00e9t\u00e9 cherche \u00e0 s&rsquo;\u00e9manciper au maximum.<\/p>\n<p class=\"ed__a-p ed__bdy__l\">Si Apple Intelligence propose bien des fonctionnalit\u00e9s IA depuis iOS 18, Siri boost\u00e9 \u00e0 l&rsquo;IA n&rsquo;est toujours pas disponible. Apple avait promis un assistant capable d&rsquo;interagir avec les applications et une personnalisation \u00e0 partir des donn\u00e9es personnelles de l&rsquo;utilisateur. En mars dernier, Apple a enfin avou\u00e9 que Siri est en retard <a href=\"https:\/\/www.lesnumeriques.com\/telephone-portable\/ios-26-pas-de-siri-booste-a-l-ia-avant-2026-confirme-apple-n238058.html\" title=\"iOS 26 : pas de Siri boost\u00e9 \u00e0 l\u2019IA avant 2026, confirme Apple\" rel=\"nofollow noopener\" target=\"_blank\">avec un report en 2026<\/a>, sans doute lanc\u00e9 apr\u00e8s la pr\u00e9sentation d&rsquo;<a href=\"https:\/\/www.lesnumeriques.com\/telephone-portable\/ios-18-6-2-installez-vite-cette-mise-a-jour-d-apple-sur-votre-iphone-avant-l-arrivee-d-ios-26-n241263.html\" title=\"iOS 18.6.2 : installez vite cette mise \u00e0 jour d\u2019Apple sur votre iPhone avant l\u2019arriv\u00e9e d\u2019iOS 26\" rel=\"nofollow noopener\" target=\"_blank\">iOS 26<\/a> et de l&rsquo;<a href=\"https:\/\/www.lesnumeriques.com\/mobilite-c17\/iphone-17-une-fuite-annonce-la-fin-du-modele-plus-chez-apple-et-l-arrivee-d-une-nouvelle-gamme-n240891.html\" title=\"Vous pensiez conna\u00eetre l\u2019iPhone 17 ? Voici pourquoi le nouveau mod\u00e8le Air va surprendre tout le monde\" rel=\"nofollow noopener\" target=\"_blank\">iPhone 17<\/a>.<\/p>\n<p class=\"ed__a-p ed__bdy__l\">Gemini est donc un excellent choix puisque l&rsquo;IA offre de belles capacit\u00e9s sur les appareils compatibles comme la gamme Pixel de Google. L&rsquo;IA pourrait accomplir des t\u00e2ches similaires sur iOS en \u00e9tant adapt\u00e9e au syst\u00e8me d&rsquo;exploitation d&rsquo;Apple. Il faudrait aussi que l&rsquo;entreprise ajoute sa fameuse couche de s\u00e9curit\u00e9 en s&rsquo;appuyant sur le mat\u00e9riel et les serveurs d&rsquo;Apple, appel\u00e9s \u00ab\u00a0Private Cloud Compute\u00a0\u00bb.<\/p>\n<p class=\"ed__a-p ed__bdy__l\">Apple pr\u00e9voyait d&rsquo;abord de proposer Gemini comme alternative \u00e0 ChatGPT dans Apple Intelligence mais finalement, rien n&rsquo;a \u00e9t\u00e9 fait. Si Apple alimente certaines fonctionnalit\u00e9s IA avec Gemini, il s&rsquo;agirait d&rsquo;une strat\u00e9gie similaire \u00e0 Samsung dont Galaxy AI s&rsquo;appuie sur un m\u00e9lange de mod\u00e8les personnalis\u00e9s et ceux de Google.<\/p>\n","protected":false},"excerpt":{"rendered":"Pour rappel, Apple planche depuis tr\u00e8s longtemps sur Siri boost\u00e9 \u00e0 l&rsquo;IA. Malheureusement, Apple Intelligence n&rsquo;a pas r\u00e9pondu&hellip;\n","protected":false},"author":2,"featured_media":337891,"comment_status":"","ping_status":"","sticky":false,"template":"","format":"standard","meta":{"footnotes":""},"categories":[7],"tags":[1011,27,43,40,41,39,42,44],"class_list":{"0":"post-337890","1":"post","2":"type-post","3":"status-publish","4":"format-standard","5":"has-post-thumbnail","7":"category-sciences-et-technologies","8":"tag-fr","9":"tag-france","10":"tag-science","11":"tag-science-and-technology","12":"tag-sciences","13":"tag-sciences-et-technologies","14":"tag-technologies","15":"tag-technology"},"share_on_mastodon":{"url":"https:\/\/pubeurope.com\/@fr\/115076664188659938","error":""},"_links":{"self":[{"href":"https:\/\/www.europesays.com\/fr\/wp-json\/wp\/v2\/posts\/337890","targetHints":{"allow":["GET"]}}],"collection":[{"href":"https:\/\/www.europesays.com\/fr\/wp-json\/wp\/v2\/posts"}],"about":[{"href":"https:\/\/www.europesays.com\/fr\/wp-json\/wp\/v2\/types\/post"}],"author":[{"embeddable":true,"href":"https:\/\/www.europesays.com\/fr\/wp-json\/wp\/v2\/users\/2"}],"replies":[{"embeddable":true,"href":"https:\/\/www.europesays.com\/fr\/wp-json\/wp\/v2\/comments?post=337890"}],"version-history":[{"count":0,"href":"https:\/\/www.europesays.com\/fr\/wp-json\/wp\/v2\/posts\/337890\/revisions"}],"wp:featuredmedia":[{"embeddable":true,"href":"https:\/\/www.europesays.com\/fr\/wp-json\/wp\/v2\/media\/337891"}],"wp:attachment":[{"href":"https:\/\/www.europesays.com\/fr\/wp-json\/wp\/v2\/media?parent=337890"}],"wp:term":[{"taxonomy":"category","embeddable":true,"href":"https:\/\/www.europesays.com\/fr\/wp-json\/wp\/v2\/categories?post=337890"},{"taxonomy":"post_tag","embeddable":true,"href":"https:\/\/www.europesays.com\/fr\/wp-json\/wp\/v2\/tags?post=337890"}],"curies":[{"name":"wp","href":"https:\/\/api.w.org\/{rel}","templated":true}]}}