{"id":337892,"date":"2025-08-23T06:28:19","date_gmt":"2025-08-23T06:28:19","guid":{"rendered":"https:\/\/www.europesays.com\/fr\/337892\/"},"modified":"2025-08-23T06:28:19","modified_gmt":"2025-08-23T06:28:19","slug":"ils-expliquent-cette-strategie-inattendue-pour-preserver-sa-pension-de-retraite-meme-sans-emploi","status":"publish","type":"post","link":"https:\/\/www.europesays.com\/fr\/337892\/","title":{"rendered":"Ils expliquent : cette strat\u00e9gie inattendue pour pr\u00e9server sa pension de retraite m\u00eame sans emploi"},"content":{"rendered":"<p>Qui n&rsquo;a jamais eu un petit frisson en consultant son relev\u00e9 de carri\u00e8re et en d\u00e9couvrant quelques trous dans sa trajectoire professionnelle ? M\u00eame sans carri\u00e8re lin\u00e9aire, il existe aujourd&rsquo;hui une solution \u00e0 la fois m\u00e9connue et particuli\u00e8rement efficace pour pr\u00e9server sa future pension de retraite. Plus besoin de c\u00e9der \u00e0 l&rsquo;angoisse des cases vides : cette strat\u00e9gie inattendue pourrait bien changer la donne pour des milliers de Fran\u00e7ais. O\u00f9 se cache donc ce filet de s\u00e9curit\u00e9 capable de gommer les ann\u00e9es sans emploi ? Et quelles sont les conditions pour y acc\u00e9der sans se perdre dans des d\u00e9marches administratives complexes ? Plongeons dans les arcanes de la retraite, et d\u00e9couvrons comment cette solution pourrait donner un <strong>second souffle<\/strong> \u00e0 votre fin de carri\u00e8re.<\/p>\n<p>Mieux comprendre sa retraite : quand les trimestres manquent \u00e0 l&rsquo;appel<\/p>\n<p>Dans l&rsquo;imaginaire collectif, la retraite se construit sagement au fil des ann\u00e9es, chaque trimestre s&rsquo;additionnant comme les perles d&rsquo;un collier. Mais en r\u00e9alit\u00e9, la plupart des Fran\u00e7ais voient leur parcours ponctu\u00e9 de pauses : <strong>ch\u00f4mage, temps partiel, ou changement de cap<\/strong>. Et l\u00e0, le nombre de trimestres valid\u00e9s perd de sa superbe\u2026<\/p>\n<p> Pourquoi chaque trimestre compte dans le calcul de la pension<\/p>\n<p>En France, le montant de la pension d\u00e9pend du nombre de <strong>trimestres valid\u00e9s<\/strong>, mais aussi du salaire de r\u00e9f\u00e9rence. Manquer un trimestre, c&rsquo;est risquer de voir baisser sa pension mensuelle ou, pire encore, de devoir travailler plus longtemps. Chaque ann\u00e9e, il n&rsquo;est possible de valider que <strong>quatre trimestres<\/strong>. En 2025, il faut avoir cotis\u00e9 sur un revenu d&rsquo;au moins <strong>1 782 \u20ac<\/strong> par trimestre pour que celui-ci soit pris en compte dans le calcul de la retraite.<\/p>\n<p> Qui sont les plus expos\u00e9s au risque de \u00ab\u00a0trous\u00a0\u00bb dans leur carri\u00e8re ?<\/p>\n<p>Certaines situations exposent davantage au risque de carence dans la validation des trimestres. On pense notamment :<\/p>\n<ul>\n<li>Aux personnes sans activit\u00e9 professionnelle (p\u00e9riode de <strong>ch\u00f4mage<\/strong>, cong\u00e9 parental\u2026)<\/li>\n<li>Aux <strong>ind\u00e9pendants<\/strong> ou auto-entrepreneurs avec une ann\u00e9e au chiffre d&rsquo;affaires r\u00e9duit<\/li>\n<li>Aux <strong>expatri\u00e9s<\/strong> qui restent longtemps hors du syst\u00e8me fran\u00e7ais<\/li>\n<\/ul>\n<p>R\u00e9sultat : au moment de l&rsquo;estimation de la future pension, la prise de conscience peut \u00eatre rude pour ceux qui n&rsquo;ont pas accumul\u00e9 suffisamment de trimestres.<\/p>\n<p>Le pari m\u00e9connu des versements volontaires : comment valider sa retraite sans emploi<\/p>\n<p>Peu connue, la cotisation volontaire de retraite \u2013 \u00e9galement appel\u00e9e <strong>assurance vieillesse volontaire<\/strong> \u2013 permet de combler les p\u00e9riodes blanches au compteur. C&rsquo;est la fameuse strat\u00e9gie inattendue, accessible m\u00eame sans emploi.<\/p>\n<p> D\u00e9crypter le fonctionnement des rachats de trimestres et versements volontaires<\/p>\n<p>Par le biais d&rsquo;un <strong>versement volontaire<\/strong> \u00e0 sa caisse d&rsquo;assurance retraite, tout particulier n&rsquo;exer\u00e7ant plus d&rsquo;activit\u00e9 salari\u00e9e peut continuer de valider des trimestres, m\u00eame sans cotisation automatique via un salaire. En clair : il s&rsquo;agit d&rsquo;une sorte de \u00ab\u00a0rattrapage\u00a0\u00bb o\u00f9 la personne paye elle-m\u00eame les cotisations n\u00e9cessaires pour que l&rsquo;ann\u00e9e soit prise en compte dans le calcul de la retraite. Il est \u00e9galement possible, dans certains cas sp\u00e9cifiques, de <strong>racheter des trimestres<\/strong> pour des ann\u00e9es d\u00e9j\u00e0 pass\u00e9es o\u00f9 aucune cotisation n&rsquo;avait \u00e9t\u00e9 vers\u00e9e.<\/p>\n<p> \u00c0 qui s&rsquo;adresse cette strat\u00e9gie et dans quelles situations est-elle possible ?<\/p>\n<p>Cette strat\u00e9gie vise les personnes qui :<\/p>\n<ul>\n<li>Ne sont plus affili\u00e9es \u00e0 un <strong>r\u00e9gime obligatoire<\/strong> de retraite<\/li>\n<li>Ont \u00e9t\u00e9 affili\u00e9es au r\u00e9gime g\u00e9n\u00e9ral (CNAV) au moins 6 mois (ou 5 ans \u00e0 l&rsquo;\u00e9tranger)<\/li>\n<\/ul>\n<p>Il est donc possible de souscrire volontairement \u00e0 l&rsquo;assurance vieillesse de sa caisse de retraite jusqu&rsquo;\u00e0 <strong>six mois<\/strong> apr\u00e8s avoir quitt\u00e9 son dernier emploi. Cette option concerne aussi bien l&rsquo;ancien salari\u00e9 en pause professionnelle que l&rsquo;expatri\u00e9 revenu d&rsquo;un long s\u00e9jour \u00e0 l&rsquo;\u00e9tranger, ou l&rsquo;ind\u00e9pendant en arr\u00eat temporaire d&rsquo;activit\u00e9.<\/p>\n<p>Mode d&#8217;emploi : passer \u00e0 l&rsquo;action pour pr\u00e9server ses droits \u00e0 la retraite<\/p>\n<p>Lancer une d\u00e9marche de versement volontaire n&rsquo;est pas r\u00e9serv\u00e9 aux initi\u00e9s de la paperasse administrative. Voici le mode d&#8217;emploi pour que la d\u00e9marche soit fluide et <strong>efficace<\/strong>.<\/p>\n<p> Les \u00e9tapes concr\u00e8tes pour effectuer un versement volontaire<\/p>\n<ul>\n<li>Prendre contact avec la <strong>caisse d&rsquo;assurance retraite<\/strong> de votre r\u00e9gion (via info-retraite.fr, par exemple)<\/li>\n<li>Remplir le dossier de demande d&rsquo;affiliation \u00e0 l&rsquo;assurance volontaire vieillesse<\/li>\n<li>Justifier sa situation et ses pr\u00e9c\u00e9dentes affiliations (attestations, bulletins\u2026)<\/li>\n<li>Une fois la demande accept\u00e9e, s&rsquo;acquitter chaque ann\u00e9e du montant minimum pour valider jusqu&rsquo;\u00e0 4 trimestres<\/li>\n<\/ul>\n<p>En 2025, la base de calcul s&rsquo;effectue sur la derni\u00e8re r\u00e9mun\u00e9ration annuelle connue, l&rsquo;organisme appliquant alors un tarif \u00ab\u00a0forfaitaire\u00a0\u00bb. Il suffit alors de r\u00e9gler la <strong>cotisation correspondante<\/strong> pour s&rsquo;assurer que les trimestres sont bien pris en compte.<\/p>\n<p> Les pi\u00e8ges \u00e0 \u00e9viter et les erreurs fr\u00e9quentes qui peuvent co\u00fbter cher<\/p>\n<p>Attention cependant aux fausses bonnes id\u00e9es : il est <strong>impossible de valider plus de 4 trimestres par an<\/strong>, m\u00eame en y mettant le prix. Il faut aussi veiller \u00e0 ne pas laisser passer les d\u00e9lais : la demande doit absolument \u00eatre d\u00e9pos\u00e9e dans les six mois suivant la fin de l&rsquo;affiliation obligatoire. Sinon, rideau ! Enfin, il est indispensable de bien v\u00e9rifier que la caisse de retraite comp\u00e9tente a bien valid\u00e9 chaque trimestre achet\u00e9, sous peine de d\u00e9couvrir trop tard que la d\u00e9marche n&rsquo;a pas produit les effets escompt\u00e9s.<\/p>\n<p> Quels b\u00e9n\u00e9fices en attendre ? Projection chiffr\u00e9e<\/p>\n<p>La tentation de temporiser face \u00e0 cette d\u00e9marche est grande. Pourtant, ceux qui sautent le pas en r\u00e9coltent souvent les fruits au moment du d\u00e9part : pension \u00e0 <a href=\"https:\/\/journaldesseniors.20minutes.fr\/retraite\/retraite-avant-taux-plein-augmentation-pension-semptembre-2024\/\" target=\"_blank\" rel=\"noopener\">taux plein<\/a>, trimestres valid\u00e9s, et s\u00e9r\u00e9nit\u00e9 retrouv\u00e9e face \u00e0 l&rsquo;avenir.<\/p>\n<p> L&rsquo;impact concret sur la pension de retraite<\/p>\n<p>Opter pour cette solution permet de maintenir la continuit\u00e9 de ses droits. Gr\u00e2ce \u00e0 la validation volontaire des trimestres, il devient possible d&rsquo;atteindre le nombre requis pour \u00e9viter une d\u00e9cote sur sa pension, ou encore de combler un manque et ouvrir droit \u00e0 la retraite \u00e0 <strong>taux plein<\/strong>. Cette d\u00e9marche offre une v\u00e9ritable libert\u00e9 en permettant de pr\u00e9server ses droits malgr\u00e9 les interruptions de carri\u00e8re.<\/p>\n<p>Combien \u00e7a co\u00fbte, combien \u00e7a rapporte : simulations et cas pratiques<\/p>\n<p>Le co\u00fbt varie en fonction de la r\u00e9mun\u00e9ration de r\u00e9f\u00e9rence. Pour 2025, racheter un trimestre n\u00e9cessite une cotisation minimum bas\u00e9e sur le forfait de <strong>1 782 \u20ac<\/strong>. Cela signifie :<\/p>\n<tr>\nNombre de trimestres souhait\u00e9s<br \/>\nMontant minimum \u00e0 verser<br \/>\n<\/tr>\n<tr>\n<td>1 trimestre<\/td>\n<td>1 782 \u20ac<\/td>\n<\/tr>\n<tr>\n<td>2 trimestres<\/td>\n<td>3 564 \u20ac<\/td>\n<\/tr>\n<tr>\n<td>3 trimestres<\/td>\n<td>5 346 \u20ac<\/td>\n<\/tr>\n<tr>\n<td>4 trimestres<\/td>\n<td>7 128 \u20ac<\/td>\n<\/tr>\n<p>Cette d\u00e9pense peut sembler importante mais, ramen\u00e9e au montant de la pension annuelle gagn\u00e9e (souvent <strong>plusieurs centaines, voire milliers d&rsquo;euros suppl\u00e9mentaires<\/strong> chaque ann\u00e9e), elle appara\u00eet comme un investissement tr\u00e8s rentable \u00e0 moyen terme.<\/p>\n<p>Prendre la main sur sa retraite : points \u00e0 retenir et conseils avant de se lancer<\/p>\n<p>Le paysage de la retraite \u00e9volue sans cesse. \u00catre <strong>proactif<\/strong> est aujourd&rsquo;hui la meilleure assurance pour p\u00e9renniser son avenir, notamment lorsque le parcours professionnel comporte des arr\u00eats ou des bifurcations.<\/p>\n<p> Bien s&rsquo;entourer et comparer les solutions sur le march\u00e9<\/p>\n<p>Avant de foncer t\u00eate baiss\u00e9e, il est conseill\u00e9 de comparer avec d&rsquo;autres options : certains produits d&rsquo;\u00e9pargne retraite (<strong>PER individuel, assurance-vie<\/strong>\u2026) ou dispositifs propres \u00e0 certaines professions peuvent se r\u00e9v\u00e9ler compl\u00e9mentaires. Prendre conseil aupr\u00e8s de sp\u00e9cialistes en retraite est un atout pour d\u00e9fricher le terrain et \u00e9viter tout oubli potentiel.<\/p>\n<p> Les r\u00e9flexes \u00e0 adopter pour s\u00e9curiser sa pension sur le long terme<\/p>\n<ul>\n<li><strong>Simuler r\u00e9guli\u00e8rement ses droits<\/strong> sur info-retraite.fr ou aupr\u00e8s de sa caisse de retraite<\/li>\n<li><strong>Anticiper<\/strong> les \u00e9ventuelles p\u00e9riodes creuses et les possibilit\u00e9s de rachat ou de versement volontaire<\/li>\n<li>Ne pas h\u00e9siter \u00e0 conserver tous ses justificatifs professionnels pour acc\u00e9l\u00e9rer les d\u00e9marches<\/li>\n<\/ul>\n<p>La retraite, ce n&rsquo;est pas qu&rsquo;une affaire de chiffres : c&rsquo;est aussi celle du confort et de la <strong>tranquillit\u00e9 d&rsquo;esprit<\/strong>.<\/p>\n<p>Adopter la strat\u00e9gie du versement volontaire, c&rsquo;est refuser de subir les al\u00e9as d&rsquo;un parcours professionnel non lin\u00e9aire. Cette option permet de combler les \u00e9ventuels trous dans la carri\u00e8re et, surtout, de prendre en main sa future pension. En envisageant chaque possibilit\u00e9, m\u00eame celles qui semblent complexes ou m\u00e9connues, il devient possible de transformer une p\u00e9riode d&rsquo;incertitude en v\u00e9ritable opportunit\u00e9. En anticipant d\u00e8s aujourd&rsquo;hui, vous vous offrez la perspective d&rsquo;une retraite sereine et \u00e0 la hauteur de vos attentes.<\/p>\n","protected":false},"excerpt":{"rendered":"Qui n&rsquo;a jamais eu un petit frisson en consultant son relev\u00e9 de carri\u00e8re et en d\u00e9couvrant quelques trous&hellip;\n","protected":false},"author":2,"featured_media":337893,"comment_status":"","ping_status":"","sticky":false,"template":"","format":"standard","meta":{"footnotes":""},"categories":[6],"tags":[35,33,34,1011,27,56],"class_list":{"0":"post-337892","1":"post","2":"type-post","3":"status-publish","4":"format-standard","5":"has-post-thumbnail","7":"category-economie","8":"tag-business","9":"tag-economie","10":"tag-economy","11":"tag-fr","12":"tag-france","13":"tag-push"},"share_on_mastodon":{"url":"https:\/\/pubeurope.com\/@fr\/115076668197266087","error":""},"_links":{"self":[{"href":"https:\/\/www.europesays.com\/fr\/wp-json\/wp\/v2\/posts\/337892","targetHints":{"allow":["GET"]}}],"collection":[{"href":"https:\/\/www.europesays.com\/fr\/wp-json\/wp\/v2\/posts"}],"about":[{"href":"https:\/\/www.europesays.com\/fr\/wp-json\/wp\/v2\/types\/post"}],"author":[{"embeddable":true,"href":"https:\/\/www.europesays.com\/fr\/wp-json\/wp\/v2\/users\/2"}],"replies":[{"embeddable":true,"href":"https:\/\/www.europesays.com\/fr\/wp-json\/wp\/v2\/comments?post=337892"}],"version-history":[{"count":0,"href":"https:\/\/www.europesays.com\/fr\/wp-json\/wp\/v2\/posts\/337892\/revisions"}],"wp:featuredmedia":[{"embeddable":true,"href":"https:\/\/www.europesays.com\/fr\/wp-json\/wp\/v2\/media\/337893"}],"wp:attachment":[{"href":"https:\/\/www.europesays.com\/fr\/wp-json\/wp\/v2\/media?parent=337892"}],"wp:term":[{"taxonomy":"category","embeddable":true,"href":"https:\/\/www.europesays.com\/fr\/wp-json\/wp\/v2\/categories?post=337892"},{"taxonomy":"post_tag","embeddable":true,"href":"https:\/\/www.europesays.com\/fr\/wp-json\/wp\/v2\/tags?post=337892"}],"curies":[{"name":"wp","href":"https:\/\/api.w.org\/{rel}","templated":true}]}}