{"id":337894,"date":"2025-08-23T06:29:44","date_gmt":"2025-08-23T06:29:44","guid":{"rendered":"https:\/\/www.europesays.com\/fr\/337894\/"},"modified":"2025-08-23T06:29:44","modified_gmt":"2025-08-23T06:29:44","slug":"la-demande-de-liberation-conditionnelle-des-freres-menendez-rejetee-en-commission-judiciaire","status":"publish","type":"post","link":"https:\/\/www.europesays.com\/fr\/337894\/","title":{"rendered":"La demande de lib\u00e9ration conditionnelle des fr\u00e8res Menendez rejet\u00e9e en commission judiciaire"},"content":{"rendered":"<p>Une commission judiciaire am\u00e9ricaine a refus\u00e9, ce vendredi 22 ao\u00fbt, la lib\u00e9ration conditionnelle de Lyle Menendez, c\u00e9l\u00e8bre aux Etats-Unis pour avoir avec son fr\u00e8re Erik tu\u00e9 leurs richissimes parents.<\/p>\n<p>Malgr\u00e9 leurs efforts de r\u00e9habilitation, <a href=\"https:\/\/www.bfmtv.com\/international\/amerique-nord\/etats-unis\/nous-voila-35-ans-apres-a-reparler-d-eux-la-dessinatrice-aux-proces-des-freres-menendez-raconte-ses-souvenirs_AN-202505140551.html\" title=\"&quot;Nous voil\u00e0 35 ans apr\u00e8s \u00e0 reparler d&#039;eux&quot;: la dessinatrice aux proc\u00e8s des fr\u00e8res Menendez raconte ses souvenirs\" class=\"internal_link\" rel=\"nofollow noopener\" target=\"_blank\">les fr\u00e8res Menendez<\/a> doivent rester en prison, a estim\u00e9 vendredi une commission judiciaire am\u00e9ricaine, en refusant enti\u00e8rement la demande de lib\u00e9ration conditionnelle des deux d\u00e9tenus, c\u00e9l\u00e8bres aux Etats-Unis pour avoir tu\u00e9 leurs richissimes parents en 1989.<\/p>\n<p>Comme pour <a href=\"https:\/\/www.bfmtv.com\/international\/amerique-nord\/etats-unis\/la-demande-de-liberation-conditionnelle-d-erik-menendez-rejetee-celle-de-son-frere-lyle-examinee-vendredi_AD-202508220087.html\" title=\"La demande de lib\u00e9ration conditionnelle d&#039;Erik Menendez rejet\u00e9e, celle de son fr\u00e8re Lyle examin\u00e9e vendredi\" class=\"internal_link\" rel=\"nofollow noopener\" target=\"_blank\">Erik<\/a> la veille, la commission du D\u00e9partement des services correctionnels et de r\u00e9insertion de Californie a refus\u00e9 la demande de lib\u00e9ration conditionnelle de Lyle. Ils pourront demander un r\u00e9examen de leur cas dans trois ans, selon un communiqu\u00e9.<\/p>\n<p>Initialement condamn\u00e9s \u00e0 la perp\u00e9tuit\u00e9 pour avoir tu\u00e9 leurs parents avec des fusils \u00e0 pompe dans leur luxueuse villa familiale de Beverly Hills, les fr\u00e8res Menendez comptent parmi les d\u00e9tenus les plus m\u00e9diatis\u00e9s d&rsquo;Am\u00e9rique.<\/p>\n<p>Leur proc\u00e8s au d\u00e9but des ann\u00e9es 90 a \u00e9t\u00e9 l&rsquo;un des premiers retransmis \u00e0 la t\u00e9l\u00e9vision et leur histoire est revenue dans la lumi\u00e8re gr\u00e2ce \u00e0 une s\u00e9rie ainsi qu&rsquo;un documentaire de Netflix l&rsquo;an dernier.<\/p>\n<p>Les violences sexuelles dont ils accusent leur p\u00e8re ont \u00e9t\u00e9 vues sous un nouveau jour ces derni\u00e8res ann\u00e9es, apr\u00e8s l&rsquo;\u00e9closion du mouvement #MeToo. Plus de 35 ans apr\u00e8s les meurtres, un mouvement r\u00e9clamant leur lib\u00e9ration a pris forme en ligne, soutenu par leur famille et certaines c\u00e9l\u00e9brit\u00e9s comme Kim Kardashian. En mai, un juge a r\u00e9duit leur peine, ce qui les rendait \u00e9ligibles \u00e0 une sortie de prison.<\/p>\n<p>\u00ab\u00a0Inqui\u00e9tant\u00a0\u00bb<\/p>\n<p>Mais la commission a douch\u00e9 ces espoirs et jug\u00e9 que les deux fr\u00e8res posaient toujours un risque pour la soci\u00e9t\u00e9.<\/p>\n<p>\u00ab\u00a0Contrairement \u00e0 ce que croient vos partisans, vous n&rsquo;avez pas \u00e9t\u00e9 un prisonnier mod\u00e8le, et franchement, nous trouvons cela un peu inqui\u00e9tant\u00a0\u00bb, avait r\u00e9sum\u00e9 jeudi Robert Barton, l&rsquo;un des deux membres du panel, en \u00e9voquant le cas d&rsquo;Erik.<\/p>\n<p>Il a notamment point\u00e9 sa consommation de drogue et d&rsquo;alcool derri\u00e8re les barreaux jusqu&rsquo;en 2013, son usage de t\u00e9l\u00e9phones portables de contrebande et des accusations selon lesquelles il aurait rendu service \u00e0 un gang de sa prison il y a une dizaine d&rsquo;ann\u00e9es.<\/p>\n<p>L&rsquo;ambivalence des deux fr\u00e8res \u00e9tait d\u00e9j\u00e0 au centre de leurs deux proc\u00e8s dans les ann\u00e9es 90. A l&rsquo;\u00e9poque, le parquet avait accus\u00e9 les deux jeunes hommes, \u00e2g\u00e9s de 18 et 21 ans au moment des meurtres, d&rsquo;avoir assassin\u00e9 leurs parents pour h\u00e9riter de leur fortune de 14 millions de dollars.<\/p>\n<p>Arm\u00e9s de fusils \u00e0 pompe, ils ont tir\u00e9 cinq fois sur leur p\u00e8re Jos\u00e9 Menendez, notamment dans les rotules. Leur m\u00e8re, Kitty Menendez, est morte en rampant pour tenter de leur \u00e9chapper.<\/p>\n<p>Les fr\u00e8res ont d&rsquo;abord attribu\u00e9 les meurtres \u00e0 un coup de la mafia, avant de changer leur version plusieurs fois. Les enqu\u00eateurs ont finalement mis la main sur l&rsquo;enregistrement d&rsquo;une s\u00e9ance de psychoth\u00e9rapie, au cours de laquelle Erik a avou\u00e9 le meurtre.<\/p>\n<p>Devant le tribunal, leurs avocats avaient invoqu\u00e9 une tentative d\u00e9sesp\u00e9r\u00e9e d&rsquo;autod\u00e9fense, en affirmant que les deux fr\u00e8res avaient \u00e9t\u00e9 agress\u00e9s sexuellement pendant des ann\u00e9es par leur p\u00e8re et que leur m\u00e8re \u00e9tait au courant.<\/p>\n<p>Des autres recours<\/p>\n<p>Jeudi soir, le procureur de Los Angeles, Nathan Hochman, avait salu\u00e9 le maintien en prison d&rsquo;Erik, une d\u00e9cision qui \u00ab\u00a0rend justice \u00e0 Jose et Kitty Menendez\u00a0\u00bb.<\/p>\n<p>\u00ab\u00a0Pendant plus de trois d\u00e9cennies, Erik et Lyle Menendez ont avanc\u00e9 un faux argument de l\u00e9gitime d\u00e9fense\u00a0\u00bb, a-t-il estim\u00e9, en applaudissant la commission \u00ab\u00a0qui n&rsquo;a pas c\u00e9d\u00e9 \u00e0 la pression ou vers\u00e9 dans le spectacle public\u00a0\u00bb, malgr\u00e9 la m\u00e9diatisation de l&rsquo;affaire.<\/p>\n<p>Un avis favorable de la commission \u00e9tait consid\u00e9r\u00e9 comme la meilleure chance des fr\u00e8res Menendez de sortir de prison. Mais ce rejet n&rsquo;\u00e9puise pas pour autant tous leurs recours.<\/p>\n<p>Le gouverneur de Californie, Gavin Newsom, peut encore commuer leur peine. Leur d\u00e9fense tente \u00e9galement d&rsquo;obtenir un nouveau proc\u00e8s, en invoquant la d\u00e9couverte de nouveaux \u00e9l\u00e9ments ces derni\u00e8res ann\u00e9es : une ancienne lettre o\u00f9 Erik \u00e9voque les agressions sexuelles de son p\u00e8re \u00e0 un cousin avant le meurtre, et le t\u00e9moignage d&rsquo;un ex-chanteur de boys band latino, qui explique avoir \u00e9t\u00e9 drogu\u00e9 et viol\u00e9 par Jose Menendez dans les ann\u00e9es 1980.<\/p>\n","protected":false},"excerpt":{"rendered":"Une commission judiciaire am\u00e9ricaine a refus\u00e9, ce vendredi 22 ao\u00fbt, la lib\u00e9ration conditionnelle de Lyle Menendez, c\u00e9l\u00e8bre aux&hellip;\n","protected":false},"author":2,"featured_media":337895,"comment_status":"","ping_status":"","sticky":false,"template":"","format":"standard","meta":{"footnotes":""},"categories":[5],"tags":[11,1011,27,14,12,28],"class_list":{"0":"post-337894","1":"post","2":"type-post","3":"status-publish","4":"format-standard","5":"has-post-thumbnail","7":"category-international","8":"tag-actualites","9":"tag-fr","10":"tag-france","11":"tag-international","12":"tag-news","13":"tag-world"},"share_on_mastodon":{"url":"https:\/\/pubeurope.com\/@fr\/115076671949731113","error":""},"_links":{"self":[{"href":"https:\/\/www.europesays.com\/fr\/wp-json\/wp\/v2\/posts\/337894","targetHints":{"allow":["GET"]}}],"collection":[{"href":"https:\/\/www.europesays.com\/fr\/wp-json\/wp\/v2\/posts"}],"about":[{"href":"https:\/\/www.europesays.com\/fr\/wp-json\/wp\/v2\/types\/post"}],"author":[{"embeddable":true,"href":"https:\/\/www.europesays.com\/fr\/wp-json\/wp\/v2\/users\/2"}],"replies":[{"embeddable":true,"href":"https:\/\/www.europesays.com\/fr\/wp-json\/wp\/v2\/comments?post=337894"}],"version-history":[{"count":0,"href":"https:\/\/www.europesays.com\/fr\/wp-json\/wp\/v2\/posts\/337894\/revisions"}],"wp:featuredmedia":[{"embeddable":true,"href":"https:\/\/www.europesays.com\/fr\/wp-json\/wp\/v2\/media\/337895"}],"wp:attachment":[{"href":"https:\/\/www.europesays.com\/fr\/wp-json\/wp\/v2\/media?parent=337894"}],"wp:term":[{"taxonomy":"category","embeddable":true,"href":"https:\/\/www.europesays.com\/fr\/wp-json\/wp\/v2\/categories?post=337894"},{"taxonomy":"post_tag","embeddable":true,"href":"https:\/\/www.europesays.com\/fr\/wp-json\/wp\/v2\/tags?post=337894"}],"curies":[{"name":"wp","href":"https:\/\/api.w.org\/{rel}","templated":true}]}}