{"id":337896,"date":"2025-08-23T06:31:20","date_gmt":"2025-08-23T06:31:20","guid":{"rendered":"https:\/\/www.europesays.com\/fr\/337896\/"},"modified":"2025-08-23T06:31:20","modified_gmt":"2025-08-23T06:31:20","slug":"suppressions-de-jours-feries-quel-risque-pour-votre-portefeuille-et-votre-equilibre-budgetaire","status":"publish","type":"post","link":"https:\/\/www.europesays.com\/fr\/337896\/","title":{"rendered":"Suppressions de jours f\u00e9ri\u00e9s : quel risque pour votre portefeuille et votre \u00e9quilibre budg\u00e9taire ?"},"content":{"rendered":"<p>Un lundi de P\u00e2ques qui ressemble \u00e0 n&rsquo;importe quel lundi ? Un 8-Mai sans comm\u00e9moration ni weekend prolong\u00e9 ? L&rsquo;annonce a fait l&rsquo;effet d&rsquo;un coup de tonnerre dans un pays o\u00f9 les jours f\u00e9ri\u00e9s sont per\u00e7us comme des petits tr\u00e9sors, jalonnant l&rsquo;ann\u00e9e de parenth\u00e8ses bienvenues. Mais derri\u00e8re le d\u00e9bat passionn\u00e9, une question concr\u00e8te se pose : la suppression de deux jours f\u00e9ri\u00e9s menace-t-elle r\u00e9ellement l&rsquo;\u00e9quilibre budg\u00e9taire des foyers fran\u00e7ais ? Le sujet interpelle, car il ne s&rsquo;agit pas seulement de sentiment ou de tradition, mais bien de <strong>chiffres<\/strong>, d&rsquo;habitudes et de pouvoir d&rsquo;achat.<\/p>\n<p>Suppression des jours f\u00e9ri\u00e9s : ce que le gouvernement pr\u00e9pare vraiment<\/p>\n<p>Le secret n&rsquo;en est plus vraiment un : pour atteindre 4,2 milliards d&rsquo;euros d&rsquo;\u00e9conomies d\u00e8s 2026, l&rsquo;id\u00e9e est de retirer deux jours f\u00e9ri\u00e9s du calendrier officiel. Les dates propos\u00e9es n&rsquo;ont rien d&rsquo;anodin. Le <strong>lundi de P\u00e2ques<\/strong> et le <strong>8-Mai<\/strong> figurent parmi les candidats les plus probables. La finalit\u00e9 affich\u00e9e ? Accro\u00eetre la production nationale, booster la comp\u00e9titivit\u00e9, et envoyer un signal fort \u00e0 Bruxelles sur la volont\u00e9 de r\u00e9duire le d\u00e9ficit.<\/p>\n<p>Outre la manne attendue pour les finances publiques, le projet vise \u00e0 rapprocher le nombre de jours ouvr\u00e9s fran\u00e7ais de la moyenne europ\u00e9enne. Il ne s&rsquo;agit donc pas seulement d&rsquo;un <strong>calcul comptable<\/strong>, mais aussi d&rsquo;une r\u00e9forme de soci\u00e9t\u00e9 qui touche \u00e0 l&rsquo;organisation du temps et au mod\u00e8le social.<\/p>\n<p> Impact imm\u00e9diat sur vos revenus et votre vie professionnelle<\/p>\n<p>Une pr\u00e9occupation revient en boucle : faut-il craindre une baisse de salaire ou une modification des droits pour les salari\u00e9s ? Rassurons tout de suite, la majorit\u00e9 des contrats r\u00e9mun\u00e8rent sur la base d&rsquo;un <strong>salaire annualis\u00e9<\/strong>. Cela signifie que le montant mensuel reste le m\u00eame, quelle que soit la suppression ou l&rsquo;ajout de jours ch\u00f4m\u00e9s, les jours f\u00e9ri\u00e9s et les cong\u00e9s pay\u00e9s \u00e9tant d\u00e9j\u00e0 int\u00e9gr\u00e9s dans le calcul.<\/p>\n<p>Pour autant, il n&rsquo;y aura <strong>pas de compensation financi\u00e8re<\/strong> pr\u00e9vue pour les nouvelles heures travaill\u00e9es sur les jours ex-f\u00e9ri\u00e9s. Autrement dit, ces deux jours suppl\u00e9mentaires se traduiront g\u00e9n\u00e9ralement par deux journ\u00e9es de travail en plus dans l&rsquo;ann\u00e9e, sans bonus de salaire ni r\u00e9cup\u00e9ration syst\u00e9matique. Dans certains cas, l&#8217;employeur pourra n\u00e9anmoins proposer de d\u00e9placer ces journ\u00e9es \u00e0 d&rsquo;autres p\u00e9riodes, mais cette flexibilit\u00e9 restera \u00e0 la discr\u00e9tion des entreprises.<\/p>\n<p> Un effet domino sur la gestion de votre budget personnel<\/p>\n<p>Gagner deux journ\u00e9es ouvr\u00e9es n&rsquo;est pas sans cons\u00e9quence pour l&rsquo;organisation familiale et, in fine, le portefeuille. Avec moins de jours ch\u00f4m\u00e9s, les familles devront potentiellement faire appel \u00e0 des <strong>solutions de garde suppl\u00e9mentaires<\/strong> pour les enfants, notamment si les \u00e9tablissements scolaires restent ferm\u00e9s selon l&rsquo;acad\u00e9mie ou la zone g\u00e9ographique. Un poste de d\u00e9pense qui peut rapidement augmenter, surtout lors de p\u00e9riodes comme le lundi de P\u00e2ques souvent synonyme de ponts.<\/p>\n<p>Autre impact, plus insidieux : la diminution relative du temps libre pourrait entra\u00eener une r\u00e9duction des activit\u00e9s r\u00e9cr\u00e9atives ou des courts s\u00e9jours qui profitent traditionnellement des <strong>weekends rallong\u00e9s<\/strong>. R\u00e9sultat, un r\u00e9\u00e9quilibrage des d\u00e9penses o\u00f9 l&rsquo;\u00e9pargne et les loisirs risquent de perdre en priorit\u00e9. Une source de stress budg\u00e9taire pour les adeptes des escapades, m\u00eame de courte dur\u00e9e.<\/p>\n<p> Des cons\u00e9quences inattendues sur la consommation et l&rsquo;activit\u00e9 \u00e9conomique<\/p>\n<p>Sur le papier, ces deux jours travaill\u00e9s en plus visent \u00e0 stimuler la production. Mais le revers de la m\u00e9daille, c&rsquo;est une <strong>fragilisation des secteurs des loisirs et du tourisme<\/strong>, qui comptent sur ces p\u00e9riodes pour enregistrer un pic de fr\u00e9quentation. H\u00f4tels, restaurants, parcs d&rsquo;attractions, mus\u00e9es ou offices de tourisme verront une partie de leur client\u00e8le captive s&rsquo;\u00e9chapper.<\/p>\n<p>Le commerce de proximit\u00e9 pourrait \u00e9galement vaciller. Moins de jours f\u00e9ri\u00e9s signifie aussi moins d&rsquo;occasions pour les particuliers de d\u00e9ambuler en centre-ville, de faire du shopping \u00ab d\u00e9tente \u00bb, ou d&rsquo;organiser des repas familiaux \u00e0 l&rsquo;ext\u00e9rieur. \u00c0 l&rsquo;inverse, certains secteurs pourraient tirer leur \u00e9pingle du jeu, notamment ceux favorisant le <strong>t\u00e9l\u00e9travail<\/strong>, la livraison ou l&rsquo;e-commerce, qui b\u00e9n\u00e9ficient d&rsquo;une activit\u00e9 plus r\u00e9guli\u00e8re tout au long de l&rsquo;ann\u00e9e.<\/p>\n<p> Comment anticiper et adapter votre organisation budg\u00e9taire ?<\/p>\n<p>Face \u00e0 ce chamboulement, quelques r\u00e9flexes permettent de limiter l&rsquo;impact sur le portefeuille. D&rsquo;abord, il convient d&rsquo;<strong>anticiper tout co\u00fbt de garde suppl\u00e9mentaire<\/strong> en comparant les solutions (famille, babysitter, accueil p\u00e9riscolaire). Certains employeurs pourraient proposer des dispositifs de compensation, ou encourager \u00e0 poser des cong\u00e9s, il est donc utile de se renseigner en amont aupr\u00e8s des ressources humaines.<\/p>\n<p>C\u00f4t\u00e9 loisirs, place \u00e0 la cr\u00e9ativit\u00e9 : partager un brunch dominical chez soi au lieu d&rsquo;un restaurant, privil\u00e9gier des <strong>sorties locales<\/strong> accessibles le soir ou les weekends classiques, ou encore recourir aux offres promotionnelles pour s&rsquo;offrir une pause malgr\u00e9 la suppression du weekend prolong\u00e9. Adapter sa fa\u00e7on de consommer constitue \u00e9galement une excellente mani\u00e8re de pr\u00e9server l&rsquo;\u00e9quilibre budg\u00e9taire.<\/p>\n<p>Suppressions de jours f\u00e9ri\u00e9s : quels enjeux pour votre portefeuille \u00e0 long terme ?<\/p>\n<p>Cette refonte du calendrier pr\u00e9sente un bilan en demi-teinte. Si la <strong>perte directe de revenus<\/strong> reste marginale pour les salari\u00e9s mensualis\u00e9s, l&rsquo;impact global p\u00e8se davantage sur les familles et les secteurs tributaires du temps libre collectif. Les risques \u00e0 long terme concernent aussi la qualit\u00e9 de vie et la coh\u00e9sion sociale, des valeurs souvent associ\u00e9es en France \u00e0 ces \u00ab pauses \u00bb communes.<\/p>\n<p>Au-del\u00e0 des aspects purement \u00e9conomiques, cette r\u00e9forme soul\u00e8ve des questions fondamentales sur l&rsquo;\u00e9quilibre entre productivit\u00e9 et bien-\u00eatre. Le d\u00e9fi consistera pour chacun \u00e0 s&rsquo;adapter \u00e0 cette nouvelle organisation du temps tout en pr\u00e9servant son budget, dans un contexte o\u00f9 les r\u00e9percussions d\u00e9passeront largement la simple modification du calendrier familial.<\/p>\n","protected":false},"excerpt":{"rendered":"Un lundi de P\u00e2ques qui ressemble \u00e0 n&rsquo;importe quel lundi ? Un 8-Mai sans comm\u00e9moration ni weekend prolong\u00e9&hellip;\n","protected":false},"author":2,"featured_media":337897,"comment_status":"","ping_status":"","sticky":false,"template":"","format":"standard","meta":{"footnotes":""},"categories":[4],"tags":[11,1011,27,12,56,25],"class_list":{"0":"post-337896","1":"post","2":"type-post","3":"status-publish","4":"format-standard","5":"has-post-thumbnail","7":"category-france","8":"tag-actualites","9":"tag-fr","10":"tag-france","11":"tag-news","12":"tag-push","13":"tag-republique-francaise"},"share_on_mastodon":{"url":"https:\/\/pubeurope.com\/@fr\/115076680005483540","error":""},"_links":{"self":[{"href":"https:\/\/www.europesays.com\/fr\/wp-json\/wp\/v2\/posts\/337896","targetHints":{"allow":["GET"]}}],"collection":[{"href":"https:\/\/www.europesays.com\/fr\/wp-json\/wp\/v2\/posts"}],"about":[{"href":"https:\/\/www.europesays.com\/fr\/wp-json\/wp\/v2\/types\/post"}],"author":[{"embeddable":true,"href":"https:\/\/www.europesays.com\/fr\/wp-json\/wp\/v2\/users\/2"}],"replies":[{"embeddable":true,"href":"https:\/\/www.europesays.com\/fr\/wp-json\/wp\/v2\/comments?post=337896"}],"version-history":[{"count":0,"href":"https:\/\/www.europesays.com\/fr\/wp-json\/wp\/v2\/posts\/337896\/revisions"}],"wp:featuredmedia":[{"embeddable":true,"href":"https:\/\/www.europesays.com\/fr\/wp-json\/wp\/v2\/media\/337897"}],"wp:attachment":[{"href":"https:\/\/www.europesays.com\/fr\/wp-json\/wp\/v2\/media?parent=337896"}],"wp:term":[{"taxonomy":"category","embeddable":true,"href":"https:\/\/www.europesays.com\/fr\/wp-json\/wp\/v2\/categories?post=337896"},{"taxonomy":"post_tag","embeddable":true,"href":"https:\/\/www.europesays.com\/fr\/wp-json\/wp\/v2\/tags?post=337896"}],"curies":[{"name":"wp","href":"https:\/\/api.w.org\/{rel}","templated":true}]}}