{"id":337914,"date":"2025-08-23T06:47:09","date_gmt":"2025-08-23T06:47:09","guid":{"rendered":"https:\/\/www.europesays.com\/fr\/337914\/"},"modified":"2025-08-23T06:47:09","modified_gmt":"2025-08-23T06:47:09","slug":"rouen-des-tirs-a-larme-automatique-visent-une-epicerie-de-la-rive-gauche","status":"publish","type":"post","link":"https:\/\/www.europesays.com\/fr\/337914\/","title":{"rendered":"Rouen\u00a0: des tirs \u00e0 l&rsquo;arme automatique visent une \u00e9picerie de la rive gauche"},"content":{"rendered":"<p>Une \u00e9picerie de nuit a \u00e9t\u00e9 la cible d&rsquo;une rafale d&rsquo;arme automatique, sans faire de bless\u00e9, dans la nuit de ce vendredi 22 au samedi 23 ao\u00fbt.<\/p>\n<p>Aux alentours de 2h du matin, dans la nuit de ce vendredi 22 au samedi 23 ao\u00fbt, une \u00e9picerie a \u00e9t\u00e9 la cible d&rsquo;une rafale d&rsquo;arme automatique, selon des informations recueillies par ICI Normandie. 13 douilles de 9 millim\u00e8tres ont \u00e9t\u00e9 retrouv\u00e9es sur place, faisant notamment sept impacts dans la vitrine de l&rsquo;\u00e9picerie \u00ab\u00a0Que la night\u00a0\u00bb, situ\u00e9e sur l&rsquo;avenue de Bretagne, sur la rive gauche de Rouen.<\/p>\n<p>D&rsquo;apr\u00e8s des t\u00e9moins, deux individus v\u00eatus de noir sont arriv\u00e9s sur un scooter Tmax noir sans plaque d&rsquo;immatriculation. Ils ont ouvert le feu. La g\u00e9rante se trouvait alors au fond du magasin, il n&rsquo;y avait pas de client. Il n&rsquo;y a pas eu de bless\u00e9.<\/p>\n<p>Les individus ont pris la fuite sans \u00eatre interpell\u00e9s. Les g\u00e9rants de l&rsquo;\u00e9picerie ont \u00e9t\u00e9 la cible de menaces ces derniers jours, de source judiciaire.<\/p>\n","protected":false},"excerpt":{"rendered":"Une \u00e9picerie de nuit a \u00e9t\u00e9 la cible d&rsquo;une rafale d&rsquo;arme automatique, sans faire de bless\u00e9, dans la&hellip;\n","protected":false},"author":2,"featured_media":337915,"comment_status":"","ping_status":"","sticky":false,"template":"","format":"standard","meta":{"footnotes":""},"categories":[9587],"tags":[1111,11,1777,674,1011,27,12,5161,25,9590],"class_list":{"0":"post-337914","1":"post","2":"type-post","3":"status-publish","4":"format-standard","5":"has-post-thumbnail","7":"category-rouen","8":"tag-actu","9":"tag-actualites","10":"tag-eu","11":"tag-europe","12":"tag-fr","13":"tag-france","14":"tag-news","15":"tag-normandie","16":"tag-republique-francaise","17":"tag-rouen"},"share_on_mastodon":{"url":"https:\/\/pubeurope.com\/@fr\/115076742756710661","error":""},"_links":{"self":[{"href":"https:\/\/www.europesays.com\/fr\/wp-json\/wp\/v2\/posts\/337914","targetHints":{"allow":["GET"]}}],"collection":[{"href":"https:\/\/www.europesays.com\/fr\/wp-json\/wp\/v2\/posts"}],"about":[{"href":"https:\/\/www.europesays.com\/fr\/wp-json\/wp\/v2\/types\/post"}],"author":[{"embeddable":true,"href":"https:\/\/www.europesays.com\/fr\/wp-json\/wp\/v2\/users\/2"}],"replies":[{"embeddable":true,"href":"https:\/\/www.europesays.com\/fr\/wp-json\/wp\/v2\/comments?post=337914"}],"version-history":[{"count":0,"href":"https:\/\/www.europesays.com\/fr\/wp-json\/wp\/v2\/posts\/337914\/revisions"}],"wp:featuredmedia":[{"embeddable":true,"href":"https:\/\/www.europesays.com\/fr\/wp-json\/wp\/v2\/media\/337915"}],"wp:attachment":[{"href":"https:\/\/www.europesays.com\/fr\/wp-json\/wp\/v2\/media?parent=337914"}],"wp:term":[{"taxonomy":"category","embeddable":true,"href":"https:\/\/www.europesays.com\/fr\/wp-json\/wp\/v2\/categories?post=337914"},{"taxonomy":"post_tag","embeddable":true,"href":"https:\/\/www.europesays.com\/fr\/wp-json\/wp\/v2\/tags?post=337914"}],"curies":[{"name":"wp","href":"https:\/\/api.w.org\/{rel}","templated":true}]}}