{"id":337922,"date":"2025-08-23T06:53:09","date_gmt":"2025-08-23T06:53:09","guid":{"rendered":"https:\/\/www.europesays.com\/fr\/337922\/"},"modified":"2025-08-23T06:53:09","modified_gmt":"2025-08-23T06:53:09","slug":"un-joueur-de-17-ans-interpelle-en-possession-de-cocaine","status":"publish","type":"post","link":"https:\/\/www.europesays.com\/fr\/337922\/","title":{"rendered":"un joueur de 17 ans interpell\u00e9 en possession de coca\u00efne"},"content":{"rendered":"<p>Voil\u00e0 une dr\u00f4le d\u2019histoire qui vient de nous parvenir de Bretagne. Une semaine apr\u00e8s sa belle victoire \u00e0 domicile face \u00e0 l\u2019OM pour lancer sa saison (1-0), le Stade Rennais doit faire face \u00e0 un fait divers inattendu ce vendredi soir. En effet, \u00e0 en croire les derni\u00e8res informations du <a href=\"https:\/\/www.letelegramme.fr\/ille-et-vilaine\/rennes-35000\/a-rennes-un-jeune-espoir-du-stade-rennais-interpelle-avec-de-la-cocaine-6875033.php\" rel=\"nofollow noopener\" target=\"_blank\">T\u00e9l\u00e9gramme<\/a>, un joueur du p\u00f4le espoir du club breton a \u00e9t\u00e9 contr\u00f4l\u00e9 \u00e0 un point de deal en possession de coca\u00efne. <\/p>\n<p>            La suite apr\u00e8s cette publicit\u00e9<\/p>\n<p>Le joueur de 17 ans a \u00e9t\u00e9 plac\u00e9 en garde \u00e0 vue suite \u00e0 son interpellation. Quelques jours auparavant, ce dernier avait fugu\u00e9 de son domicile en r\u00e9gion parisienne et un avis de recherche avait \u00e9t\u00e9 diffus\u00e9. Il a finalement \u00e9t\u00e9 interpell\u00e9 ce jeudi au Blosne et a tent\u00e9 de fuir \u00e0 l\u2019arriv\u00e9e des policiers dans ce square connu pour \u00eatre un gros point de deal. <\/p>\n<p>\n    Pub. le 23\/08\/2025 08:39<br \/>\n            &#8211; MAJ le 23\/08\/2025 08:40\n    <\/p>\n","protected":false},"excerpt":{"rendered":"Voil\u00e0 une dr\u00f4le d\u2019histoire qui vient de nous parvenir de Bretagne. Une semaine apr\u00e8s sa belle victoire \u00e0&hellip;\n","protected":false},"author":2,"featured_media":337923,"comment_status":"","ping_status":"","sticky":false,"template":"","format":"standard","meta":{"footnotes":""},"categories":[2821],"tags":[1111,11,829,1777,674,1011,27,12,584,25],"class_list":{"0":"post-337922","1":"post","2":"type-post","3":"status-publish","4":"format-standard","5":"has-post-thumbnail","7":"category-rennes","8":"tag-actu","9":"tag-actualites","10":"tag-bretagne","11":"tag-eu","12":"tag-europe","13":"tag-fr","14":"tag-france","15":"tag-news","16":"tag-rennes","17":"tag-republique-francaise"},"share_on_mastodon":{"url":"https:\/\/pubeurope.com\/@fr\/115076766377093570","error":""},"_links":{"self":[{"href":"https:\/\/www.europesays.com\/fr\/wp-json\/wp\/v2\/posts\/337922","targetHints":{"allow":["GET"]}}],"collection":[{"href":"https:\/\/www.europesays.com\/fr\/wp-json\/wp\/v2\/posts"}],"about":[{"href":"https:\/\/www.europesays.com\/fr\/wp-json\/wp\/v2\/types\/post"}],"author":[{"embeddable":true,"href":"https:\/\/www.europesays.com\/fr\/wp-json\/wp\/v2\/users\/2"}],"replies":[{"embeddable":true,"href":"https:\/\/www.europesays.com\/fr\/wp-json\/wp\/v2\/comments?post=337922"}],"version-history":[{"count":0,"href":"https:\/\/www.europesays.com\/fr\/wp-json\/wp\/v2\/posts\/337922\/revisions"}],"wp:featuredmedia":[{"embeddable":true,"href":"https:\/\/www.europesays.com\/fr\/wp-json\/wp\/v2\/media\/337923"}],"wp:attachment":[{"href":"https:\/\/www.europesays.com\/fr\/wp-json\/wp\/v2\/media?parent=337922"}],"wp:term":[{"taxonomy":"category","embeddable":true,"href":"https:\/\/www.europesays.com\/fr\/wp-json\/wp\/v2\/categories?post=337922"},{"taxonomy":"post_tag","embeddable":true,"href":"https:\/\/www.europesays.com\/fr\/wp-json\/wp\/v2\/tags?post=337922"}],"curies":[{"name":"wp","href":"https:\/\/api.w.org\/{rel}","templated":true}]}}