{"id":337924,"date":"2025-08-23T06:54:24","date_gmt":"2025-08-23T06:54:24","guid":{"rendered":"https:\/\/www.europesays.com\/fr\/337924\/"},"modified":"2025-08-23T06:54:24","modified_gmt":"2025-08-23T06:54:24","slug":"marche-et-soiree-pour-lukraine-dimanche-24-aout-a-strasbourg","status":"publish","type":"post","link":"https:\/\/www.europesays.com\/fr\/337924\/","title":{"rendered":"Marche et soir\u00e9e pour l&rsquo;Ukraine dimanche 24 ao\u00fbt \u00e0 Strasbourg"},"content":{"rendered":"<p class=\"wp-block-post-excerpt__excerpt\">L\u2019association PromoUkra\u00efna et le Mouvement europ\u00e9en Alsace se mobilisent dimanche 24 ao\u00fbt \u00e0 Strasbourg pour c\u00e9l\u00e9brer l\u2019ind\u00e9pendance de l\u2019Ukraine. <\/p>\n<p class=\"font-sans\">\n\t\t\tCet article est en acc\u00e8s libre. Pour soutenir Rue89 Strasbourg,<br \/>\n\t\t\t<a class=\"underline\" href=\"https:\/\/www.rue89strasbourg.com\/abonnement\" target=\"_blank\" rel=\"noopener\">abonnez-vous<\/a>.\n\t\t<\/p>\n<p>Pierre France<\/p>\n<p>Publi\u00e9 le 23 ao\u00fbt 2025\u00a0\u00a0\u00b7\u00a0\u00a0<\/p>\n<p>Imprim\u00e9 le 23 ao\u00fbt 2025 \u00e0 08h54\u00a0\u00a0\u00b7\u00a0\u00a0<\/p>\n<p>\t\t\t\t\t1\u00a0minute\n<\/p>\n<p>Alors que les discussions sur le futur de l\u2019Ukraine se d\u00e9roulent entre le pr\u00e9sident des \u00c9tats-Unis et celui de la F\u00e9d\u00e9ration de Russie, l\u2019association PromoUkra\u00efna et le Mouvement europ\u00e9en Alsace choisissent de c\u00e9l\u00e9brer l\u2019ind\u00e9pendance du pays, dimanche 24 ao\u00fbt \u00e0 Strasbourg. <\/p>\n<p>\u00c0 16h30, un rassemblement est pr\u00e9vu sur la terrasse du Palais Rohan. Une marche doit suivre en direction du Conseil de l\u2019Europe \u00e0 l\u2019Orangerie, en passant par le quai des Bateliers, la place Brandt, le quai du Maire-Dietrich et l\u2019all\u00e9e de la Robertsau. L\u2019objectif est de d\u00e9noncer l\u2019invasion de l\u2019Ukraine par la Russie en f\u00e9vrier 2022.<\/p>\n<p>\u00c0 18h, changement d\u2019ambiance. Les participants sont invit\u00e9s \u00e0 Pourtal\u00e8s \u2013 plage o\u00f9 un concert est pr\u00e9vu. L\u2019entr\u00e9e est payante (10\u20ac par adulte, 3\u20ac par enfant) afin de participer au financement de v\u00e9hicules d\u2019\u00e9vacuation m\u00e9dicale pour l\u2019Ukraine. Des <a href=\"https:\/\/www.helloasso.com\/associations\/pu-ambulance\/evenements\/journee-de-l-independance-de-l-ukraine-a-strasbourg\" target=\"_blank\" rel=\"noreferrer noopener\">dons peuvent \u00e9galement \u00eatre adress\u00e9es en ligne<\/a>.<\/p>\n<p>Y <strong>aller<\/strong><\/p>\n<p><strong>Manifestation contre l\u2019invasion de l\u2019Ukraine<\/strong>, dimanche 24 ao\u00fbt 2025 \u00e0 partir de 16h30, d\u00e9part terrasse du Palais Rohan, Strasbourg \u2013 centre-ville. <\/p>\n<p><strong>F\u00eate de l\u2019ind\u00e9pendance de l\u2019Ukraine<\/strong>, dimanche 24 ao\u00fbt 2025 \u00e0 partir de 18h, ch\u00e2teau de Pourtal\u00e8s, 161 rue de M\u00e9lanie \u00e0 Strasbourg \u2013 Robertsau.<\/p>\n","protected":false},"excerpt":{"rendered":"L\u2019association PromoUkra\u00efna et le Mouvement europ\u00e9en Alsace se mobilisent dimanche 24 ao\u00fbt \u00e0 Strasbourg pour c\u00e9l\u00e9brer l\u2019ind\u00e9pendance de&hellip;\n","protected":false},"author":2,"featured_media":337925,"comment_status":"","ping_status":"","sticky":false,"template":"","format":"standard","meta":{"footnotes":""},"categories":[2820],"tags":[1111,11,1777,674,1011,27,775,2088,12,25,640,220],"class_list":{"0":"post-337924","1":"post","2":"type-post","3":"status-publish","4":"format-standard","5":"has-post-thumbnail","7":"category-strasbourg","8":"tag-actu","9":"tag-actualites","10":"tag-eu","11":"tag-europe","12":"tag-fr","13":"tag-france","14":"tag-grand-est","15":"tag-manifestation","16":"tag-news","17":"tag-republique-francaise","18":"tag-strasbourg","19":"tag-ukraine"},"share_on_mastodon":{"url":"https:\/\/pubeurope.com\/@fr\/115076770373613413","error":""},"_links":{"self":[{"href":"https:\/\/www.europesays.com\/fr\/wp-json\/wp\/v2\/posts\/337924","targetHints":{"allow":["GET"]}}],"collection":[{"href":"https:\/\/www.europesays.com\/fr\/wp-json\/wp\/v2\/posts"}],"about":[{"href":"https:\/\/www.europesays.com\/fr\/wp-json\/wp\/v2\/types\/post"}],"author":[{"embeddable":true,"href":"https:\/\/www.europesays.com\/fr\/wp-json\/wp\/v2\/users\/2"}],"replies":[{"embeddable":true,"href":"https:\/\/www.europesays.com\/fr\/wp-json\/wp\/v2\/comments?post=337924"}],"version-history":[{"count":0,"href":"https:\/\/www.europesays.com\/fr\/wp-json\/wp\/v2\/posts\/337924\/revisions"}],"wp:featuredmedia":[{"embeddable":true,"href":"https:\/\/www.europesays.com\/fr\/wp-json\/wp\/v2\/media\/337925"}],"wp:attachment":[{"href":"https:\/\/www.europesays.com\/fr\/wp-json\/wp\/v2\/media?parent=337924"}],"wp:term":[{"taxonomy":"category","embeddable":true,"href":"https:\/\/www.europesays.com\/fr\/wp-json\/wp\/v2\/categories?post=337924"},{"taxonomy":"post_tag","embeddable":true,"href":"https:\/\/www.europesays.com\/fr\/wp-json\/wp\/v2\/tags?post=337924"}],"curies":[{"name":"wp","href":"https:\/\/api.w.org\/{rel}","templated":true}]}}