{"id":337926,"date":"2025-08-23T06:55:25","date_gmt":"2025-08-23T06:55:25","guid":{"rendered":"https:\/\/www.europesays.com\/fr\/337926\/"},"modified":"2025-08-23T06:55:25","modified_gmt":"2025-08-23T06:55:25","slug":"strasbourg-le-wagon-souk-menace-de-fermeture-administrative","status":"publish","type":"post","link":"https:\/\/www.europesays.com\/fr\/337926\/","title":{"rendered":"Strasbourg. Le Wagon Souk menac\u00e9 de fermeture administrative"},"content":{"rendered":"<p class=\"wp-block-post-excerpt__excerpt\">En juillet et en ao\u00fbt, plusieurs services de l\u2019\u00c9tat ont men\u00e9 des contr\u00f4les au Wagon Souk. La pr\u00e9fecture du Bas-Rhin envisage une fermeture administrative du tiers lieu strasbourgeois. <\/p>\n<p><a href=\"https:\/\/www.rue89strasbourg.com\/category\/premium\" rel=\"tag nofollow noopener\" target=\"_blank\">\u00c9dition abonn\u00e9s<\/a>, <a href=\"https:\/\/www.rue89strasbourg.com\/category\/breve\" rel=\"tag nofollow noopener\" target=\"_blank\">En bref<\/a><\/p>\n<p>Guillaume Krempp<\/p>\n<p>Publi\u00e9 le 23 ao\u00fbt 2025\u00a0\u00a0\u00b7\u00a0\u00a0<\/p>\n<p>Imprim\u00e9 le 23 ao\u00fbt 2025 \u00e0 08h55\u00a0\u00a0\u00b7\u00a0\u00a0<\/p>\n<p>\t\t\t\t\t3\u00a0minutes\n<\/p>\n<p class=\"has-drop-cap\">En d\u00e9but de soir\u00e9e vendredi 18 juillet, la sous-pr\u00e9f\u00e8te C\u00e9cile Rackette s\u2019est rendue au Wagon Souk. Mais elle n\u2019a pas fait le d\u00e9placement pour la soir\u00e9e psy trans. \u00c9galement directrice de cabinet du pr\u00e9fet du Bas-Rhin Jacques Witkowski, elle menait une op\u00e9ration de contr\u00f4le du tiers lieu par plusieurs services de l\u2019\u00c9tat\u00a0: la police nationale, les douanes, la protection des populations (DDPP), l\u2019Urssaf\u2026 Au total, plus d\u2019une vingtaine d\u2019agents \u00e9taient pr\u00e9sents, dont une majorit\u00e9 de policiers et un inspecteur du travail. Selon nos informations, plusieurs infractions ont \u00e9t\u00e9 constat\u00e9es et pourraient mener \u00e0 une fermeture administrative de l\u2019\u00e9tablissement.<\/p>\n<p><a href=\"https:\/\/www.rue89strasbourg.com\/abonnement\/paiement?sub=3&amp;discount=ete2025\" rel=\"nofollow noopener\" target=\"_blank\"><img loading=\"lazy\" decoding=\"async\" width=\"970\" height=\"250\" src=\"https:\/\/www.europesays.com\/fr\/wp-content\/uploads\/2025\/07\/bannie\u0300re-site-desktop-anime\u0301e.gif\" alt=\"\" class=\"wp-image-350811\" style=\"width:792px;height:auto\"\/><\/a><\/p>\n<p><a href=\"https:\/\/www.rue89strasbourg.com\/abonnement\/paiement?sub=3&amp;discount=ete2025\" rel=\"nofollow noopener\" target=\"_blank\"><img loading=\"lazy\" decoding=\"async\" width=\"300\" height=\"300\" src=\"https:\/\/www.europesays.com\/fr\/wp-content\/uploads\/2025\/07\/bannie\u0300re-pub-mobile-anime\u0301e.gif\" alt=\"\" class=\"wp-image-350815\"\/><\/a><\/p>\n<p>Saisie d\u2019alcool et soup\u00e7ons de travail dissimul\u00e9 <\/p>\n<p><img loading=\"lazy\" decoding=\"async\" width=\"1326\" height=\"745\" src=\"https:\/\/www.europesays.com\/fr\/wp-content\/uploads\/2025\/04\/1744907535_415_23-paywall.png\" alt=\"Abonnez-vous\" class=\"wp-image-282315\" style=\"aspect-ratio:1.7798657718120805;width:227px;height:auto\"  \/><\/p>\n<p>Cet article fait partie de l\u2019\u00e9dition abonn\u00e9s. Pour lire la suite, profitez d\u2019une offre d\u00e9couverte \u00e0 1\u20ac.<\/p>\n<p class=\"has-gray-700-color has-text-color has-medium-font-size\">Contribuez \u00e0 consolider un m\u00e9dia ind\u00e9pendant \u00e0 Strasbourg, en capacit\u00e9 d\u2019enqu\u00eater sur les enjeux locaux.<\/p>\n<p>\t\t\t<a href=\"https:\/\/www.rue89strasbourg.com\/\" class=\"custom-logo-link\" rel=\"home nofollow noopener\" target=\"_blank\"><img loading=\"lazy\" decoding=\"async\" width=\"290\" height=\"62\" src=\"https:\/\/www.europesays.com\/fr\/wp-content\/uploads\/2025\/04\/1743975279_388_logo.png\" class=\"custom-logo\" alt=\"Rue89 Strasbourg Enqu\u00eates et informations locales\"  \/><\/a><\/p>\n<p>\n\t\t\t\tAbonnez-vous maintenant pour suivre l\u2019actualit\u00e9 locale.\t\t\t<\/p>\n<p class=\"font-bold font-serif-heading mb-2 text-4xl\">\n\t\t\t\t\t\tL\u2019investigation locale \u00e0 port\u00e9e de main.\n\t\t\t\t\t<\/p>\n<p>\n\t\t\t\t\t\tAbonnez-vous et profitez d\u2019un acc\u00e8s illimit\u00e9 \u00e0 Rue89 Strasbourg. Annulez quand vous voulez.\n\t\t\t\t\t<\/p>\n<p class=\"xl:text-sm\">\n\t\t\t\t\tD\u00e9j\u00e0 abonn\u00e9\u00a0?<br \/>\n\t\t\t\t\t<a class=\"border border-transparent text-center transition-colors duration-instant focus:border-info focus:rounded focus:shadow-focus cursor-pointer text-black hover:text-gray-700 active:bg-black-700 font-semibold inline-block\" href=\"https:\/\/www.rue89strasbourg.com\/user\/connexion?redirect=\/wagon-souk-menace-fermeture-administrative-356237\" rel=\"nofollow noopener\" target=\"_blank\">Connectez-vous<\/a>\t\t\t\t<\/p>\n<p>\n\t\t\t\tChoisissez votre formule\u00a0:\n\t\t\t<\/p>\n<p>\t\t\t\tFermer<\/p>\n","protected":false},"excerpt":{"rendered":"En juillet et en ao\u00fbt, plusieurs services de l\u2019\u00c9tat ont men\u00e9 des contr\u00f4les au Wagon Souk. La pr\u00e9fecture&hellip;\n","protected":false},"author":2,"featured_media":337927,"comment_status":"","ping_status":"","sticky":false,"template":"","format":"standard","meta":{"footnotes":""},"categories":[2820],"tags":[1111,11,1777,674,1011,27,775,12,6338,25,640,15198],"class_list":{"0":"post-337926","1":"post","2":"type-post","3":"status-publish","4":"format-standard","5":"has-post-thumbnail","7":"category-strasbourg","8":"tag-actu","9":"tag-actualites","10":"tag-eu","11":"tag-europe","12":"tag-fr","13":"tag-france","14":"tag-grand-est","15":"tag-news","16":"tag-prefecture-du-bas-rhin","17":"tag-republique-francaise","18":"tag-strasbourg","19":"tag-wagon-souk"},"share_on_mastodon":{"url":"https:\/\/pubeurope.com\/@fr\/115076774332230554","error":""},"_links":{"self":[{"href":"https:\/\/www.europesays.com\/fr\/wp-json\/wp\/v2\/posts\/337926","targetHints":{"allow":["GET"]}}],"collection":[{"href":"https:\/\/www.europesays.com\/fr\/wp-json\/wp\/v2\/posts"}],"about":[{"href":"https:\/\/www.europesays.com\/fr\/wp-json\/wp\/v2\/types\/post"}],"author":[{"embeddable":true,"href":"https:\/\/www.europesays.com\/fr\/wp-json\/wp\/v2\/users\/2"}],"replies":[{"embeddable":true,"href":"https:\/\/www.europesays.com\/fr\/wp-json\/wp\/v2\/comments?post=337926"}],"version-history":[{"count":0,"href":"https:\/\/www.europesays.com\/fr\/wp-json\/wp\/v2\/posts\/337926\/revisions"}],"wp:featuredmedia":[{"embeddable":true,"href":"https:\/\/www.europesays.com\/fr\/wp-json\/wp\/v2\/media\/337927"}],"wp:attachment":[{"href":"https:\/\/www.europesays.com\/fr\/wp-json\/wp\/v2\/media?parent=337926"}],"wp:term":[{"taxonomy":"category","embeddable":true,"href":"https:\/\/www.europesays.com\/fr\/wp-json\/wp\/v2\/categories?post=337926"},{"taxonomy":"post_tag","embeddable":true,"href":"https:\/\/www.europesays.com\/fr\/wp-json\/wp\/v2\/tags?post=337926"}],"curies":[{"name":"wp","href":"https:\/\/api.w.org\/{rel}","templated":true}]}}