{"id":337928,"date":"2025-08-23T06:56:09","date_gmt":"2025-08-23T06:56:09","guid":{"rendered":"https:\/\/www.europesays.com\/fr\/337928\/"},"modified":"2025-08-23T06:56:09","modified_gmt":"2025-08-23T06:56:09","slug":"nice-parmi-les-villes-les-plus-cheres-pour-les-etudiants","status":"publish","type":"post","link":"https:\/\/www.europesays.com\/fr\/337928\/","title":{"rendered":"Nice parmi les villes les plus ch\u00e8res pour les \u00e9tudiants"},"content":{"rendered":"<p>            Par<br \/>\n        <strong><br \/>\n            <a href=\"https:\/\/actu.fr\/auteur\/famenta-news\" title=\"Consulter tous les articles de Florine Amenta\" target=\"_blank\" rel=\"noopener\">Florine Amenta<\/a><br \/>\n        <\/strong><\/p>\n<p>        Publi\u00e9 le<\/p>\n<p>            23 ao\u00fbt 2025 \u00e0 8h10        <\/p>\n<p>\u00c0 quel point est-ce co\u00fbteux d\u2019effectuer ses \u00e9tudes \u00e0 <a href=\"https:\/\/actu.fr\/nice\/\" target=\"_blank\" rel=\"noopener\">Nice<\/a> ? Pour r\u00e9pondre \u00e0 cette question, le <strong>syndicat \u00e9tudiant de l\u2019Union nationale des \u00e9tudiants de France (UNEF)<\/strong> a d\u00e9voil\u00e9 ce mercredi 20 ao\u00fbt son <strong>classement national<\/strong>. Nice est la seule ville des <a href=\"https:\/\/actu.fr\/provence-alpes-cote-d-azur\/alpes-maritimes_06\" target=\"_blank\" rel=\"noopener\">Alpes-Maritimes<\/a> \u00e0 appara\u00eetre dans cette enqu\u00eate qui concerne les 47 plus grosses villes universitaires de France m\u00e9tropolitaine.\u00a0<\/p>\n<p class=\" wall-content\">Cette ann\u00e9e, la commune est en <strong>7\u1d49 position du classement<\/strong> prenant en compte le co\u00fbt de la vie \u00e9tudiante. C\u2019est la m\u00eame place que l\u2019ann\u00e9e derni\u00e8re. Les quatre villes en t\u00eate de liste se situent en \u00cele-de-France.<\/p>\n<p class=\" wall-content\"><a href=\"https:\/\/www.instagram.com\/p\/DNkknCNix9A\/embed\" title=\"Ouvrir le lien sur Instagram\" target=\"_blank\" rel=\"noopener\">Visualiser le contenu sur Instagram<\/a><\/p>\n<p class=\" wall-content\">Selon le syndicat \u00e9tudiant, dans la ville du sud, en 2025, un \u00e9tudiant <strong>d\u00e9bourse en moyenne 1 370,15 euros<\/strong>, soit<strong> une hausse de 5,15% <\/strong>par rapport \u00e0 2024.<\/p>\n<p class=\" wall-content\">Nice est aussi \u00e0 la 5\u1d49 place en termes de loyer. Un \u00e9tudiant install\u00e9 \u00e0 Nice doit, en moyenne, payer chaque mois <strong>675 euros, soit 1,66% de plus<\/strong> que l\u2019ann\u00e9e derni\u00e8re.\u00a0<\/p>\n<p>Le co\u00fbt de la vie \u00e9tudiante en nette hausse<\/p>\n<p class=\" wall-content\">La capitale est en t\u00eate de classement avec <strong>1626,76 euros en moyenne de co\u00fbt de la vie<\/strong>. En derni\u00e8re place, <strong>Limoges<\/strong> s\u2019en sort avec 1073,06 euros d\u00e9pens\u00e9s en moyenne par mois. l\u2019UNEF pointe du doigt des d\u00e9penses li\u00e9es au logement de plus en plus \u00e9lev\u00e9es. Leur constat : il n\u2019est plus possible, pour les \u00e9tudiants, de vivre <strong>avec moins de 1000 euros.<\/strong><\/p>\n<p class=\" wall-content\">Selon le syndicat \u00e9tudiant, le co\u00fbt de la vie universitaire est 4,12% plus important que l\u2019an dernier. Cette enqu\u00eate prend en compte les loyers, mais aussi les d\u00e9penses de la vie quotidienne comme <strong>les transports et l\u2019alimentation<\/strong>.<\/p>\n<p class=\" wall-content\">Personnalisez votre actualit\u00e9 en ajoutant vos villes et m\u00e9dias en favori avec <a href=\"https:\/\/moncompte.actu.fr\" title=\"D\u00e9couvez Mon Actu\" rel=\"nofollow noopener\" data-trk=\"{&quot;cta&quot;:{&quot;action&quot;:&quot;https:\\\/\\\/moncompte.actu.fr&quot;,&quot;category&quot;:&quot;mon compte&quot;,&quot;from&quot;:&quot;article footer&quot;,&quot;name&quot;:&quot;Mon actu&quot;,&quot;type&quot;:&quot;cta&quot;}}\" target=\"_blank\">Mon Actu<\/a>.<\/p>\n<p>                    <script async src=\"\/\/www.instagram.com\/embed.js\"><\/script><\/p>\n","protected":false},"excerpt":{"rendered":"Par Florine Amenta Publi\u00e9 le 23 ao\u00fbt 2025 \u00e0 8h10 \u00c0 quel point est-ce co\u00fbteux d\u2019effectuer ses \u00e9tudes&hellip;\n","protected":false},"author":2,"featured_media":337929,"comment_status":"","ping_status":"","sticky":false,"template":"","format":"standard","meta":{"footnotes":""},"categories":[2819],"tags":[1111,11,1777,674,1011,27,1908,12,2401,11090,882,25,104],"class_list":{"0":"post-337928","1":"post","2":"type-post","3":"status-publish","4":"format-standard","5":"has-post-thumbnail","7":"category-nice","8":"tag-actu","9":"tag-actualites","10":"tag-eu","11":"tag-europe","12":"tag-fr","13":"tag-france","14":"tag-logement","15":"tag-news","16":"tag-nice","17":"tag-precarite-etudiante","18":"tag-provence-alpes-cote-dazur","19":"tag-republique-francaise","20":"tag-societe"},"share_on_mastodon":{"url":"https:\/\/pubeurope.com\/@fr\/115076778170535339","error":""},"_links":{"self":[{"href":"https:\/\/www.europesays.com\/fr\/wp-json\/wp\/v2\/posts\/337928","targetHints":{"allow":["GET"]}}],"collection":[{"href":"https:\/\/www.europesays.com\/fr\/wp-json\/wp\/v2\/posts"}],"about":[{"href":"https:\/\/www.europesays.com\/fr\/wp-json\/wp\/v2\/types\/post"}],"author":[{"embeddable":true,"href":"https:\/\/www.europesays.com\/fr\/wp-json\/wp\/v2\/users\/2"}],"replies":[{"embeddable":true,"href":"https:\/\/www.europesays.com\/fr\/wp-json\/wp\/v2\/comments?post=337928"}],"version-history":[{"count":0,"href":"https:\/\/www.europesays.com\/fr\/wp-json\/wp\/v2\/posts\/337928\/revisions"}],"wp:featuredmedia":[{"embeddable":true,"href":"https:\/\/www.europesays.com\/fr\/wp-json\/wp\/v2\/media\/337929"}],"wp:attachment":[{"href":"https:\/\/www.europesays.com\/fr\/wp-json\/wp\/v2\/media?parent=337928"}],"wp:term":[{"taxonomy":"category","embeddable":true,"href":"https:\/\/www.europesays.com\/fr\/wp-json\/wp\/v2\/categories?post=337928"},{"taxonomy":"post_tag","embeddable":true,"href":"https:\/\/www.europesays.com\/fr\/wp-json\/wp\/v2\/tags?post=337928"}],"curies":[{"name":"wp","href":"https:\/\/api.w.org\/{rel}","templated":true}]}}