{"id":337932,"date":"2025-08-23T06:59:21","date_gmt":"2025-08-23T06:59:21","guid":{"rendered":"https:\/\/www.europesays.com\/fr\/337932\/"},"modified":"2025-08-23T06:59:21","modified_gmt":"2025-08-23T06:59:21","slug":"premiere-ligue-preparation-le-dfco-rechausse-deja-les-crampons-face-a-nantes","status":"publish","type":"post","link":"https:\/\/www.europesays.com\/fr\/337932\/","title":{"rendered":"Premi\u00e8re ligue (pr\u00e9paration). Le DFCO rechausse d\u00e9j\u00e0 les crampons face \u00e0 Nantes"},"content":{"rendered":"<p>  DFCO &#8211; Nantes 16h30, Fontainebleau<\/p>\n<p>Les f\u00e9minines du DFCO retrouvent d\u00e8s ce samedi le chemin des terrains, apr\u00e8s <a href=\"https:\/\/www.bienpublic.com\/sport\/2025\/08\/20\/premiere-defaite-pour-le-dfco\" target=\"_blank\" rel=\"noopener\">une d\u00e9faite \u00e0 Saint-Etienne mercredi (1-0)<\/a>. Elles affrontent le FC Nantes pour leur quatri\u00e8me match de pr\u00e9paration (Fontainebleau, 16h30). \u00ab\u00a0C\u2019\u00e9tait pr\u00e9vu. L\u2019id\u00e9e \u00e9tait d\u2019avoir une semaine \u00e0 deux matches\u00a0\u00bb, explique Pierre-Alain Picard.<\/p>\n<p>Ses joueuses vont donc se frotter \u00e0 une deuxi\u00e8me \u00e9quipe de D1 \u00e0 trois jours d\u2019intervalle pour continuer \u00ab\u00a0de se construire en tant qu\u2019\u00e9quipe\u00a0\u00bb.<\/p>\n<p>  Terchoun de retour<\/p>\n<p>\u00ab\u00a0On est dans les temps de passage qu\u2019on avait fix\u00e9\u00a0\u00bb, se f\u00e9licite le nouveau num\u00e9ro un dijonnais. Rien d\u2019alarmant donc malgr\u00e9 un premier revers lors duquel le contenu n\u2019a pas \u00e9t\u00e9 d\u00e9cevant. Les C\u00f4te-d\u2019Oriennes ont \u00e9t\u00e9 performantes sur leur contre pressing et la pr\u00e9paration de leurs actions. C\u2019est dans la finition et les 30 derniers m\u00e8tres qu\u2019elles ont p\u00e9ch\u00e9. Un axe d\u2019am\u00e9lioration pour la rencontre de ce samedi, avec les coups de pied arr\u00eat\u00e9s offensifs.<\/p>\n<p>Cette opposition face \u00e0 Nantes est aussi le moment de voir une \u00e9quipe type se dessiner. \u00ab\u00a0C\u2019est le premier match o\u00f9 on commence \u00e0 affiner. Certaines filles vont jouer entre 75 et 90 minutes\u00a0\u00bb, annonce le technicien bourguignon qui voit<a href=\"https:\/\/www.bienpublic.com\/sport\/2025\/07\/21\/pierre-alain-picard-nouvel-entraineur-du-dfco-on-avancera-moins-cache\" target=\"_blank\" rel=\"noopener\"> Meriame Terchoun r\u00e9int\u00e9grer le groupe dijonnais.<\/a> L\u00e9a Delcercq reste indisponible, elle devrait retrouver le collectif en d\u00e9but de semaine.<\/p>\n","protected":false},"excerpt":{"rendered":"DFCO &#8211; Nantes 16h30, Fontainebleau Les f\u00e9minines du DFCO retrouvent d\u00e8s ce samedi le chemin des terrains, apr\u00e8s&hellip;\n","protected":false},"author":2,"featured_media":337933,"comment_status":"","ping_status":"","sticky":false,"template":"","format":"standard","meta":{"footnotes":""},"categories":[2818],"tags":[1111,11,13715,2930,8587,8588,1777,674,107,63,1011,27,766,12,2636,25,517],"class_list":{"0":"post-337932","1":"post","2":"type-post","3":"status-publish","4":"format-standard","5":"has-post-thumbnail","7":"category-nantes","8":"tag-actu","9":"tag-actualites","10":"tag-dfco-feminin-dijon-football-cote-dor-feminin","11":"tag-dijon","12":"tag-dijon-ville","13":"tag-edition-dijon-et-son-agglomeration","14":"tag-eu","15":"tag-europe","16":"tag-fil-info","17":"tag-football","18":"tag-fr","19":"tag-france","20":"tag-nantes","21":"tag-news","22":"tag-pays-de-la-loire","23":"tag-republique-francaise","24":"tag-sport"},"share_on_mastodon":{"url":"https:\/\/pubeurope.com\/@fr\/115076789893752008","error":""},"_links":{"self":[{"href":"https:\/\/www.europesays.com\/fr\/wp-json\/wp\/v2\/posts\/337932","targetHints":{"allow":["GET"]}}],"collection":[{"href":"https:\/\/www.europesays.com\/fr\/wp-json\/wp\/v2\/posts"}],"about":[{"href":"https:\/\/www.europesays.com\/fr\/wp-json\/wp\/v2\/types\/post"}],"author":[{"embeddable":true,"href":"https:\/\/www.europesays.com\/fr\/wp-json\/wp\/v2\/users\/2"}],"replies":[{"embeddable":true,"href":"https:\/\/www.europesays.com\/fr\/wp-json\/wp\/v2\/comments?post=337932"}],"version-history":[{"count":0,"href":"https:\/\/www.europesays.com\/fr\/wp-json\/wp\/v2\/posts\/337932\/revisions"}],"wp:featuredmedia":[{"embeddable":true,"href":"https:\/\/www.europesays.com\/fr\/wp-json\/wp\/v2\/media\/337933"}],"wp:attachment":[{"href":"https:\/\/www.europesays.com\/fr\/wp-json\/wp\/v2\/media?parent=337932"}],"wp:term":[{"taxonomy":"category","embeddable":true,"href":"https:\/\/www.europesays.com\/fr\/wp-json\/wp\/v2\/categories?post=337932"},{"taxonomy":"post_tag","embeddable":true,"href":"https:\/\/www.europesays.com\/fr\/wp-json\/wp\/v2\/tags?post=337932"}],"curies":[{"name":"wp","href":"https:\/\/api.w.org\/{rel}","templated":true}]}}