{"id":337942,"date":"2025-08-23T07:04:08","date_gmt":"2025-08-23T07:04:08","guid":{"rendered":"https:\/\/www.europesays.com\/fr\/337942\/"},"modified":"2025-08-23T07:04:08","modified_gmt":"2025-08-23T07:04:08","slug":"roubaix-deux-hommes-cambriolent-une-maison-lun-deux-venait-de-sortir-de-prison","status":"publish","type":"post","link":"https:\/\/www.europesays.com\/fr\/337942\/","title":{"rendered":"Roubaix. Deux hommes cambriolent une maison\u2026 l&rsquo;un d&rsquo;eux venait de sortir de prison"},"content":{"rendered":"<p>            Par<br \/>\n        <strong><br \/>\n            <a href=\"https:\/\/actu.fr\/auteur\/redaction-lille\" title=\"Consulter tous les articles de R\u00e9daction Lille\" rel=\"nofollow noopener\" target=\"_blank\">R\u00e9daction Lille<\/a><br \/>\n        <\/strong><\/p>\n<p>        Publi\u00e9 le<\/p>\n<p>            23 ao\u00fbt 2025 \u00e0 7h52        <\/p>\n<p>Cette affaire devait avoir un air de d\u00e9j\u00e0-vu pour les pr\u00e9venus. Ce sont <b>deux hommes d\u2019une cinquantaine d\u2019ann\u00e9es<\/b> qui sont arrivent compl\u00e8tement d\u00e9boussol\u00e9s devant le<b> tribunal<\/b> de <a href=\"https:\/\/actu.fr\/hauts-de-france\/lille_59350\" rel=\"nofollow noopener\" target=\"_blank\">Lille<\/a> (Nord) lundi 18 ao\u00fbt 2025, <b>jug\u00e9s en comparution imm\u00e9diate<\/b>. Quand le juge leur demande s\u2019ils veulent un d\u00e9lai ou \u00eatre jug\u00e9s tout de suite, leur premi\u00e8re question est : \u00ab\u00a0laquelle nous fera sortir de prison ?\u00a0\u00bb S\u2019en suit une longue h\u00e9sitation confuse qui finit par l\u2019acceptation d\u2019un jugement imm\u00e9diat. Les deux sont dans le box des accus\u00e9s pour <b>vol en r\u00e9union avec effraction<\/b>, \u00e0 <a href=\"https:\/\/actu.fr\/hauts-de-france\/roubaix_59512\" rel=\"nofollow noopener\" target=\"_blank\">Roubaix<\/a> (Nord). Ils ont bris\u00e9 le verre sur la porte pour s\u2019introduire dans la maison, alors occup\u00e9e, pour voler du <b>mat\u00e9riel de chantier, une Playstation 5 et une paire de chaussures neuves<\/b>.<\/p>\n<p>Ils cambriolent quelques jours apr\u00e8s \u00eatre sortis de prison<\/p>\n<p class=\" wall-content\">Le premier homme \u00e9tait <b>sorti de prison il y a une dizaine de jours<\/b>. D\u00e9tail qui n\u2019a pas \u00e9t\u00e9 mentionn\u00e9 dans les auditions pr\u00e9c\u00e9dentes, ces derniers avaient pris un cocktail de m\u00e9dicaments et de coca\u00efne. Les deux pr\u00e9venus clament alors qu\u2019ils n\u2019\u00e9taient plus capables de r\u00e9fl\u00e9chir correctement, et que leur m\u00e9fait est d\u00fb \u00e0 ce dangereux cocktail.<\/p>\n<p class=\" wall-content\">L\u2019acolyte a un casier judiciaire compos\u00e9 de d\u00e9fauts de permis surtout, mais au moins 5 mentions de vol et de recel. Quant au premier, il y a 34 mentions dans son casier\u2026 dont 21 pour vols. Tout cela lui a valu plusieurs s\u00e9jours en prison et des peines de sursis. Ce dernier, une fois dehors, a rejoint la famille qui l\u2019a \u00e9lev\u00e9 et qui l\u2019aide encore. Le pr\u00e9venu est malgr\u00e9 tout tomb\u00e9 sur une vieille connaissance, l\u2019autre pr\u00e9venu, avec qui il a <b>consomm\u00e9 de la coca\u00efne et effectu\u00e9 le cambriolage<\/b>.<\/p>\n<p>Une peine lourde<\/p>\n<p class=\" wall-content\">Le procureur de la R\u00e9publique demande \u00e0 la fin de son r\u00e9quisitoire une peine forte contre les deux quinquag\u00e9naires. Les avocats de la d\u00e9fense, malgr\u00e9 la difficult\u00e9 de leur dossier, tentent de r\u00e9duire leur peine. Ils pointent l\u2019incapacit\u00e9 du syst\u00e8me p\u00e9nitencier \u00e0 r\u00e9gler les probl\u00e8mes de ces hommes. Il ne peut pas r\u00e9gler leurs probl\u00e8mes d\u2019addiction, ne les aide pas non plus \u00e0 se r\u00e9ins\u00e9rer dans la vie sociale.<\/p>\n<p class=\" wall-content\">Mais cette demande est \u00e9conduite. Le juge <b>condamne les deux hommes \u00e0 leur r\u00e9vocation du sursis probatoire, et un emprisonnement d\u00e9lictuel de 30 mois<\/b>, avec une incarc\u00e9ration imm\u00e9diate.<\/p>\n<p class=\" wall-content\">Personnalisez votre actualit\u00e9 en ajoutant vos villes et m\u00e9dias en favori avec <a href=\"https:\/\/moncompte.actu.fr\" title=\"D\u00e9couvez Mon Actu\" rel=\"nofollow noopener\" data-trk=\"{&quot;cta&quot;:{&quot;action&quot;:&quot;https:\\\/\\\/moncompte.actu.fr&quot;,&quot;category&quot;:&quot;mon compte&quot;,&quot;from&quot;:&quot;article footer&quot;,&quot;name&quot;:&quot;Mon actu&quot;,&quot;type&quot;:&quot;cta&quot;}}\" target=\"_blank\">Mon Actu<\/a>.<\/p>\n","protected":false},"excerpt":{"rendered":"Par R\u00e9daction Lille Publi\u00e9 le 23 ao\u00fbt 2025 \u00e0 7h52 Cette affaire devait avoir un air de d\u00e9j\u00e0-vu&hellip;\n","protected":false},"author":2,"featured_media":337943,"comment_status":"","ping_status":"","sticky":false,"template":"","format":"standard","meta":{"footnotes":""},"categories":[2815],"tags":[1111,11,1174,1777,674,118,1011,27,811,303,1307,12,25],"class_list":{"0":"post-337942","1":"post","2":"type-post","3":"status-publish","4":"format-standard","5":"has-post-thumbnail","7":"category-lille","8":"tag-actu","9":"tag-actualites","10":"tag-cambriolage","11":"tag-eu","12":"tag-europe","13":"tag-faits-divers","14":"tag-fr","15":"tag-france","16":"tag-hauts-de-france","17":"tag-justice","18":"tag-lille","19":"tag-news","20":"tag-republique-francaise"},"share_on_mastodon":{"url":"https:\/\/pubeurope.com\/@fr\/115076809635397233","error":""},"_links":{"self":[{"href":"https:\/\/www.europesays.com\/fr\/wp-json\/wp\/v2\/posts\/337942","targetHints":{"allow":["GET"]}}],"collection":[{"href":"https:\/\/www.europesays.com\/fr\/wp-json\/wp\/v2\/posts"}],"about":[{"href":"https:\/\/www.europesays.com\/fr\/wp-json\/wp\/v2\/types\/post"}],"author":[{"embeddable":true,"href":"https:\/\/www.europesays.com\/fr\/wp-json\/wp\/v2\/users\/2"}],"replies":[{"embeddable":true,"href":"https:\/\/www.europesays.com\/fr\/wp-json\/wp\/v2\/comments?post=337942"}],"version-history":[{"count":0,"href":"https:\/\/www.europesays.com\/fr\/wp-json\/wp\/v2\/posts\/337942\/revisions"}],"wp:featuredmedia":[{"embeddable":true,"href":"https:\/\/www.europesays.com\/fr\/wp-json\/wp\/v2\/media\/337943"}],"wp:attachment":[{"href":"https:\/\/www.europesays.com\/fr\/wp-json\/wp\/v2\/media?parent=337942"}],"wp:term":[{"taxonomy":"category","embeddable":true,"href":"https:\/\/www.europesays.com\/fr\/wp-json\/wp\/v2\/categories?post=337942"},{"taxonomy":"post_tag","embeddable":true,"href":"https:\/\/www.europesays.com\/fr\/wp-json\/wp\/v2\/tags?post=337942"}],"curies":[{"name":"wp","href":"https:\/\/api.w.org\/{rel}","templated":true}]}}