{"id":337946,"date":"2025-08-23T07:06:28","date_gmt":"2025-08-23T07:06:28","guid":{"rendered":"https:\/\/www.europesays.com\/fr\/337946\/"},"modified":"2025-08-23T07:06:28","modified_gmt":"2025-08-23T07:06:28","slug":"lagenda-du-week-end-du-7-au-9-juin-9","status":"publish","type":"post","link":"https:\/\/www.europesays.com\/fr\/337946\/","title":{"rendered":"l&rsquo;agenda du week-end du 7 au 9 juin"},"content":{"rendered":"<p>Que faire ce week-end de l\u2019Assomption \u00e0 Marseille, en Provence et dans la r\u00e9gion Provence-Alpes-C\u00f4te d\u2019Azur ? Chaque semaine, une s\u00e9lection d\u2019id\u00e9es de sorties pr\u00e9par\u00e9e par la r\u00e9daction de Gomet\u2019. <\/p>\n<p>Au programme : \u2026 Et pleins d\u2019autres expos, festivals et spectacles \u00e0 d\u00e9couvrir dans notre <a href=\"https:\/\/gomet.net\/supplement-vacances-et-ete-2025-profitez-du-sud\/\" data-type=\"link\" data-id=\"https:\/\/gomet.net\/supplement-vacances-et-ete-2025-profitez-du-sud\/\" rel=\"nofollow noopener\" target=\"_blank\"><strong>suppl\u00e9ment \u00c9t\u00e9 &amp; Vacances 2025<\/strong><\/a> !<\/p>\n<p>Festival Arelate \u2013 Les journ\u00e9es romaines \u00e0 Arles<img loading=\"lazy\" decoding=\"async\" width=\"650\" height=\"916\" src=\"data:image\/svg+xml,%3Csvg%20xmlns=\" http:=\"\" alt=\"\" class=\"wp-image-372339\" style=\"width:590px;height:auto\" data-lazy- data-lazy- data-lazy-src=\"https:\/\/www.europesays.com\/fr\/wp-content\/uploads\/2025\/08\/capture-decran-2025-08-22-a-19.49.55.png\"\/><\/p>\n<p>Le festival Arelate se tient \u00e0 Arles du 18 au 23 ao\u00fbt 2025 et plonge les visiteurs dans l\u2019univers de la Rome antique \u00e0 travers reconstitutions, spectacles, ateliers et visites guid\u00e9es. Les Ar\u00e8nes, le Th\u00e9\u00e2tre antique et le Mus\u00e9e Arles antique accueillent des d\u00e9monstrations artisanales, des batailles de gladiateurs et des projections en plein air, permettant de d\u00e9couvrir la vie priv\u00e9e et publique des Romains dans un cadre vivant et interactif.<\/p>\n<p class=\"has-background\" style=\"background-color:#fcb90026\"><strong>\ud83d\udc49<\/strong> <a href=\"https:\/\/www.festival-arelate.com\" data-type=\"link\" data-id=\"http:\/\/www.portdebouc-tourisme.fr\/temps-forts\/les-balades-estivales\/\" target=\"_blank\" rel=\"noreferrer noopener nofollow\"><strong>Toute la programmation d\u2019Arlelate sur le site officiel<\/strong><\/a><\/p>\n<p><a data-no-instant=\"1\" href=\"https:\/\/my.weezevent.com\/3e-forum-nos-energies-en-questions\" rel=\"noopener nofollow\" class=\"a2t-link\" target=\"_blank\" aria-label=\"Maxi Header 2 1200\u00d7148\"><img loading=\"lazy\" decoding=\"async\" src=\"data:image\/svg+xml,%3Csvg%20xmlns=\" http:=\"\" alt=\"\" data-lazy- data-lazy- width=\"2048\" height=\"253\" style=\"display: inline-block;\" data-lazy-src=\"https:\/\/www.europesays.com\/fr\/wp-content\/uploads\/2025\/08\/maxi-header-2-1200x148-1-scaled.png\"\/><\/a>La f\u00eate de Cabri\u00e8s du 22 au 24 ao\u00fbt<img loading=\"lazy\" decoding=\"async\" width=\"1024\" height=\"466\" src=\"data:image\/svg+xml,%3Csvg%20xmlns=\" http:=\"\" alt=\"\" class=\"wp-image-372342\" style=\"width:989px;height:auto\" data-lazy- data-lazy- data-lazy-src=\"https:\/\/www.europesays.com\/fr\/wp-content\/uploads\/2025\/08\/capture-decran-2025-08-23-a-08.42.54-1024x466.png\"\/><\/p>\n<p class=\"has-text-align-left\">La f\u00eate annuelle de Cabri\u00e8s s\u2019ouvre le vendredi 22 ao\u00fbt \u00e0 12h avec le traditionnel A\u00efoli dans le parc de La Bastide Bourrelly. Tout au long du week-end, les man\u00e8ges et la buvette du Comit\u00e9 d\u2019Organisation des F\u00eates de Cabri\u00e8s-Calas seront accessibles d\u00e8s 17h sur la plaine Saint-Martin. Les festivit\u00e9s comprennent concerts chaque soir \u00e0 21h, un concours de soupe au pistou le samedi \u00e0 18h suivi d\u2019une d\u00e9gustation gratuite le dimanche \u00e0 12h sur la place Albert Florens, ainsi que l\u2019ap\u00e9ritif d\u2019honneur offert \u00e0 la population samedi \u00e0 19h30 par la municipalit\u00e9. Des animations suppl\u00e9mentaires, dont des concours de p\u00e9tanque, rythmeront aussi ces trois jours festifs.<\/p>\n<p class=\"has-background\" style=\"background-color:#f78da829\"><strong>\ud83d\udc49<\/strong> Le programme <a href=\"https:\/\/www.facebook.com\/CofCC13480\/?locale=fr_FR\" data-type=\"link\" data-id=\"https:\/\/www.facebook.com\/CofCC13480\/?locale=fr_FR\" target=\"_blank\" rel=\"noopener nofollow\"><strong>sur la page Facebook du comit\u00e9 d\u2019organisation<\/strong><\/a><\/p>\n<p>We Are Kultr Festival \u2013 22 au 24 ao\u00fbt \u00e0 Marseille<img loading=\"lazy\" decoding=\"async\" width=\"1024\" height=\"574\" src=\"data:image\/svg+xml,%3Csvg%20xmlns=\" http:=\"\" alt=\"\" class=\"wp-image-372343\" style=\"width:983px;height:auto\" data-lazy- data-lazy- data-lazy-src=\"https:\/\/www.europesays.com\/fr\/wp-content\/uploads\/2025\/08\/capture-decran-2025-08-23-a-08.51.22-1024x574.png\"\/><\/p>\n<p class=\"has-text-align-left\">La mairie des 15 et 16e arrondissements de Marseille, invite le public \u00e0 trois jours de culture urbaine \u00e0 Marseille, m\u00ealant concerts, DJ sets, performances artistiques et rencontres, en partenariat avec l\u2019association St\u2019Art Up.<\/p>\n<ul class=\"wp-block-list\">\n<li>Dimanche 24 ao\u00fbt (12h\u201120h30) : journ\u00e9e festive et familiale de cl\u00f4ture au Parc Fran\u00e7ois Billoux. Entr\u00e9e libre.<\/li>\n<li>Vendredi 22 ao\u00fbt (16h\u20114h) : table ronde, rencontres, performances live et DJ sets \u00e0 la Cit\u00e9 des Arts de la Rue (225 avenue Ibrahim Ali). Entr\u00e9e libre.<\/li>\n<li>Samedi 23 ao\u00fbt (16h\u20111h) : concerts, DJ sets, village des cr\u00e9ateurs, food court et animations au Parc Fran\u00e7ois Billoux (246 rue de Lyon).<\/li>\n<li>After-party de minuit \u00e0 6h \u00e0 la Cit\u00e9 des Arts de la Rue.<\/li>\n<\/ul>\n<p class=\"has-background\" style=\"background-color:#8dd2fc24\"><strong>\ud83d\udc49<\/strong> Tarif \u00e0 partir de 10 euros pour le 23, 20 euros pour l\u2019after<\/p>\n<p>Le Natif Festival \u00e0 Hy\u00e8res<img loading=\"lazy\" decoding=\"async\" width=\"1024\" height=\"380\" src=\"data:image\/svg+xml,%3Csvg%20xmlns=\" http:=\"\" alt=\"\" class=\"wp-image-372341\" data-lazy- data-lazy- data-lazy-src=\"https:\/\/www.europesays.com\/fr\/wp-content\/uploads\/2025\/08\/capture-decran-2025-08-22-a-19.44.13-1024x380.png\"\/><\/p>\n<p>Le Natif Festival revient \u00e0 Hy\u00e8res du 22 au 24 ao\u00fbt \u00e0 l\u2019Hippodrome de la Plage, apr\u00e8s le succ\u00e8s de sa premi\u00e8re \u00e9dition qui a rassembl\u00e9 15 000 participants. Pendant trois jours, le festival propose un m\u00e9lange unique de musique, spectacles et animations, avec des DJ sets live, des repr\u00e9sentations artistiques, un spectacle son et lumi\u00e8re, des d\u00e9monstrations sportives, un village partenaires, un food court et des espaces de d\u00e9tente.<\/p>\n<p>Chaque jour, une sc\u00e8ne diff\u00e9rente offre une exp\u00e9rience immersive : le Moon Stage du vendredi invite \u00e0 se laisser porter par l\u2019\u00e9nergie lunaire, le Venus Stage du samedi s\u00e9duit par ses vibrations f\u00e9minines et enivrantes, tandis que le Stars Stage du dimanche cl\u00f4ture le festival par une explosion de lumi\u00e8re et de surprises. Avec une programmation riche et vari\u00e9e, le Natif Festival promet des moments inoubliables pour tous les amateurs de musique et d\u2019art vivant.<\/p>\n<p class=\"has-background\" style=\"background-color:#a6491b12\"><strong>\ud83d\udc49<\/strong> Pour plus d\u2019informations et la billetterie, rendez-vous sur <a href=\"http:\/\/www.natif-festival.com\/\" target=\"_blank\" rel=\"noopener nofollow\"><strong>www.natif-festival.com<\/strong><\/a>.<\/p>\n<p>Balades en bateau estivales \u2013 Port-de-Bouc et Calanques de Cassis<img loading=\"lazy\" decoding=\"async\" width=\"829\" height=\"1024\" src=\"data:image\/svg+xml,%3Csvg%20xmlns=\" http:=\"\" alt=\"\" class=\"wp-image-372338\" style=\"width:640px;height:auto\" data-lazy- data-lazy- data-lazy-src=\"https:\/\/www.europesays.com\/fr\/wp-content\/uploads\/2025\/08\/capture-decran-2025-08-22-a-19.53.30-829x1024.png\"\/><\/p>\n<p>Pour ce week-end, laissez-vous s\u00e9duire par les balades en bateau estivales au d\u00e9part de Port-de-Bouc. Le vendredi 22 ao\u00fbt, profitez d\u2019une courte d\u00e9couverte des c\u00f4tes port-boucaines, id\u00e9ale pour s\u2019\u00e9merveiller des paysages marins et des charmantes plages de galets. Le samedi 23 ao\u00fbt, embarquez pour une excursion inoubliable vers les Calanques de Cassis : au d\u00e9part du Cours Landrivon \u00e0 13h, prenez place \u00e0 bord pour une croisi\u00e8re de plus de trois heures \u00e0 travers des eaux turquoise, des falaises de calcaire et des espaces naturels pr\u00e9serv\u00e9s, avant de revenir \u00e0 Port-de-Bouc vers 18h30. Une sortie parfaite pour admirer les tr\u00e9sors cach\u00e9s de la M\u00e9diterran\u00e9e et profiter d\u2019un moment de d\u00e9tente au c\u0153ur de paysages spectaculaires.<\/p>\n<p class=\"has-background\" style=\"background-color:#9b51e01a\"><strong>\ud83d\udc49<\/strong> <a href=\"http:\/\/www.portdebouc-tourisme.fr\/temps-forts\/les-balades-estivales\/\" data-type=\"link\" data-id=\"http:\/\/www.portdebouc-tourisme.fr\/temps-forts\/les-balades-estivales\/\" target=\"_blank\" rel=\"noopener nofollow\"><strong>Renseignements<\/strong><\/a><\/p>\n<p>Visite guid\u00e9e \u2013 Promenade Cezanne \u00e0 Gardanne<img loading=\"lazy\" decoding=\"async\" width=\"1024\" height=\"731\" src=\"data:image\/svg+xml,%3Csvg%20xmlns=\" http:=\"\" alt=\"\" class=\"wp-image-372337\" style=\"width:784px;height:auto\" data-lazy- data-lazy- data-lazy-src=\"https:\/\/www.europesays.com\/fr\/wp-content\/uploads\/2025\/08\/capture-decran-2025-08-22-a-19.55.08-1024x731.png\"\/>Cr\u00e9dit : OT Gardanne<\/p>\n<p>Vendredi 22 ao\u00fbt, partez sur les traces de Paul Cezanne \u00e0 Gardanne lors d\u2019une promenade guid\u00e9e sur le sentier de la Colline des Fr\u00e8res et dans les rues du village. Entre 1885 et 1886, le peintre y v\u00e9cut avec sa famille et trouva dans ces paysages une source d\u2019inspiration in\u00e9puisable. \u00c0 travers des reproductions de ses \u0153uvres install\u00e9es in situ et des anecdotes sur sa vie, vous d\u00e9couvrirez l\u2019homme derri\u00e8re l\u2019artiste et comprendrez pourquoi il disait qu\u2019il y avait \u00ab des tr\u00e9sors \u00e0 emporter de ce pays-ci \u00bb. La visite, men\u00e9e en fran\u00e7ais, se d\u00e9roule de 9h30 \u00e0 11h30, au d\u00e9part de l\u2019Office de tourisme de Gardanne. Pensez \u00e0 r\u00e9server avant le jeudi 17h et \u00e0 chausser vos chaussures de marche pour profiter pleinement de cette immersion artistique.<\/p>\n<p class=\"has-background\" style=\"background-color:#d7fff1\"><strong>\ud83d\udc49<\/strong> <a href=\"https:\/\/www.tourisme-gardanne.fr\/promenade-cezanne-7442953\/\" data-type=\"link\" data-id=\"https:\/\/www.tourisme-gardanne.fr\/promenade-cezanne-7442953\/\" target=\"_blank\" rel=\"noopener nofollow\"><strong>P<\/strong><\/a><strong><a href=\"https:\/\/www.tourisme-gardanne.fr\/promenade-cezanne-7442953\/\" data-type=\"link\" data-id=\"https:\/\/www.tourisme-gardanne.fr\/promenade-cezanne-7442953\/\" target=\"_blank\" rel=\"noopener nofollow\">lus d\u2019informations<\/a> <\/strong><br \/><strong>\ud83d\udc49<\/strong> Nos articles sur<strong><a href=\"https:\/\/gomet.net\/?s=ann\u00e9e+Cezanne\" target=\"_blank\" data-type=\"link\" data-id=\"https:\/\/gomet.net\/?s=ann\u00e9e+Cezanne\" rel=\"noreferrer noopener nofollow\"> l\u2019ann\u00e9e Cezanne<\/a><\/strong><\/p>\n<p>On Air \u2013 Soir\u00e9es sur le toit-terrasse de la Friche Belle de Mai<img loading=\"lazy\" decoding=\"async\" width=\"1024\" height=\"611\" src=\"data:image\/svg+xml,%3Csvg%20xmlns=\" http:=\"\" alt=\"\" class=\"wp-image-372336\" data-lazy- data-lazy- data-lazy-src=\"https:\/\/www.europesays.com\/fr\/wp-content\/uploads\/2025\/08\/capture-decran-2025-08-22-a-19.59.17-1024x611.png\"\/>Cr\u00e9dit : Friche de la Belle de Mai<\/p>\n<p>Les 22 et 23 ao\u00fbt, profitez d\u2019un rendez-vous estival unique sur le toit-terrasse de la Friche Belle de Mai \u00e0 Marseille. Vendredi 22 ao\u00fbt, la Kemia Party vous plonge dans les sonorit\u00e9s traditionnelles et actuelles du Maghreb et du Machrek avec Wala Marra en live et des DJ sets de Malaise Vagal et Mehtoze. Le samedi 23 ao\u00fbt, place au festival Constellations, avec Yaguara en DJ set Afro house, tropical bass et township funk, accompagn\u00e9 de performances dans\u00e9es pour un voyage musical et visuel audacieux. Entre couchers de soleil, musique, ap\u00e9ros et cuisine m\u00e9diterran\u00e9enne, chaque soir\u00e9e est une invitation \u00e0 prendre l\u2019air, seul\u00b7e, en famille ou entre amis, dans un cadre festif et convivial au c\u0153ur de Marseille.<\/p>\n<p class=\"has-background\" style=\"background-color:#f3b6b670\"><strong>\ud83d\udc49<\/strong> <a href=\"https:\/\/www.lafriche.org\/evenements\/on-air-2025-kemia-party\/\" data-type=\"link\" data-id=\"https:\/\/www.lafriche.org\/evenements\/on-air-2025-kemia-party\/\" target=\"_blank\" rel=\"noopener nofollow\"><strong>Le d\u00e9tail des soir\u00e9es On Air<\/strong><\/a><\/p>\n<p>Ap\u00e9ro Sunset dans les vignes \u2013 Ch\u00e2teau Henri Bonnaud Au Tholonet<img loading=\"lazy\" decoding=\"async\" width=\"1024\" height=\"760\" src=\"data:image\/svg+xml,%3Csvg%20xmlns=\" http:=\"\" alt=\"\" class=\"wp-image-372335\" style=\"width:586px;height:auto\" data-lazy- data-lazy- data-lazy-src=\"https:\/\/www.europesays.com\/fr\/wp-content\/uploads\/2025\/08\/capture-decran-2025-08-22-a-20.00.55-1024x760.png\"\/>Cr\u00e9dit : DR<\/p>\n<p>Ce vendredi 22 ao\u00fbt, profitez d\u2019un moment suspendu au c\u0153ur des vignes du Ch\u00e2teau Henri Bonnaud, face \u00e0 la majestueuse Sainte-Victoire. L\u2019ap\u00e9ro sunset vous propose une d\u00e9gustation comment\u00e9e de trois cuv\u00e9es embl\u00e9matiques \u2013 ros\u00e9, blanc et rouge \u2013 accompagn\u00e9e de g\u00e9n\u00e9reux plateaux de fromages et charcuteries. La soir\u00e9e commence par une courte balade conviviale \u00e0 travers les vignes pour rejoindre ce lieu intimiste, limit\u00e9 \u00e0 12 personnes, et se poursuit dans une ambiance champ\u00eatre et chaleureuse. Un voyage sensoriel unique, id\u00e9al pour savourer le coucher de soleil dans un cadre naturel exceptionnel. La d\u00e9gustation se d\u00e9roule de 18h \u00e0 20h15.<\/p>\n<p class=\"has-background\" style=\"background-color:#baf8e1\"><strong>\ud83d\udc49<\/strong> <strong><a href=\"https:\/\/provence-alpes-cotedazur.com\/que-faire\/sortir\/toutes-les-sorties\/apero-sunset-dans-les-vignes-le-tholonet-fr-5921125\/\" data-type=\"link\" data-id=\"https:\/\/provence-alpes-cotedazur.com\/que-faire\/sortir\/toutes-les-sorties\/apero-sunset-dans-les-vignes-le-tholonet-fr-5921125\/\" target=\"_blank\" rel=\"noopener nofollow\">Plus d\u2019infos sur le site Provence Alpes C\u00f4te d\u2019Azur Tourisme<\/a><\/strong><\/p>\n<p>Tr\u00e9sor cach\u00e9 de la C\u00f4te Bleue \u2013 Randonn\u00e9e et kayak\/paddle<img loading=\"lazy\" decoding=\"async\" width=\"1024\" height=\"626\" src=\"data:image\/svg+xml,%3Csvg%20xmlns=\" http:=\"\" alt=\"\" class=\"wp-image-372334\" style=\"width:750px;height:auto\" data-lazy- data-lazy- data-lazy-src=\"https:\/\/www.europesays.com\/fr\/wp-content\/uploads\/2025\/08\/capture-decran-2025-08-22-a-20.04.09-1024x626.png\"\/>Cr\u00e9dit Office de tourisme de Carry<\/p>\n<p class=\"has-text-align-left\">Ce vendredi 22 ao\u00fbt, partez pour une journ\u00e9e compl\u00e8te d\u2019aventure entre terre et mer \u00e0 la d\u00e9couverte des tr\u00e9sors naturels de la C\u00f4te Bleue. La matin\u00e9e d\u00e9bute \u00e0 9h30 par une randonn\u00e9e guid\u00e9e facile de 5 km au d\u00e9part de Carry-le-Rouet, sur un sentier confidentiel m\u00ealant garrigue parfum\u00e9e, panoramas m\u00e9diterran\u00e9ens et pauses baignade \u00e0 la superbe Calanque du Puit aux eaux turquoise. Apr\u00e8s une pause d\u00e9jeuner face \u00e0 la mer, l\u2019apr\u00e8s-midi se poursuit par une excursion guid\u00e9e en kayak ou paddle vers la myst\u00e9rieuse Grotte aux Hirondelles.<\/p>\n<p class=\"has-text-align-left\">Entre falaises blanches, grottes marines et eau translucide, vous d\u00e9couvrirez un littoral sauvage et pr\u00e9serv\u00e9, tout en apprenant \u00e0 mieux conna\u00eetre ses \u00e9cosyst\u00e8mes et son histoire. Une exp\u00e9rience immersive et d\u00e9paysante, parfaite pour vivre la M\u00e9diterran\u00e9e autrement.<\/p>\n<p class=\"has-background\" style=\"background-color:#d5c8c8\"><strong>\ud83d\udc49<\/strong> <strong><a href=\"https:\/\/www.otcarrylerouet.fr\/tresor-cache-de-la-cote-bleue.html\" data-type=\"link\" data-id=\"https:\/\/www.otcarrylerouet.fr\/tresor-cache-de-la-cote-bleue.html\" target=\"_blank\" rel=\"noopener nofollow\">Plus d\u2019informations sur le site de l\u2019Office de tourisme de Carry-le-Rouet<\/a><\/strong><\/p>\n<p>Ap\u00e9ro et d\u00eener en terrasse \u00e0 Marseille<img loading=\"lazy\" decoding=\"async\" width=\"765\" height=\"1024\" src=\"data:image\/svg+xml,%3Csvg%20xmlns=\" http:=\"\" alt=\"Restaurant Santorin\" class=\"wp-image-371995\" style=\"width:504px;height:auto\" data-lazy- data-lazy- data-lazy-src=\"https:\/\/www.europesays.com\/fr\/wp-content\/uploads\/2025\/08\/img_1343-765x1024.jpeg\"\/>Santorin \/ (Cr\u00e9dit : Gomet)<\/p>\n<p>Quand le soleil se couche et que les terrasses s\u2019animent, Marseille devient un v\u00e9ritable terrain de jeu gourmand. Imaginez-vous install\u00e9 \u00e0 la table d\u2019un restaurant avec vue sur les ruelles anim\u00e9es ou sur le Vieux-Port, un cocktail \u00e0 la main et les saveurs m\u00e9diterran\u00e9ennes qui \u00e9veillent vos papilles. Entre ambiance conviviale et soir\u00e9es anim\u00e9es, ces terrasses marseillaises sont le spot parfait pour prolonger l\u2019\u00e9t\u00e9. Que ce soit pour un ap\u00e9ro entre amis, un d\u00eener romantique ou simplement un moment de d\u00e9tente apr\u00e8s le travail, chaque adresse a son charme et sa petite touche de magie. D\u00e9couvrez notre s\u00e9lection des meilleures terrasses pour choisir votre prochaine sortie et profiter pleinement de l\u2019\u00e9t\u00e9.<\/p>\n<p class=\"has-background\" style=\"background-color:#f1f2f4\"><strong>\ud83d\udc49 <a href=\"https:\/\/gomet.net\/restaurants-avec-terrasse-a-marseille-nos-adresses\/\" rel=\"nofollow noopener\" target=\"_blank\">Retrouvez nos adresses coups de c\u0153ur<\/a><\/strong><\/p>\n<p>Journ\u00e9e plage et baignade \u00e0 la Plage du Ja\u00ef<img loading=\"lazy\" decoding=\"async\" width=\"1024\" height=\"768\" src=\"data:image\/svg+xml,%3Csvg%20xmlns=\" http:=\"\" alt=\"\" class=\"wp-image-348335\" style=\"width:774px;height:auto\" data-lazy- data-lazy- data-lazy-src=\"https:\/\/www.europesays.com\/fr\/wp-content\/uploads\/2025\/08\/img_7297-1024x768.jpeg\"\/>Plage du Ja\u00ef \u00e0 Marignane \/ (Cr\u00e9dit : Gomet\u2018)<\/p>\n<p>Envie d\u2019une escapade entre nature et mer\u202f? La Plage du Ja\u00ef \u00e0 Marignane est le lieu parfait pour s\u2019\u00e9vader le temps d\u2019une journ\u00e9e. Entre ses eaux turquoise, ses criques intimistes et son ambiance paisible, cette plage vous transporte loin de l\u2019agitation de la ville. Installez votre serviette sur le sable, laissez vos pieds se rafra\u00eechir dans l\u2019eau, et admirez le bleu profond de la M\u00e9diterran\u00e9e. Id\u00e9al pour un pique-nique en famille, une s\u00e9ance de lecture au soleil ou une baignade tonique entre amis, cet endroit combine d\u00e9tente, nature et paysages \u00e0 couper le souffle. Un vrai petit coin de paradis accessible pour tous ceux qui veulent profiter de l\u2019\u00e9t\u00e9.<\/p>\n<p class=\"has-background\" style=\"background-color:#f1f2f4\"><strong>\ud83d\udc49 <a href=\"https:\/\/gomet.net\/plage-du-jai-a-marignane\/\" rel=\"nofollow noopener\" target=\"_blank\">Toutes les infos pour organiser votre journ\u00e9e<\/a><\/strong><\/p>\n<p>Expositions et d\u00e9couvertes culturelles pour toute la famille \u00e0 Cosquer M\u00e9diterran\u00e9e<img loading=\"lazy\" decoding=\"async\" width=\"1024\" height=\"686\" src=\"data:image\/svg+xml,%3Csvg%20xmlns=\" http:=\"\" alt=\"La galerie des animaux pr\u00e9-historiques \u00e0 l'\u00e9tage de Cosquer M\u00e9diterran\u00e9e (Cr\u00e9dit Gomet'\/GG)\" class=\"wp-image-233113\" style=\"width:880px;height:auto\" data-lazy- data-lazy- data-lazy-src=\"https:\/\/www.europesays.com\/fr\/wp-content\/uploads\/2025\/08\/galerie_animaux-1024x686.jpg\"\/>La galerie des animaux pr\u00e9-historiques \u00e0 l\u2019\u00e9tage de Cosquer M\u00e9diterran\u00e9e (Cr\u00e9dit Gomet\u2019\/GG)<\/p>\n<p>Si vous cherchez une sortie qui allie culture, d\u00e9couverte et plaisir en famille, les nouvelles expositions \u00e0 Cosquer M\u00e9diterran\u00e9e sont incontournables. Plongez dans le monde fascinant de l\u2019art et de l\u2019histoire sous-marine, explorez les secrets de la M\u00e9diterran\u00e9e et laissez les plus jeunes s\u2019\u00e9merveiller devant des r\u00e9cits captivants et des installations interactives. Ces expositions offrent un moment unique o\u00f9 apprentissage et \u00e9merveillement se rencontrent, parfait pour passer un apr\u00e8s-midi enrichissant tout en s\u2019amusant. Une sortie id\u00e9ale pour \u00e9veiller la curiosit\u00e9, cr\u00e9er des souvenirs et d\u00e9couvrir la richesse culturelle de la r\u00e9gion.<\/p>\n<p class=\"has-background\" style=\"background-color:#f1f2f4\">\ud83d\udc49 <a href=\"https:\/\/gomet.net\/deux-nouvelles-expositions-a-cosquer-mediterranee\/\" rel=\"nofollow noopener\" target=\"_blank\"><strong>D\u00e9couvrir les expositions pour toute la famille<\/strong><\/a><\/p>\n<p>Festival Kouss.Kouss, la couscous mania s\u2019empare de Marseille<img loading=\"lazy\" decoding=\"async\" width=\"1024\" height=\"509\" src=\"data:image\/svg+xml,%3Csvg%20xmlns=\" http:=\"\" alt=\"\" class=\"wp-image-372333\" style=\"width:825px;height:auto\" data-lazy- data-lazy- data-lazy-src=\"https:\/\/www.europesays.com\/fr\/wp-content\/uploads\/2025\/08\/capture-decran-2025-08-22-a-20.10.58-1024x509.png\"\/><\/p>\n<p>Du 22 au 30 ao\u00fbt 2025, le Kouss Kouss Festival revient pour sa 8\u1d49 \u00e9dition avec une grande nouveaut\u00e9 : six repas festifs enti\u00e8rement gratuits et sans inscription, r\u00e9partis dans plusieurs quartiers de Marseille. Une belle fa\u00e7on de c\u00e9l\u00e9brer la fin de l\u2019\u00e9t\u00e9 autour de la convivialit\u00e9, de la musique et bien s\u00fbr\u2026 du couscous !<\/p>\n<p class=\"has-background\" style=\"background-color:#f7ecce\">\ud83d\udc49 <a href=\"https:\/\/gomet.net\/deux-nouvelles-expositions-a-cosquer-mediterranee\/\" rel=\"nofollow noopener\" target=\"_blank\"><strong>Toute la programmation<\/strong><\/a><\/p>\n<p>Balade \u00e0 Hy\u00e8res sur la presqu\u2019\u00eele de Giens<img loading=\"lazy\" decoding=\"async\" width=\"1024\" height=\"768\" src=\"data:image\/svg+xml,%3Csvg%20xmlns=\" http:=\"\" alt=\"Vue sur l'\u00eele du Grand Rideau et Porquerolles depuis Giens (Cr\u00e9dit Gomet')\" class=\"wp-image-372291\" style=\"width:764px;height:auto\" data-lazy- data-lazy- data-lazy-src=\"https:\/\/www.europesays.com\/fr\/wp-content\/uploads\/2025\/08\/img_6554-1024x768.jpeg\"\/>Vue sur l\u2019\u00eele du Grand Rideau et Porquerolles depuis Giens (Cr\u00e9dit Gomet\u2019)<\/p>\n<p>Entre salins, corniche arbor\u00e9e, plages de sable fin et lagune, la balade \u00e0 Hy\u00e8res jusqu\u2019\u00e0 la presqu\u2019il de Giens est riche de nombreux plaisirs. De la sortie matinale \u00e0 v\u00e9lo jusqu\u2019au pique-nique au couchant sur la plage de l\u2019Almanarre, sans oublier une visite au Mus\u00e9e du Niel, vous ne regrettez pas votre journ\u00e9e dans le Var.<\/p>\n<p class=\"has-background\" style=\"background-color:#f9e7da\">\ud83d\udc49 <a href=\"https:\/\/gomet.net\/deux-nouvelles-expositions-a-cosquer-mediterranee\/\" rel=\"nofollow noopener\" target=\"_blank\"><strong>Notre reportage en images \u00e0 Hy\u00e8res<\/strong><\/a><\/p>\n<p class=\"has-text-align-center\"><strong>Retrouvez les autres dates de l\u2019agenda d\u2019\u00e9t\u00e9 dans la r\u00e9gion Sud<\/strong><br \/><strong>dans notre Suppl\u00e9ment \u00e9t\u00e9 et vacances 2025<\/strong><\/p>\n<\/p>\n<p class=\"has-background\" style=\"background-color:#abb7c233\">Lien utile :<br \/>&gt; <strong><a href=\"https:\/\/gomet.net\/theme\/city-guide-2\/\" target=\"_blank\" rel=\"noreferrer noopener nofollow\">L\u2019actualit\u00e9 des loisirs et des sorties dans notre rubrique City guide.<\/a><\/strong><\/p>\n","protected":false},"excerpt":{"rendered":"Que faire ce week-end de l\u2019Assomption \u00e0 Marseille, en Provence et dans la r\u00e9gion Provence-Alpes-C\u00f4te d\u2019Azur ? Chaque&hellip;\n","protected":false},"author":2,"featured_media":123230,"comment_status":"","ping_status":"","sticky":false,"template":"","format":"standard","meta":{"footnotes":""},"categories":[2814],"tags":[1111,11,1777,674,1011,27,884,12,882,25],"class_list":{"0":"post-337946","1":"post","2":"type-post","3":"status-publish","4":"format-standard","5":"has-post-thumbnail","7":"category-marseille","8":"tag-actu","9":"tag-actualites","10":"tag-eu","11":"tag-europe","12":"tag-fr","13":"tag-france","14":"tag-marseille","15":"tag-news","16":"tag-provence-alpes-cote-dazur","17":"tag-republique-francaise"},"share_on_mastodon":{"url":"https:\/\/pubeurope.com\/@fr\/115076817536140871","error":""},"_links":{"self":[{"href":"https:\/\/www.europesays.com\/fr\/wp-json\/wp\/v2\/posts\/337946","targetHints":{"allow":["GET"]}}],"collection":[{"href":"https:\/\/www.europesays.com\/fr\/wp-json\/wp\/v2\/posts"}],"about":[{"href":"https:\/\/www.europesays.com\/fr\/wp-json\/wp\/v2\/types\/post"}],"author":[{"embeddable":true,"href":"https:\/\/www.europesays.com\/fr\/wp-json\/wp\/v2\/users\/2"}],"replies":[{"embeddable":true,"href":"https:\/\/www.europesays.com\/fr\/wp-json\/wp\/v2\/comments?post=337946"}],"version-history":[{"count":0,"href":"https:\/\/www.europesays.com\/fr\/wp-json\/wp\/v2\/posts\/337946\/revisions"}],"wp:featuredmedia":[{"embeddable":true,"href":"https:\/\/www.europesays.com\/fr\/wp-json\/wp\/v2\/media\/123230"}],"wp:attachment":[{"href":"https:\/\/www.europesays.com\/fr\/wp-json\/wp\/v2\/media?parent=337946"}],"wp:term":[{"taxonomy":"category","embeddable":true,"href":"https:\/\/www.europesays.com\/fr\/wp-json\/wp\/v2\/categories?post=337946"},{"taxonomy":"post_tag","embeddable":true,"href":"https:\/\/www.europesays.com\/fr\/wp-json\/wp\/v2\/tags?post=337946"}],"curies":[{"name":"wp","href":"https:\/\/api.w.org\/{rel}","templated":true}]}}