{"id":337947,"date":"2025-08-23T07:07:12","date_gmt":"2025-08-23T07:07:12","guid":{"rendered":"https:\/\/www.europesays.com\/fr\/337947\/"},"modified":"2025-08-23T07:07:12","modified_gmt":"2025-08-23T07:07:12","slug":"marseille-ces-nouveautes-que-vous-decouvrirez-au-stade-velodrome-cette-saison","status":"publish","type":"post","link":"https:\/\/www.europesays.com\/fr\/337947\/","title":{"rendered":"Marseille. Ces nouveaut\u00e9s que vous d\u00e9couvrirez au stade V\u00e9lodrome cette saison"},"content":{"rendered":"<p>            Par<br \/>\n        <strong><br \/>\n            <a href=\"https:\/\/actu.fr\/auteur\/thomas-blanc\" title=\"Consulter tous les articles de Thomas Blanc\" target=\"_blank\" rel=\"noopener\">Thomas Blanc<\/a><br \/>\n        <\/strong><\/p>\n<p>        Publi\u00e9 le<\/p>\n<p>            23 ao\u00fbt 2025 \u00e0 8h14        <\/p>\n<p>Apr\u00e8s une saison marqu\u00e9e par une <strong>s\u00e9rie d\u2019incidents<\/strong>, le gouvernement a d\u00e9cid\u00e9 de durcir le ton dans les stades de Ligue\u00a01. Le ministre de l\u2019Int\u00e9rieur, <a href=\"https:\/\/actu.fr\/tag\/bruno-retailleau\" target=\"_blank\" rel=\"noopener\">Bruno Retailleau<\/a>, avait pr\u00e9sent\u00e9 au mois de juin\u00a02025 des mesures d\u00e9di\u00e9es \u00e0 renforcer <strong>la s\u00e9curit\u00e9 des enceintes sportives<\/strong> et \u00e0 am\u00e9liorer l\u2019exp\u00e9rience des spectateurs.<\/p>\n<p class=\" wall-content\">Elles seront appliqu\u00e9es pour la premi\u00e8re fois au <a href=\"https:\/\/actu.fr\/tag\/stade-velodrome\" target=\"_blank\" rel=\"noopener\">stade V\u00e9lodrome<\/a> dans le 8e arrondissement de <a href=\"https:\/\/actu.fr\/marseille\/\" target=\"_blank\" rel=\"noopener\">Marseille<\/a> ce samedi 23\u00a0ao\u00fbt 2025 pour <strong>le match contre le Paris FC<\/strong> qui lance la saison \u00e0 domicile de l\u2019<a href=\"https:\/\/actu.fr\/tag\/olympique-de-marseille-om\" target=\"_blank\" rel=\"noopener\">Olympique de Marseille<\/a>.<\/p>\n<p>De nouveaux supporters atypiques<\/p>\n<p class=\" wall-content\">La premi\u00e8re concerne <strong>la pr\u00e9sence polici\u00e8re<\/strong>. D\u00e9sormais, en plus <a href=\"https:\/\/actu.fr\/tag\/police\" target=\"_blank\" rel=\"noopener\">des forces de l\u2019ordre<\/a> en uniforme d\u00e9j\u00e0 d\u00e9ploy\u00e9es aux abords du stade V\u00e9lodrome et parfois, au pied des tribunes, des <strong>policiers en civil<\/strong> circuleront parmi les spectateurs durant le match.<\/p>\n<p class=\" wall-content\">Ces agents discrets auront pour mission de rep\u00e9rer rapidement les comportements \u00e0 risque, d\u2019<strong>identifier les fauteurs de troubles<\/strong> et d\u2019agir en amont avant que les d\u00e9bordements ne d\u00e9g\u00e9n\u00e8rent.<\/p>\n<p class=\" wall-content\">Ce dispositif aura pour but de \u00ab\u2009rep\u00e9rer individuellement untel ou untel qui conduit la danse, untel ou untel qui est en train de d\u00e9raper, les fauteurs de troubles. Je veux des sanctions <strong>beaucoup plus personnalis\u00e9es et individualis\u00e9es<\/strong>\u2009\u00bb, avait clairement indiqu\u00e9 le ministre de l\u2019Int\u00e9rieur au micro de <a href=\"https:\/\/rmcsport.bfmtv.com\/football\/ligue-1\/ligue-1-retailleau-confirme-l-arrivee-de-policiers-en-civil-dans-les-stades_AV-202506250350.html\" target=\"_blank\" rel=\"noopener\">RMC<\/a>\u00a0tout en rappelant que les incidents violents de la saison pass\u00e9e avaient terni l\u2019image du football fran\u00e7ais, en France comme \u00e0 l\u2019\u00e9tranger.<\/p>\n<p>Interdiction de fumer<\/p>\n<p class=\" wall-content\">Autre nouveaut\u00e9\u2009: il sera d\u00e9sormais strictement interdit de fumer dans l\u2019ensemble des stades de Ligue\u00a01, une cons\u00e9quence de <a href=\"https:\/\/actu.fr\/societe\/parc-plage-abribus-quelle-sanction-et-quelle-amende-si-vous-fumez-desormais-dans-ces-lieux-publics_62839986.html\" target=\"_blank\" rel=\"noopener\">la loi du 1er\u00a0juillet 2025<\/a> qui entre autres instaur\u00e9 le fait que les \u00ab\u2009infrastructures sportives deviendront officiellement zones sans tabac\u2009\u00bb.<\/p>\n<p class=\" wall-content\">Cette d\u00e9cision, qui s\u2019inscrit dans un effort plus global de sant\u00e9 publique, vise aussi \u00e0 <strong>rendre les tribunes plus agr\u00e9ables<\/strong> pour tous les publics, et particuli\u00e8rement pour les familles.\u00a0L\u00e0 encore, les policiers en civil joueront un r\u00f4le cl\u00e9 puisqu\u2019ils auront la possibilit\u00e9 de verbaliser sur place les contrevenants puisque les policiers en place seront \u00ab\u2009des officiers de police judiciaire asserment\u00e9s qui peuvent constater la commission d\u2019infraction\u2009\u00bb, avait pos\u00e9 le ministre de l\u2019Int\u00e9rieur.<\/p>\n<p>Votre r\u00e9gion, votre actu !<\/p>\n<p>Recevez chaque jour les infos qui comptent pour vous.<\/p>\n<p>\t<a href=\"https:\/\/actu.fr\/newsletter\" class=\"ac-btn ac-btn--corner ac-btn--medium ac-btn--blue800\" target=\"_blank\" rel=\"noopener\">S&rsquo;incrire<\/a><\/p>\n<p class=\" wall-content\">Les <strong>amendes<\/strong> concerneront tout autant les simples fumeurs que les individus responsables d\u2019actions induisant des incidents ou des chants ostentatoires.<\/p>\n<p class=\" wall-content\">Reste \u00e0 voir si cette nouvelle strat\u00e9gie trouvera l\u2019\u00e9quilibre entre fermet\u00e9 et respect de la ferveur populaire qui fait la richesse du football fran\u00e7ais et permettra de ne plus voir les tribunes du stade V\u00e9lodrome enti\u00e8rement ferm\u00e9e gr\u00e2ce aux \u00ab\u2009sanctions personnalis\u00e9es et individualis\u00e9es.\u2009\u00bb<\/p>\n<p class=\" wall-content\">Personnalisez votre actualit\u00e9 en ajoutant vos villes et m\u00e9dias en favori avec <a href=\"https:\/\/moncompte.actu.fr\" title=\"D\u00e9couvez Mon Actu\" rel=\"nofollow noopener\" data-trk=\"{&quot;cta&quot;:{&quot;action&quot;:&quot;https:\\\/\\\/moncompte.actu.fr&quot;,&quot;category&quot;:&quot;mon compte&quot;,&quot;from&quot;:&quot;article footer&quot;,&quot;name&quot;:&quot;Mon actu&quot;,&quot;type&quot;:&quot;cta&quot;}}\" target=\"_blank\">Mon Actu<\/a>.<\/p>\n","protected":false},"excerpt":{"rendered":"Par Thomas Blanc Publi\u00e9 le 23 ao\u00fbt 2025 \u00e0 8h14 Apr\u00e8s une saison marqu\u00e9e par une s\u00e9rie d\u2019incidents,&hellip;\n","protected":false},"author":2,"featured_media":337948,"comment_status":"","ping_status":"","sticky":false,"template":"","format":"standard","meta":{"footnotes":""},"categories":[2814],"tags":[1111,11,1777,674,1011,27,884,12,2333,1072,882,25,104,1280],"class_list":{"0":"post-337947","1":"post","2":"type-post","3":"status-publish","4":"format-standard","5":"has-post-thumbnail","7":"category-marseille","8":"tag-actu","9":"tag-actualites","10":"tag-eu","11":"tag-europe","12":"tag-fr","13":"tag-france","14":"tag-marseille","15":"tag-news","16":"tag-olympique-de-marseille-om","17":"tag-police","18":"tag-provence-alpes-cote-dazur","19":"tag-republique-francaise","20":"tag-societe","21":"tag-stade-velodrome"},"share_on_mastodon":{"url":"https:\/\/pubeurope.com\/@fr\/115076821506062115","error":""},"_links":{"self":[{"href":"https:\/\/www.europesays.com\/fr\/wp-json\/wp\/v2\/posts\/337947","targetHints":{"allow":["GET"]}}],"collection":[{"href":"https:\/\/www.europesays.com\/fr\/wp-json\/wp\/v2\/posts"}],"about":[{"href":"https:\/\/www.europesays.com\/fr\/wp-json\/wp\/v2\/types\/post"}],"author":[{"embeddable":true,"href":"https:\/\/www.europesays.com\/fr\/wp-json\/wp\/v2\/users\/2"}],"replies":[{"embeddable":true,"href":"https:\/\/www.europesays.com\/fr\/wp-json\/wp\/v2\/comments?post=337947"}],"version-history":[{"count":0,"href":"https:\/\/www.europesays.com\/fr\/wp-json\/wp\/v2\/posts\/337947\/revisions"}],"wp:featuredmedia":[{"embeddable":true,"href":"https:\/\/www.europesays.com\/fr\/wp-json\/wp\/v2\/media\/337948"}],"wp:attachment":[{"href":"https:\/\/www.europesays.com\/fr\/wp-json\/wp\/v2\/media?parent=337947"}],"wp:term":[{"taxonomy":"category","embeddable":true,"href":"https:\/\/www.europesays.com\/fr\/wp-json\/wp\/v2\/categories?post=337947"},{"taxonomy":"post_tag","embeddable":true,"href":"https:\/\/www.europesays.com\/fr\/wp-json\/wp\/v2\/tags?post=337947"}],"curies":[{"name":"wp","href":"https:\/\/api.w.org\/{rel}","templated":true}]}}