{"id":337949,"date":"2025-08-23T07:08:13","date_gmt":"2025-08-23T07:08:13","guid":{"rendered":"https:\/\/www.europesays.com\/fr\/337949\/"},"modified":"2025-08-23T07:08:13","modified_gmt":"2025-08-23T07:08:13","slug":"un-reseau-de-froid-alimente-par-leau-des-parkings-lyonnais","status":"publish","type":"post","link":"https:\/\/www.europesays.com\/fr\/337949\/","title":{"rendered":"Un r\u00e9seau de froid aliment\u00e9 par l&rsquo;eau des parkings lyonnais"},"content":{"rendered":"<p>Une alternative au climatiseur classique, les r\u00e9seaux de froid. A Lyon, c\u2019est l\u2019eau de la nappe phr\u00e9atique r\u00e9cup\u00e9r\u00e9e dans les parkings qui sert \u00e0 refroidir certains batiments. Et pas des moindres\u2026<\/p>\n<p>Le syst\u00e8me n\u2019est pas nouveau\u2026 A Lyon, le premier date des ann\u00e9es 70. Et depuis une dizaine d\u2019ann\u00e9es la M\u00e9tropole de Lyon s\u2019est r\u00e9appropri\u00e9e le sujet. De nouveaux <strong>r\u00e9seaux de froid<\/strong> \u00e9mergent un peu partout sur le territoire. Th\u00e9ophile Eliot et Paul Mars se sont introduits dans cette usine un peu particuli\u00e8re\u2026. Ecoutez le podcast<\/p>\n<p>R\u00e9seau de froid de la Part-Dieu<\/p>\n<p>\u00c0 <strong>Lyon<\/strong>, sous les trottoirs, une autre forme de fra\u00eecheur circule. La <strong>M\u00e9tropole de Lyon<\/strong> dispose d\u00e9j\u00e0 de trois r\u00e9seaux de froid souterrains totalisant 17 kilom\u00e8tres de canalisations, r\u00e9partis <strong>entre la Part-Dieu et Gerland<\/strong>.<\/p>\n<p>Un syst\u00e8me discret, mais ambitieux : <strong>produire du froid<\/strong> comme une <strong>climatisation<\/strong> classique, tout en consommant jusqu\u2019\u00e0 <strong>deux fois moins d\u2019\u00e9lectricit\u00e9<\/strong> et en r\u00e9duisant la <strong>pollution<\/strong>.<\/p>\n<p>Ecoutez aussi :<a href=\"https:\/\/www.lyondemain.fr\/ecombust-biocharbon-barbecue\/\" target=\"_blank\" rel=\"noreferrer noopener\"> Ecombust : le biocharbon plus performant et plus \u00e9colo<\/a><\/p>\n<p><img fetchpriority=\"high\" decoding=\"async\" width=\"1200\" height=\"675\" src=\"https:\/\/www.europesays.com\/fr\/wp-content\/uploads\/2025\/08\/reseau-de-froid-Gerald-Campbell-Robertson.jpg\" alt=\"G\u00e9rald Campbell Robertson\" class=\"wp-image-251191\"  \/>G\u00e9rald Campbell Robertson<\/p>\n<p>Produire du froid sans rejeter du chaud<\/p>\n<p>\u201cUne <strong>climatisation classique<\/strong> de type individuel produit du <strong>froid<\/strong>. Mais rejette de l\u2019<strong>air chaud<\/strong> \u00e0 l\u2019ext\u00e9rieur. Ce qui contribue aux <strong>\u00eelots de chaleur<\/strong>\u201d, explique <strong>G\u00e9rald Campbell Robertson<\/strong>, directeur g\u00e9n\u00e9ral des <strong>r\u00e9seaux de chaud et de froid<\/strong> pour <strong>Dalkia<\/strong>. C\u2019est l\u2019entreprise qui exploite le r\u00e9seau pour le compte de la <strong>M\u00e9tropole de Lyon.<\/strong><\/p>\n<p>\u201cParfois, ces syst\u00e8mes pompent dans la <strong>nappe phr\u00e9atique<\/strong> de surface et la r\u00e9chauffent. Nous, on utilise l\u2019eau issue de la <strong>nappe profonde<\/strong>, d\u00e9j\u00e0 pomp\u00e9e dans les parkings. On valorise donc cette eau pour <strong>produire du froid<\/strong>.\u201d\u00a0<\/p>\n<p>Concr\u00e8tement, l\u2019<strong>eau froide pr\u00e9lev\u00e9e sous la Part-Dieu<\/strong> parcourt un kilom\u00e8tre pour rejoindre la centrale, o\u00f9 elle refroidit les machines de production. Elle est ensuite r\u00e9inject\u00e9e dans la <strong>nappe de surface<\/strong>, \u00e0 une temp\u00e9rature plus basse, contribuant \u00e0 la rafra\u00eechir. Les installations produisent alors une<strong> eau glac\u00e9e<\/strong> \u00e0 5 \u00b0C, envoy\u00e9e en circuit ferm\u00e9 sur 14 kilom\u00e8tres pour alimenter <strong>750 000 m\u00b2 de bureaux, h\u00f4pitaux et data centers<\/strong>.<\/p>\n<p>Ecoutez aussi : <a href=\"https:\/\/www.lyondemain.fr\/couzon-au-mont-dor-centrale-hydroelectrique\/\" target=\"_blank\" rel=\"noreferrer noopener\">Couzon-au-Mont-d\u2019Or : immersion dans la centrale hydro\u00e9lectique<\/a><\/p>\n<p>Une climatisation naturelle compliqu\u00e9e \u00e0 mettre en oeuvre dans les logements<\/p>\n<p>Pour l\u2019instant, 96 % des b\u00e9n\u00e9ficiaires sont des <strong><a href=\"https:\/\/www.grandlyon.com\/services\/connaitre-les-services-pour-son-entreprise\/raccorder-son-entreprise-aux-reseaux-urbains-de-chaleur-ou-de-froid\" target=\"_blank\" rel=\"noreferrer noopener\">b\u00e2timents tertiaires<\/a><\/strong>. Les <strong>particuliers<\/strong> devront patienter : \u00ab Techniquement, c\u2019est faisable, mais tr\u00e8s cher. Nous cherchons des solutions simplifi\u00e9es pour r\u00e9duire les co\u00fbts. Peut-\u00eatre pas climatiser tout un logement, mais au moins un point qui permet de temp\u00e9rer l\u2019appartement \u00bb, pr\u00e9cise <strong>G\u00e9rald Campbell Robertson<\/strong>.<\/p>\n<p>Une extension aux <strong>logements neufs<\/strong> pourrait passer par une obligation l\u00e9gale. Comme c\u2019est d\u00e9j\u00e0 le cas pour les r\u00e9seaux de chaleur. Pour l\u2019ancien, il faudrait aussi adapter les installations sans travaux lourds. Des pistes sont \u00e0 l\u2019\u00e9tude et pourraient voir le jour \u00ab d\u2019ici un an ou deux \u00bb.<\/p>\n<p>Malgr\u00e9 ces limites le r\u00e9seau devrait continuer a s\u2019\u00e9tendre. <strong>Deux nouvelles centrales<\/strong> sont pr\u00e9vues : l\u2019une en 2026 \u00e0<strong> Oullins<\/strong>, l\u2019autre en 2027, reli\u00e9e au r\u00e9seau de chaleur <strong>Sa\u00f4ne-Yzeron<\/strong>, pour couvrir ainsi le 5e et le 9e arrondissement.<\/p>\n<p>Ecoutez aussi : <a href=\"https:\/\/www.lyondemain.fr\/ecombust-biocharbon-barbecue\/\" target=\"_blank\" rel=\"noopener\">Biogaz : les acteurs locaux qui r\u00e9inventent l\u2019\u00e9nergie durable<\/a><\/p>\n<p><img loading=\"lazy\" decoding=\"async\" width=\"1200\" height=\"675\" src=\"https:\/\/www.europesays.com\/fr\/wp-content\/uploads\/2025\/08\/reseau-de-froid-usine-souterraine.jpg\" alt=\"usine souterraine\" class=\"wp-image-251195\"  \/><br \/>\nJ\u2019aime \u00e7a\u00a0:<\/p>\n<p>J\u2019aime chargement\u2026<\/p>\n<p><a class=\"sd-link-color\"\/><\/p>\n<p>\n\tArticles similaires\n<\/p>\n<p>\t\t\t\t<img decoding=\"async\" src=\"https:\/\/www.europesays.com\/fr\/wp-content\/uploads\/2025\/08\/1755932893_727_7866158698e17e8ed633c05e8f8e7fe5d9e057ad78661c4dc34e413abb6b9f19\" alt=\"G\u00e9rald Bouchon\"\/><\/p>\n<p>Pionnier des radios libres, passionn\u00e9 de radio, journaliste et dirigeant de m\u00e9dias \u00e9co-responsables..<\/p>\n","protected":false},"excerpt":{"rendered":"Une alternative au climatiseur classique, les r\u00e9seaux de froid. A Lyon, c\u2019est l\u2019eau de la nappe phr\u00e9atique r\u00e9cup\u00e9r\u00e9e&hellip;\n","protected":false},"author":2,"featured_media":337950,"comment_status":"","ping_status":"","sticky":false,"template":"","format":"standard","meta":{"footnotes":""},"categories":[1889],"tags":[1111,11,2430,7655,31363,47416,1777,674,1011,27,2777,2428,10510,22063,12,8028,32413,25,47417,47418],"class_list":{"0":"post-337949","1":"post","2":"type-post","3":"status-publish","4":"format-standard","5":"has-post-thumbnail","7":"category-lyon","8":"tag-actu","9":"tag-actualites","10":"tag-auvergne-rhone-alpes","11":"tag-bureaux","12":"tag-climatisation","13":"tag-data-center","14":"tag-eu","15":"tag-europe","16":"tag-fr","17":"tag-france","18":"tag-hopitaux","19":"tag-lyon","20":"tag-metropole-de-lyon","21":"tag-nappe-phreatique","22":"tag-news","23":"tag-parkings","24":"tag-production-de-froid","25":"tag-republique-francaise","26":"tag-reseau-de-froid","27":"tag-se-rafraichir"},"share_on_mastodon":{"url":"https:\/\/pubeurope.com\/@fr\/115076825499901701","error":""},"_links":{"self":[{"href":"https:\/\/www.europesays.com\/fr\/wp-json\/wp\/v2\/posts\/337949","targetHints":{"allow":["GET"]}}],"collection":[{"href":"https:\/\/www.europesays.com\/fr\/wp-json\/wp\/v2\/posts"}],"about":[{"href":"https:\/\/www.europesays.com\/fr\/wp-json\/wp\/v2\/types\/post"}],"author":[{"embeddable":true,"href":"https:\/\/www.europesays.com\/fr\/wp-json\/wp\/v2\/users\/2"}],"replies":[{"embeddable":true,"href":"https:\/\/www.europesays.com\/fr\/wp-json\/wp\/v2\/comments?post=337949"}],"version-history":[{"count":0,"href":"https:\/\/www.europesays.com\/fr\/wp-json\/wp\/v2\/posts\/337949\/revisions"}],"wp:featuredmedia":[{"embeddable":true,"href":"https:\/\/www.europesays.com\/fr\/wp-json\/wp\/v2\/media\/337950"}],"wp:attachment":[{"href":"https:\/\/www.europesays.com\/fr\/wp-json\/wp\/v2\/media?parent=337949"}],"wp:term":[{"taxonomy":"category","embeddable":true,"href":"https:\/\/www.europesays.com\/fr\/wp-json\/wp\/v2\/categories?post=337949"},{"taxonomy":"post_tag","embeddable":true,"href":"https:\/\/www.europesays.com\/fr\/wp-json\/wp\/v2\/tags?post=337949"}],"curies":[{"name":"wp","href":"https:\/\/api.w.org\/{rel}","templated":true}]}}