{"id":337951,"date":"2025-08-23T07:09:18","date_gmt":"2025-08-23T07:09:18","guid":{"rendered":"https:\/\/www.europesays.com\/fr\/337951\/"},"modified":"2025-08-23T07:09:18","modified_gmt":"2025-08-23T07:09:18","slug":"manifestation-de-soutien-au-peuple-ukrainien-ce-dimanche-a-lyon","status":"publish","type":"post","link":"https:\/\/www.europesays.com\/fr\/337951\/","title":{"rendered":"manifestation de soutien au peuple ukrainien ce dimanche \u00e0 Lyon"},"content":{"rendered":"<p>A l\u2019occasion de la comm\u00e9moration de l\u2019anniversaire de l\u2019ind\u00e9pendance de l\u2019Ukraine en 1991, un rassemblement est organis\u00e9 ce dimanche 24\u00a0ao\u00fbt \u00e0 Lyon par diff\u00e9rentes associations de soutien \u00e0 l\u2019Ukraine (Libert\u00e9 pour l\u2019Ukraine, Lyon Ukraine et le Comit\u00e9 Ukraine 33).<\/p>\n<p>Le d\u00e9fil\u00e9 partira \u00e0 18 heures de la place des Terreaux, et passera par la rue Constantine, quai de la P\u00eacherie, quai Saint-Antoine, quai des C\u00e9lestins, rue colonel Chambonnet pour se terminer place Bellecour.<\/p>\n<p>Des prises de parole, des temps musicaux et de pri\u00e8res sont pr\u00e9vus \u00ab\u00a0pour soutenir la r\u00e9sistance ukrainienne, une paix juste et durable et d\u00e9noncer le \u00ab\u00a0Sommet\u00a0\u00bb de la honte d\u2019Anchorage\u00a0\u00bb\u00a0: \u00ab\u00a0Nous comptons sur la pr\u00e9sence de beaucoup de Lyonnais au moment o\u00f9 les fondements du droit international sont dramatiquement remis en cause par les tractations honteuses entre le fasciste Poutine et le populiste Trump\u00a0\u00bb, appellent les organisateurs.<\/p>\n","protected":false},"excerpt":{"rendered":"A l\u2019occasion de la comm\u00e9moration de l\u2019anniversaire de l\u2019ind\u00e9pendance de l\u2019Ukraine en 1991, un rassemblement est organis\u00e9 ce&hellip;\n","protected":false},"author":2,"featured_media":337952,"comment_status":"","ping_status":"","sticky":false,"template":"","format":"standard","meta":{"footnotes":""},"categories":[1889],"tags":[1111,11,2430,3206,2757,1777,674,1011,27,2428,2756,12,25,2429],"class_list":{"0":"post-337951","1":"post","2":"type-post","3":"status-publish","4":"format-standard","5":"has-post-thumbnail","7":"category-lyon","8":"tag-actu","9":"tag-actualites","10":"tag-auvergne-rhone-alpes","11":"tag-defense-guerre-conflit","12":"tag-edition-lyon-villeurbanne","13":"tag-eu","14":"tag-europe","15":"tag-fr","16":"tag-france","17":"tag-lyon","18":"tag-lyon-bassin","19":"tag-news","20":"tag-republique-francaise","21":"tag-rhone"},"share_on_mastodon":{"url":"https:\/\/pubeurope.com\/@fr\/115076829219272665","error":""},"_links":{"self":[{"href":"https:\/\/www.europesays.com\/fr\/wp-json\/wp\/v2\/posts\/337951","targetHints":{"allow":["GET"]}}],"collection":[{"href":"https:\/\/www.europesays.com\/fr\/wp-json\/wp\/v2\/posts"}],"about":[{"href":"https:\/\/www.europesays.com\/fr\/wp-json\/wp\/v2\/types\/post"}],"author":[{"embeddable":true,"href":"https:\/\/www.europesays.com\/fr\/wp-json\/wp\/v2\/users\/2"}],"replies":[{"embeddable":true,"href":"https:\/\/www.europesays.com\/fr\/wp-json\/wp\/v2\/comments?post=337951"}],"version-history":[{"count":0,"href":"https:\/\/www.europesays.com\/fr\/wp-json\/wp\/v2\/posts\/337951\/revisions"}],"wp:featuredmedia":[{"embeddable":true,"href":"https:\/\/www.europesays.com\/fr\/wp-json\/wp\/v2\/media\/337952"}],"wp:attachment":[{"href":"https:\/\/www.europesays.com\/fr\/wp-json\/wp\/v2\/media?parent=337951"}],"wp:term":[{"taxonomy":"category","embeddable":true,"href":"https:\/\/www.europesays.com\/fr\/wp-json\/wp\/v2\/categories?post=337951"},{"taxonomy":"post_tag","embeddable":true,"href":"https:\/\/www.europesays.com\/fr\/wp-json\/wp\/v2\/tags?post=337951"}],"curies":[{"name":"wp","href":"https:\/\/api.w.org\/{rel}","templated":true}]}}