{"id":337957,"date":"2025-08-23T07:13:37","date_gmt":"2025-08-23T07:13:37","guid":{"rendered":"https:\/\/www.europesays.com\/fr\/337957\/"},"modified":"2025-08-23T07:13:37","modified_gmt":"2025-08-23T07:13:37","slug":"quelle-rivalite-entre-lom-et-le-pfc","status":"publish","type":"post","link":"https:\/\/www.europesays.com\/fr\/337957\/","title":{"rendered":"quelle rivalit\u00e9 entre l&rsquo;OM et le PFC\u00a0?"},"content":{"rendered":"\n<p>\u00ab\u00a0Je vais amener un cahier et prendre des notes parce que l\u00e0, on va prendre des le\u00e7ons\u00a0\u00bb\u00a0: quelle rivalit\u00e9 entre l&rsquo;OM et le PFC\u00a0?<\/p>\n<p>Sans rivalit\u00e9 sportive historique ni antagonisme av\u00e9r\u00e9 entre supporters, ce Marseille-Paris n&rsquo;a rien d&rsquo;\u00e9lectrique. Au PFC, on le vit comme une f\u00eate alors que, \u00e0 l&rsquo;OM, on y pr\u00eate \u00e0 peine attention dans le contexte de l&rsquo;affaire Rabiot avant le match entre les deux \u00e9quipes samedi (17\u00a0heures).<\/p>\n","protected":false},"excerpt":{"rendered":"\u00ab\u00a0Je vais amener un cahier et prendre des notes parce que l\u00e0, on va prendre des le\u00e7ons\u00a0\u00bb\u00a0: quelle&hellip;\n","protected":false},"author":2,"featured_media":337958,"comment_status":"","ping_status":"","sticky":false,"template":"","format":"standard","meta":{"footnotes":""},"categories":[1888],"tags":[1111,1928,11,1927,1777,674,1011,27,12,1926,626,1925,25],"class_list":{"0":"post-337957","1":"post","2":"type-post","3":"status-publish","4":"format-standard","5":"has-post-thumbnail","7":"category-paris","8":"tag-actu","9":"tag-actu-paris","10":"tag-actualites","11":"tag-actualites-paris","12":"tag-eu","13":"tag-europe","14":"tag-fr","15":"tag-france","16":"tag-news","17":"tag-news-paris","18":"tag-paris","19":"tag-paris-news","20":"tag-republique-francaise"},"share_on_mastodon":{"url":"https:\/\/pubeurope.com\/@fr\/115076845010012317","error":""},"_links":{"self":[{"href":"https:\/\/www.europesays.com\/fr\/wp-json\/wp\/v2\/posts\/337957","targetHints":{"allow":["GET"]}}],"collection":[{"href":"https:\/\/www.europesays.com\/fr\/wp-json\/wp\/v2\/posts"}],"about":[{"href":"https:\/\/www.europesays.com\/fr\/wp-json\/wp\/v2\/types\/post"}],"author":[{"embeddable":true,"href":"https:\/\/www.europesays.com\/fr\/wp-json\/wp\/v2\/users\/2"}],"replies":[{"embeddable":true,"href":"https:\/\/www.europesays.com\/fr\/wp-json\/wp\/v2\/comments?post=337957"}],"version-history":[{"count":0,"href":"https:\/\/www.europesays.com\/fr\/wp-json\/wp\/v2\/posts\/337957\/revisions"}],"wp:featuredmedia":[{"embeddable":true,"href":"https:\/\/www.europesays.com\/fr\/wp-json\/wp\/v2\/media\/337958"}],"wp:attachment":[{"href":"https:\/\/www.europesays.com\/fr\/wp-json\/wp\/v2\/media?parent=337957"}],"wp:term":[{"taxonomy":"category","embeddable":true,"href":"https:\/\/www.europesays.com\/fr\/wp-json\/wp\/v2\/categories?post=337957"},{"taxonomy":"post_tag","embeddable":true,"href":"https:\/\/www.europesays.com\/fr\/wp-json\/wp\/v2\/tags?post=337957"}],"curies":[{"name":"wp","href":"https:\/\/api.w.org\/{rel}","templated":true}]}}