{"id":337959,"date":"2025-08-23T07:14:19","date_gmt":"2025-08-23T07:14:19","guid":{"rendered":"https:\/\/www.europesays.com\/fr\/337959\/"},"modified":"2025-08-23T07:14:19","modified_gmt":"2025-08-23T07:14:19","slug":"quand-lennemi-public-numero-1-lancait-les-premiers-burgers-a-paris-bien-avant-mcdonalds","status":"publish","type":"post","link":"https:\/\/www.europesays.com\/fr\/337959\/","title":{"rendered":"Quand \u00ab\u00a0l&rsquo;ennemi public num\u00e9ro 1\u00a0\u00bb lan\u00e7ait les premiers burgers \u00e0 Paris bien avant McDonald&rsquo;s"},"content":{"rendered":"<p>            Par<br \/>\n        <strong><br \/>\n            <a href=\"https:\/\/actu.fr\/auteur\/thomas-martin\" title=\"Consulter tous les articles de Thomas Martin\" rel=\"nofollow noopener\" target=\"_blank\">Thomas Martin<\/a><br \/>\n        <\/strong><\/p>\n<p>        Publi\u00e9 le<\/p>\n<p>            23 ao\u00fbt 2025 \u00e0 7h06        <\/p>\n<p>Ceux qui ont vu au moins une fois dans leur vie <strong>\u00ab\u00a0L\u2019aile ou la cuisse\u00a0\u00bb<\/strong> de Claude Zidi, avec <a href=\"https:\/\/actu.fr\/normandie\/vernon_27681\/louis-de-funes-du-box-office-a-linfarctus_62944157.html\" rel=\"nofollow noopener\" target=\"_blank\">Louis de Fun\u00e8s<\/a> et Coluche, ont une vague id\u00e9e de qui est <strong>Jacques Borel<\/strong> qui a inspir\u00e9 dans le film le personnage de Jacques Tricatel, un industriel de l\u2019agro-alimentaire produisant de la malbouffe \u00e0 la chaine, jou\u00e9 par Julien Guiomar. \u00c2g\u00e9 aujourd\u2019hui de 98 ans, l\u2019homme reste dans l\u2019Histoire comme celui qui a lanc\u00e9 la <strong>restauration d\u2019autoroute<\/strong>. Mais avant cela, il est aussi celui qui a vendu les premiers hamburgers \u00e0 Paris bien avant <a href=\"https:\/\/actu.fr\/tag\/mcdonald-s\" rel=\"nofollow noopener\" target=\"_blank\">McDonald\u2019s<\/a>.\u00a0<\/p>\n<p>Jusqu\u2019\u00e0 20 restaurants Wimpy en France<\/p>\n<p class=\" wall-content\">En 1957, Jacques Borel cr\u00e9e son premier restaurant avec son \u00e9pouse, l\u2019Auberge Express, rue du Colis\u00e9e, pr\u00e8s de l\u2019avenue des <a href=\"https:\/\/actu.fr\/tag\/champs-elysees\" rel=\"nofollow noopener\" target=\"_blank\">Champs-\u00c9lys\u00e9es<\/a>. Obs\u00e9d\u00e9 par les cadences, il fixe comme objectif de servir \u00ab douze clients par minute, soit un toutes les cinq secondes \u00bb.\u00a0<\/p>\n<p class=\" wall-content\">Quatre ans plus tard, le 31 mai 1961, il ouvre rue du 4-Septembre, Wimpy, qui va devenir la premi\u00e8re cha\u00eene de restauration rapide en France. Le nom est inspir\u00e9 du meilleur ami de Popeye, J. Wellington Wimpy, alias Gontran en France, qui se goinfre de hamburgers.\u00a0<\/p>\n<p class=\" wall-content\">Dans cette enseigne de Chicago que Borel avait connue lors d\u2019un stage \u00e0 IBM \u00e0 New York en 1949, on y sert, \u00e0 table, des steaks hach\u00e9s de b\u0153uf, dans des petits pains ronds chauds accompagn\u00e9s de frites.<\/p>\n<p class=\" wall-content\">\u00ab J\u2019\u00e9tais forc\u00e9 de gagner, confiera-t-il, parce que ce sandwich contenait du b\u0153uf, qu\u2019il \u00e9tait chaud et servi \u00e0 table. Alors que son seul concurrent, \u00e9tait un sandwich de porc, froid, mang\u00e9 debout au comptoir des bistrots \u00bb. Le succ\u00e8s est au rendez-vous. Les critiques aussi. A l\u2019ouverture de Wimpy, le journal \u00ab France Soir \u00bb titre \u00ab Jacques Borel, l\u2019ennemi public num\u00e9ro 1 \u00bb \u00e0 l\u2019encontre de celui qui va devenir le symbole de la malbouffe.\u00a0<\/p>\n<p class=\" wall-content\">Qu\u2019importe, lui encha\u00eene. \u00ab \u00c0 l\u2019\u00e9poque, pour \u00eatre rentable, il fallait faire trois couverts par si\u00e8ge et par jour J\u2019en faisais dix-huit en semaine et vingt-sept le week-end ! \u00bb. Les Wimpy se multiplient comme des petits pains dans la capitale. Il y en a ainsi eu jusqu\u2019\u00e0 20 dans l\u2019Hexagone (15 \u00e0 Paris et 5 en province). Mais le d\u00e9veloppement s\u2019arr\u00eate l\u00e0 car Jacques Borel se tourne ensuite vers les restaurants d\u2019autoroute avec un premier \u00e9tablissement sur l\u2019autoroute A6, \u00e0 l\u2019aire de Venoy pr\u00e8s d\u2019Auxerre (Yonne).\u00a0<\/p>\n<p class=\" wall-content\"><a href=\"https:\/\/www.instagram.com\/reel\/DMmbOuVN8xg\/embed\" title=\"Ouvrir le lien sur Instagram\" rel=\"nofollow noopener\" target=\"_blank\">Visualiser le contenu sur Instagram<\/a><\/p>\n<p class=\" wall-content\">En 1973, il existait encore des Wimpy \u00e0 Paris : l\u2019un sur les Champs-\u00c9lys\u00e9es (\u00e0 hauteur de la rue La Bo\u00e9tie), l\u2019autre \u00e0 l\u2019angle de la rue Soufflot et du boulevard Saint-Michel (Wimpy \u2013 Capoulade), un autre proche de la Gare Saint-Lazare (place du Havre) et aussi boulevard des Italiens. Ils dispara\u00eetront finalement \u00e0 la suite d\u2019un d\u00e9saccord avec la maison-m\u00e8re britannique.\u00a0<\/p>\n<p>Votre r\u00e9gion, votre actu !<\/p>\n<p>Recevez chaque jour les infos qui comptent pour vous.<\/p>\n<p>\t<a href=\"https:\/\/actu.fr\/newsletter\" class=\"ac-btn ac-btn--corner ac-btn--medium ac-btn--blue800\" rel=\"nofollow noopener\" target=\"_blank\">S&rsquo;incrire<\/a><\/p>\n<p class=\" wall-content\">Le <a href=\"https:\/\/actu.fr\/ile-de-france\/creteil_94028\/ce-restaurant-francais-que-mcdonald-s-aimerait-effacer-de-sa-memoire_60490085.html\" rel=\"nofollow noopener\" target=\"_blank\">tout premier McDonald\u2019s<\/a> en France voit le jour, lui, en 1972 \u00e0 Cr\u00e9teil (Val-de-Marne), lanc\u00e9 par l\u2019homme d\u2019affaires Raymond Dayan qui en ouvre un autre \u00e0 Paris un an plus tard, sur les Champs-Elys\u00e9es avant de devoir mener une guerre contre le g\u00e9ant am\u00e9ricain qui l\u2019emportera en justice et se d\u00e9veloppera dans l\u2019Hexagone. Aujourd\u2019hui, on d\u00e9nombre plus de 1500 restaurants McDonald\u2019s en France servant pr\u00e8s de 2 millions de repas.\u00a0<\/p>\n<p class=\" wall-content\">Personnalisez votre actualit\u00e9 en ajoutant vos villes et m\u00e9dias en favori avec <a href=\"https:\/\/moncompte.actu.fr\" title=\"D\u00e9couvez Mon Actu\" rel=\"nofollow noopener\" data-trk=\"{&quot;cta&quot;:{&quot;action&quot;:&quot;https:\\\/\\\/moncompte.actu.fr&quot;,&quot;category&quot;:&quot;mon compte&quot;,&quot;from&quot;:&quot;article footer&quot;,&quot;name&quot;:&quot;Mon actu&quot;,&quot;type&quot;:&quot;cta&quot;}}\" target=\"_blank\">Mon Actu<\/a>.<\/p>\n<p>                    <script async src=\"\/\/www.instagram.com\/embed.js\"><\/script><\/p>\n","protected":false},"excerpt":{"rendered":"Par Thomas Martin Publi\u00e9 le 23 ao\u00fbt 2025 \u00e0 7h06 Ceux qui ont vu au moins une fois&hellip;\n","protected":false},"author":2,"featured_media":337960,"comment_status":"","ping_status":"","sticky":false,"template":"","format":"standard","meta":{"footnotes":""},"categories":[1888],"tags":[11,1777,674,1011,27,679,12,626,25,1340,104],"class_list":{"0":"post-337959","1":"post","2":"type-post","3":"status-publish","4":"format-standard","5":"has-post-thumbnail","7":"category-paris","8":"tag-actualites","9":"tag-eu","10":"tag-europe","11":"tag-fr","12":"tag-france","13":"tag-mcdonalds","14":"tag-news","15":"tag-paris","16":"tag-republique-francaise","17":"tag-restaurant","18":"tag-societe"},"share_on_mastodon":{"url":"https:\/\/pubeurope.com\/@fr\/115076849011354060","error":""},"_links":{"self":[{"href":"https:\/\/www.europesays.com\/fr\/wp-json\/wp\/v2\/posts\/337959","targetHints":{"allow":["GET"]}}],"collection":[{"href":"https:\/\/www.europesays.com\/fr\/wp-json\/wp\/v2\/posts"}],"about":[{"href":"https:\/\/www.europesays.com\/fr\/wp-json\/wp\/v2\/types\/post"}],"author":[{"embeddable":true,"href":"https:\/\/www.europesays.com\/fr\/wp-json\/wp\/v2\/users\/2"}],"replies":[{"embeddable":true,"href":"https:\/\/www.europesays.com\/fr\/wp-json\/wp\/v2\/comments?post=337959"}],"version-history":[{"count":0,"href":"https:\/\/www.europesays.com\/fr\/wp-json\/wp\/v2\/posts\/337959\/revisions"}],"wp:featuredmedia":[{"embeddable":true,"href":"https:\/\/www.europesays.com\/fr\/wp-json\/wp\/v2\/media\/337960"}],"wp:attachment":[{"href":"https:\/\/www.europesays.com\/fr\/wp-json\/wp\/v2\/media?parent=337959"}],"wp:term":[{"taxonomy":"category","embeddable":true,"href":"https:\/\/www.europesays.com\/fr\/wp-json\/wp\/v2\/categories?post=337959"},{"taxonomy":"post_tag","embeddable":true,"href":"https:\/\/www.europesays.com\/fr\/wp-json\/wp\/v2\/tags?post=337959"}],"curies":[{"name":"wp","href":"https:\/\/api.w.org\/{rel}","templated":true}]}}