{"id":337961,"date":"2025-08-23T07:15:11","date_gmt":"2025-08-23T07:15:11","guid":{"rendered":"https:\/\/www.europesays.com\/fr\/337961\/"},"modified":"2025-08-23T07:15:11","modified_gmt":"2025-08-23T07:15:11","slug":"paris-fc-parcage-au-vel-le-burel-a-lhonneur-un-promu-pas-comme-les-autres-trois-choses-a-savoir-sur-le-match","status":"publish","type":"post","link":"https:\/\/www.europesays.com\/fr\/337961\/","title":{"rendered":"Paris FC : parcage au Vel&rsquo;, le Burel \u00e0 l&rsquo;honneur, un promu pas comme les autres&#8230; Trois choses \u00e0 savoir sur le match"},"content":{"rendered":"<p>Les Marseillais et le Burel en force<\/p>\n<p>Ancien joueur de l\u2019OM (2010-21) \u00e9galement pass\u00e9 sous les ordres de Roberto De Zerbi \u00e0 Sassuolo, <a href=\"https:\/\/www.laprovence.com\/article\/om\/85814442118682\/en-l1-il-ny-a-pas-le-temps-avant-daffronter-lom-avec-le-paris-fc-lopez-tire-la-sonnette-dalarme\" target=\"_blank\" rel=\"noopener\">Maxime Lopez (27\u00a0ans) va retrouver le Vel&rsquo;dans la peau de l\u2019adversaire.<\/a> Ce n\u2019est pas le seul Marseillais dans l\u2019effectif parisien, o\u00f9 l\u2019on retrouve aussi Julien Lopez, son fr\u00e8re a\u00een\u00e9 (33\u00a0ans), et l\u2019ex-R\u00e9mois Ilan Kebbal (27\u00a0ans). Trois joueurs qui ont la particularit\u00e9 d\u2019\u00eatre pass\u00e9s plus jeune par le Burel FC, un club formateur historique de la cit\u00e9 phoc\u00e9enne.<\/p>\n<p>Un mercato haut de gamme pour un promu<\/p>\n<p><a href=\"https:\/\/www.laprovence.com\/article\/sports\/1990718501264315\/football-ligue-2-le-paris-fc-entre-dans-une-nouvelle-galaxie\" target=\"_blank\" rel=\"noopener\">La Paris FC, d\u00e9sormais sous le giron de la richissime famille Arnault (groupe LVMH),<\/a> est une anomalie. Jamais un promu en L1 n\u2019avait eu un tel budget, estim\u00e9 \u00e0 130\u00a0millions d\u2019euros, soit le 4e de l\u2019\u00e9lite, derri\u00e8re le PSG, l\u2019OM et Monaco\u2026 Un tr\u00e9sor qui a d\u00e9j\u00e0 permis aux Franciliens de frapper fort sur le mercato, avec Otavio (17M, Porto), Simon (7M, Nantes) ou Geubbels (9M, Saint-Gall).<\/p>\n","protected":false},"excerpt":{"rendered":"Les Marseillais et le Burel en force Ancien joueur de l\u2019OM (2010-21) \u00e9galement pass\u00e9 sous les ordres de&hellip;\n","protected":false},"author":2,"featured_media":337962,"comment_status":"","ping_status":"","sticky":false,"template":"","format":"standard","meta":{"footnotes":""},"categories":[1888],"tags":[17,11,47421,1777,674,1011,27,3871,12,149,47419,626,37327,25,47420],"class_list":{"0":"post-337961","1":"post","2":"type-post","3":"status-publish","4":"format-standard","5":"has-post-thumbnail","7":"category-paris","8":"tag-17","9":"tag-actualites","10":"tag-burel","11":"tag-eu","12":"tag-europe","13":"tag-fr","14":"tag-france","15":"tag-lhonneur","16":"tag-news","17":"tag-om","18":"tag-parcage","19":"tag-paris","20":"tag-promu","21":"tag-republique-francaise","22":"tag-vel"},"share_on_mastodon":{"url":"https:\/\/pubeurope.com\/@fr\/115076852899233498","error":""},"_links":{"self":[{"href":"https:\/\/www.europesays.com\/fr\/wp-json\/wp\/v2\/posts\/337961","targetHints":{"allow":["GET"]}}],"collection":[{"href":"https:\/\/www.europesays.com\/fr\/wp-json\/wp\/v2\/posts"}],"about":[{"href":"https:\/\/www.europesays.com\/fr\/wp-json\/wp\/v2\/types\/post"}],"author":[{"embeddable":true,"href":"https:\/\/www.europesays.com\/fr\/wp-json\/wp\/v2\/users\/2"}],"replies":[{"embeddable":true,"href":"https:\/\/www.europesays.com\/fr\/wp-json\/wp\/v2\/comments?post=337961"}],"version-history":[{"count":0,"href":"https:\/\/www.europesays.com\/fr\/wp-json\/wp\/v2\/posts\/337961\/revisions"}],"wp:featuredmedia":[{"embeddable":true,"href":"https:\/\/www.europesays.com\/fr\/wp-json\/wp\/v2\/media\/337962"}],"wp:attachment":[{"href":"https:\/\/www.europesays.com\/fr\/wp-json\/wp\/v2\/media?parent=337961"}],"wp:term":[{"taxonomy":"category","embeddable":true,"href":"https:\/\/www.europesays.com\/fr\/wp-json\/wp\/v2\/categories?post=337961"},{"taxonomy":"post_tag","embeddable":true,"href":"https:\/\/www.europesays.com\/fr\/wp-json\/wp\/v2\/tags?post=337961"}],"curies":[{"name":"wp","href":"https:\/\/api.w.org\/{rel}","templated":true}]}}