{"id":337986,"date":"2025-08-23T07:29:12","date_gmt":"2025-08-23T07:29:12","guid":{"rendered":"https:\/\/www.europesays.com\/fr\/337986\/"},"modified":"2025-08-23T07:29:12","modified_gmt":"2025-08-23T07:29:12","slug":"us-open-la-confidence-de-jannik-sinner-quand-jetais-plus-jeune-jai-dit-a-mes-parents-que-si-a-23-ou-24-ans-je-netais-pas-dans-le-top-200-jarreterais-le-tennis","status":"publish","type":"post","link":"https:\/\/www.europesays.com\/fr\/337986\/","title":{"rendered":"US Open > La confidence de Jannik Sinner : \u00ab\u00a0Quand j&rsquo;\u00e9tais plus jeune, j&rsquo;ai dit \u00e0 mes parents que si \u00e0 23 ou 24\u00a0ans je n&rsquo;\u00e9tais pas dans le top 200, j&rsquo;arr\u00eaterais le tennis\u00a0\u00bb"},"content":{"rendered":"<p>Num\u00e9ro 1 mondial et vain\u00adqueur de quatre tour\u00adnois du Grand Chelem, Jannik Sinner n\u2019aurait sans doute jamais imagin\u00e9 atteindre de tels sommets \u00e0 seule\u00adment 24 ans. Un constat qu\u2019il a lui\u2010m\u00eame rappel\u00e9 en conf\u00e9\u00adrence de presse, \u00e0 la veille du d\u00e9but de l\u2019US Open, o\u00f9 il tentera de conserver son\u00a0titre.<\/p>\n<p><strong>\u00ab\u202fQuand j\u2019\u00e9tais bien plus jeune et que je suis parti de chez moi pour aller dans une acad\u00e9mie, j\u2019ai dit \u00e0 mes parents que si \u00e0 23 ou 24\u00a0ans je n\u2019\u00e9tais pas dans le top 200, j\u2019ar\u00adr\u00ea\u00adte\u00adrais le tennis. Parce qu\u2019on ne pouvait pas se le permettre finan\u00adci\u00e8\u00adre\u00adment. Cela co\u00fbte beau\u00adcoup d\u2019argent d\u2019aller sur les tour\u00adnois, de voyager, d\u2019avoir un coach\u2026 J\u2019ai eu beau\u00adcoup de chance d\u2019ar\u00adriver \u00e0 gagner mon argent d\u00e8s l\u2019\u00e2ge de 18\u00a0ans. C\u2019\u00e9tait rassu\u00adrant\u202f\u00bb<\/strong>, a racont\u00e9 l\u2019Italien qui affron\u00adtera le Tch\u00e8que Vit Kopriva (87e mondial) au premier tour.\u00a0<\/p>\n<p class=\"post-published-date\" style=\"color: silver; font-size: 75%; text-align: left;\">Publi\u00e9 le samedi 23 ao\u00fbt 2025 \u00e0 08:44<\/p>\n","protected":false},"excerpt":{"rendered":"Num\u00e9ro 1 mondial et vain\u00adqueur de quatre tour\u00adnois du Grand Chelem, Jannik Sinner n\u2019aurait sans doute jamais imagin\u00e9&hellip;\n","protected":false},"author":2,"featured_media":337987,"comment_status":"","ping_status":"","sticky":false,"template":"","format":"standard","meta":{"footnotes":""},"categories":[1415],"tags":[1011,27,2127,60,1467],"class_list":{"0":"post-337986","1":"post","2":"type-post","3":"status-publish","4":"format-standard","5":"has-post-thumbnail","7":"category-tennis","8":"tag-fr","9":"tag-france","10":"tag-sinner","11":"tag-sports","12":"tag-tennis"},"share_on_mastodon":{"url":"https:\/\/pubeurope.com\/@fr\/115076907880897114","error":""},"_links":{"self":[{"href":"https:\/\/www.europesays.com\/fr\/wp-json\/wp\/v2\/posts\/337986","targetHints":{"allow":["GET"]}}],"collection":[{"href":"https:\/\/www.europesays.com\/fr\/wp-json\/wp\/v2\/posts"}],"about":[{"href":"https:\/\/www.europesays.com\/fr\/wp-json\/wp\/v2\/types\/post"}],"author":[{"embeddable":true,"href":"https:\/\/www.europesays.com\/fr\/wp-json\/wp\/v2\/users\/2"}],"replies":[{"embeddable":true,"href":"https:\/\/www.europesays.com\/fr\/wp-json\/wp\/v2\/comments?post=337986"}],"version-history":[{"count":0,"href":"https:\/\/www.europesays.com\/fr\/wp-json\/wp\/v2\/posts\/337986\/revisions"}],"wp:featuredmedia":[{"embeddable":true,"href":"https:\/\/www.europesays.com\/fr\/wp-json\/wp\/v2\/media\/337987"}],"wp:attachment":[{"href":"https:\/\/www.europesays.com\/fr\/wp-json\/wp\/v2\/media?parent=337986"}],"wp:term":[{"taxonomy":"category","embeddable":true,"href":"https:\/\/www.europesays.com\/fr\/wp-json\/wp\/v2\/categories?post=337986"},{"taxonomy":"post_tag","embeddable":true,"href":"https:\/\/www.europesays.com\/fr\/wp-json\/wp\/v2\/tags?post=337986"}],"curies":[{"name":"wp","href":"https:\/\/api.w.org\/{rel}","templated":true}]}}