{"id":337998,"date":"2025-08-23T07:36:10","date_gmt":"2025-08-23T07:36:10","guid":{"rendered":"https:\/\/www.europesays.com\/fr\/337998\/"},"modified":"2025-08-23T07:36:10","modified_gmt":"2025-08-23T07:36:10","slug":"le-sculpteur-nicolas-rubinstein-connu-pour-detourner-mickey-mouse-sen-est-alle","status":"publish","type":"post","link":"https:\/\/www.europesays.com\/fr\/337998\/","title":{"rendered":"Le sculpteur Nicolas Rubinstein, connu pour d\u00e9tourner Mickey Mouse, s\u2019en est all\u00e9"},"content":{"rendered":"<p>Il s\u2019attachait \u00e0 montrer ce qu\u2019on ne voyait pas. \u00c0 61\u00a0ans, le sculpteur <a href=\"https:\/\/www.laprovence.com\/article\/edition-alpes\/3501015\/quand-nicolas-rubinstein-aura-du-vent-dans-son-crane.html\" target=\"_blank\" rel=\"noopener\">Nicolas Rubinstein<\/a>, \u00e9tablit \u00e0 Marseille depuis une trentaine d\u2019ann\u00e9es, s\u2019est \u00e9teint. Ing\u00e9nieur g\u00e9ologue de formation, il \u00e9tait inspir\u00e9 par les animaux, les os, le squelette. \u00ab\u00a0Sa premi\u00e8re s\u00e9rie d\u2019\u0153uvres \u00e9tait des sculptures mi-animaux mi-squelette en dimensions r\u00e9elles\u00a0\u00bb, se souvient Lukas, le fils de cet artiste d\u00e9bordant de cr\u00e9ativit\u00e9.<\/p>\n<p>En\u00a02005, Nicolas Rubinstein commence son travail sur le personnage de <a href=\"https:\/\/www.laprovence.com\/article\/culture-loisirs\/1330043664397515\/des-oeuvres-comme-tintin-les-films-d-hitchcock-ou-la-musique-de-ravel-tombent-dans-le-domaine-public-americain\" target=\"_blank\" rel=\"noopener\">Mickey Mouse<\/a>. Cette s\u00e9rie \u00e9tonnante dans laquelle il d\u00e9tourne la c\u00e9l\u00e8bre souris, baptis\u00e9e Mickey is also a rat a contribu\u00e9 \u00e0 sa renomm\u00e9e. \u00ab\u00a0Il a produit des bronzes fondus en deux, avec d\u2019un c\u00f4t\u00e9 le personnage, et de l\u2019autre, les os d\u2019un rat\u00a0\u00bb. Le message derri\u00e8re cette \u0153uvre\u00a0? \u00ab\u00a0Le rapport \u00e0 l\u2019enfance. Dire que ce qu\u2019on montre n\u2019est pas toujours tout beau. Derri\u00e8re, il y a la mort, la cupidit\u00e9\u2026\u00a0\u00bb, souligne le fils de l\u2019artiste qui avait reproduit Notre-Dame de la Garde avec des ossements.<\/p>\n<p>En\u00a02013, il avait \u00e9t\u00e9 s\u00e9lectionn\u00e9 pour exposer dans le cadre de \u00ab\u00a0Marseille, capitale europ\u00e9enne de la culture\u00a0\u00bb avec une installation autour de T\u00e9l\u00e9maque \u00e0 Saint-Cyr-sur-Mer, sur le th\u00e8me du voyage d\u2019Ulysse. Avant d\u2019exposer au mus\u00e9e Regards de Provence et de puiser une nouvelle source d\u2019inspiration dans l\u2019\u00e9cologie.<\/p>\n","protected":false},"excerpt":{"rendered":"Il s\u2019attachait \u00e0 montrer ce qu\u2019on ne voyait pas. \u00c0 61\u00a0ans, le sculpteur Nicolas Rubinstein, \u00e9tablit \u00e0 Marseille&hellip;\n","protected":false},"author":2,"featured_media":337999,"comment_status":"","ping_status":"","sticky":false,"template":"","format":"standard","meta":{"footnotes":""},"categories":[1358],"tags":[17,1348,1384,1385,19697,251,1386,47426,58,59,1011,27,47427,3957,471,47425,28720],"class_list":{"0":"post-337998","1":"post","2":"type-post","3":"status-publish","4":"format-standard","5":"has-post-thumbnail","7":"category-arts-et-design","8":"tag-17","9":"tag-arts","10":"tag-arts-and-design","11":"tag-arts-et-design","12":"tag-connu","13":"tag-culture","14":"tag-design","15":"tag-detourner","16":"tag-divertissement","17":"tag-entertainment","18":"tag-fr","19":"tag-france","20":"tag-mickey","21":"tag-nicolas","22":"tag-pour","23":"tag-rubinstein","24":"tag-sculpteur"},"share_on_mastodon":{"url":"https:\/\/pubeurope.com\/@fr\/115076935425272933","error":""},"_links":{"self":[{"href":"https:\/\/www.europesays.com\/fr\/wp-json\/wp\/v2\/posts\/337998","targetHints":{"allow":["GET"]}}],"collection":[{"href":"https:\/\/www.europesays.com\/fr\/wp-json\/wp\/v2\/posts"}],"about":[{"href":"https:\/\/www.europesays.com\/fr\/wp-json\/wp\/v2\/types\/post"}],"author":[{"embeddable":true,"href":"https:\/\/www.europesays.com\/fr\/wp-json\/wp\/v2\/users\/2"}],"replies":[{"embeddable":true,"href":"https:\/\/www.europesays.com\/fr\/wp-json\/wp\/v2\/comments?post=337998"}],"version-history":[{"count":0,"href":"https:\/\/www.europesays.com\/fr\/wp-json\/wp\/v2\/posts\/337998\/revisions"}],"wp:featuredmedia":[{"embeddable":true,"href":"https:\/\/www.europesays.com\/fr\/wp-json\/wp\/v2\/media\/337999"}],"wp:attachment":[{"href":"https:\/\/www.europesays.com\/fr\/wp-json\/wp\/v2\/media?parent=337998"}],"wp:term":[{"taxonomy":"category","embeddable":true,"href":"https:\/\/www.europesays.com\/fr\/wp-json\/wp\/v2\/categories?post=337998"},{"taxonomy":"post_tag","embeddable":true,"href":"https:\/\/www.europesays.com\/fr\/wp-json\/wp\/v2\/tags?post=337998"}],"curies":[{"name":"wp","href":"https:\/\/api.w.org\/{rel}","templated":true}]}}