{"id":338004,"date":"2025-08-23T07:39:11","date_gmt":"2025-08-23T07:39:11","guid":{"rendered":"https:\/\/www.europesays.com\/fr\/338004\/"},"modified":"2025-08-23T07:39:11","modified_gmt":"2025-08-23T07:39:11","slug":"frank-delay-du-duo-generation-boys-band-en-concert-ce-samedi-23-aout-les-gens-adorent-se-replonger-dans-la-nostalgie-des-annees-90","status":"publish","type":"post","link":"https:\/\/www.europesays.com\/fr\/338004\/","title":{"rendered":"Frank Delay, du duo G\u00e9n\u00e9ration Boys Band, en concert ce samedi 23\u00a0ao\u00fbt\u00a0: \u00ab\u00a0Les gens adorent se replonger dans la nostalgie des ann\u00e9es 90\u00a0\u00bb"},"content":{"rendered":"<p>\n                                                                Le chanteur Frank Delay, ancien membre du c\u00e9l\u00e8bre trio 2Be3, forme le groupe G\u00e9n\u00e9ration Boys Band avec Chris Keller (ex-G-Squad).\u00a0L\u2019artiste de 51 ans se livre\u00a0avant le concert Hits 90-2000 \u00e0 Bagnols-sur-C\u00e8ze de ce samedi 23\u00a0ao\u00fbt, complet.\n                            <\/p>\n<p class=\"txt-question\">Est-ce la premi\u00e8re fois que vous venez \u00e0 Bagnols\u00a0?<\/p>\n<p>Il me semble que je suis d\u00e9j\u00e0 venu, mais je ne me rappelle plus.\u00a0J\u2019ai un peu un probl\u00e8me car on est partout \u00e0 la fois, souvent sur la\u00a0route, on ne fait que des travers\u00e9es, on s\u2019arr\u00eate, on repart.\u00a0Dans le Gard on\u00a0a fait les ar\u00e8nes de\u00a0N\u00eemes, du temps de 2Be3.<\/p>\n<p class=\"txt-question\">G\u00e9n\u00e9ration Boys Band, duo que vous formez\u00a0avec le chanteur Chris Keller, a-t-il\u00a0pris la suite\u00a0de 2Be3, actif de 1996 \u00e0 2001\u00a0?<\/p>\n<p>Non, c\u2019est diff\u00e9rent parce que ce n\u2019est plus le m\u00eame concept, ce ne sont plus les potes\u00a0d\u2019enfance qui se r\u00e9unissent pour faire de la sc\u00e8ne.\u00a0L\u00e0, il y a vraiment une demande\u00a0ainsi qu\u2019une envie de ma part\u00a0qui m\u2019ont pouss\u00e9 \u00e0 contacter\u00a0Chris [Keller] des G-Squad.<\/p>\n<p>Depuis 2015, on\u00a0tourne\u00a0sur les routes de France, on a fait un album l\u2019ann\u00e9e derni\u00e8re. Mais \u00e0 la base\u00a0c\u2019\u00e9tait une formation pour\u00a0faire de la sc\u00e8ne\u00a0! C\u2019est une sorte de nostalgie\u00a0que les gens attendent, aiment. Et puis, on partage, on se rappelle tous des bons souvenirs. C\u2019est une ambiance sympa.<\/p>\n<p class=\"txt-question\">Le public qui a accroch\u00e9 et la joie que vous en tirez, c\u2019est ce\u00a0qui vous fait encha\u00eener les dates depuis dix ans\u00a0?<\/p>\n<p>Carr\u00e9ment, nous, \u00e0 chaque fois, c\u2019est toujours un plaisir. Aujourd\u2019hui, on fait de la sc\u00e8ne\u00a0sans pression, on s\u2019occupe de tout, on\u00a0est autoproducteurs.\u00a0Il n\u2019y a plus de stress, de pression des productions, des maisons de disques, de l\u2019entourage.\u00a0Surtout maintenant, c\u2019est plus facile d\u2019\u00eatre ind\u00e9pendant, d\u2019\u00eatre contact\u00e9\u00a0directement via les r\u00e9seaux sociaux, d\u2019exister.<\/p>\n<p>\u00ab\u00a0Dans les coulisses\u00a0c\u2019est la d\u00e9connade\u00a0\u00bb<\/p>\n<p class=\"txt-question\">Que contient le premier album de G\u00e9n\u00e9ration Boys Band, Adulescent, sorti en novembre\u00a02024\u00a0?<\/p>\n<p>C\u2019est un album de reprise r\u00e9orchestr\u00e9 par nos soins. On a repris les titres les plus embl\u00e9matiques\u00a0des ann\u00e9es 90 et on a fait quatre cr\u00e9ations in\u00e9dites.\u00a0Les gens adorent se replonger dans cette nostalgie. Ce n\u2019\u00e9tait que des bonnes ann\u00e9es, des ann\u00e9es d\u2019\u00e9tudiant, d\u2019insouciance. Les ann\u00e9es 90, c\u2019\u00e9tait cool.<\/p>\n<p class=\"txt-question\">Quel r\u00e9pertoire allez-vous interpr\u00e9ter au concert, complet, de samedi soir\u00a0?<\/p>\n<p>Quand on fait des plateaux ann\u00e9es 90, c\u2019est souvent des chansons qui nous ont fait conna\u00eetre, Partir un jour, Raide dingue de toi, Aucune fille au monde\u2026 Des chansons sur lesquelles les gens nous ont \u00e9cout\u00e9s et ont appris \u00e0 nous conna\u00eetre. C\u2019est du revival, de la nostalgie.<\/p>\n<p class=\"txt-question\">L5, Larusso, L\u00e2\u00e2m\u2026 De nombreux artistes seront\u00a0\u00e9galement pr\u00e9sents au Mont-Cotton. Qu\u2019est-ce que \u00e7a fait de se produire avec ces ic\u00f4nes des ann\u00e9es 90-2000\u00a0?<\/p>\n<p>On les conna\u00eet bien. Les L5, on les croise tout le temps, on les a encore vus la semaine derni\u00e8re.\u00a0On se\u00a0retrouve souvent sur les plateaux, c\u2019est tout le temps les m\u00eames.\u00a0Quand on se voit, ce n\u2019est que du bonheur. Dans les coulisses\u00a0c\u2019est la d\u00e9connade.<\/p>\n<p class=\"txt-question\">La soir\u00e9e sera anim\u00e9e par Charly\u00a0et Lulu, qui ont notamment pr\u00e9sent\u00e9 l\u2019\u00e9mission Hit Machine sur M6 de 1995 \u00e0 2008&#8230;<\/p>\n<p>Chaque titre qui sortait, on passait chez eux. \u00c7a faisait partie du paysage musical fran\u00e7ais. M\u00eame les com\u00e9diens, les s\u00e9ries, les films, tout le monde venait dans cette \u00e9mission.\u00a0C\u2019\u00e9tait incontournable.<\/p>\n<p class=\"txt-question\">La demande de\u00a0concerts 90-2000 augmente-t-elle\u00a0?<\/p>\n<p>Nous, c\u2019est toujours exponentiel. Depuis qu\u2019on a commenc\u00e9, on a de plus\u00a0en plus de dates. Chaque g\u00e9n\u00e9ration a son public, c\u2019est comme \u00e7a.\u00a0En ce moment, c\u2019est vrai que c\u2019est beaucoup les ann\u00e9es 90-2000.<\/p>\n<p>La saison 2 de la s\u00e9rie Culte, diffus\u00e9e en octobre prochain sur Prime Video, sera consacr\u00e9e au groupe 2Be3.<\/p>\n","protected":false},"excerpt":{"rendered":"Le chanteur Frank Delay, ancien membre du c\u00e9l\u00e8bre trio 2Be3, forme le groupe G\u00e9n\u00e9ration Boys Band avec Chris&hellip;\n","protected":false},"author":2,"featured_media":338005,"comment_status":"","ping_status":"","sticky":false,"template":"","format":"standard","meta":{"footnotes":""},"categories":[1355],"tags":[58,59,1011,27,1361,873],"class_list":{"0":"post-338004","1":"post","2":"type-post","3":"status-publish","4":"format-standard","5":"has-post-thumbnail","7":"category-musique","8":"tag-divertissement","9":"tag-entertainment","10":"tag-fr","11":"tag-france","12":"tag-music","13":"tag-musique"},"share_on_mastodon":{"url":"https:\/\/pubeurope.com\/@fr\/115076947307556819","error":""},"_links":{"self":[{"href":"https:\/\/www.europesays.com\/fr\/wp-json\/wp\/v2\/posts\/338004","targetHints":{"allow":["GET"]}}],"collection":[{"href":"https:\/\/www.europesays.com\/fr\/wp-json\/wp\/v2\/posts"}],"about":[{"href":"https:\/\/www.europesays.com\/fr\/wp-json\/wp\/v2\/types\/post"}],"author":[{"embeddable":true,"href":"https:\/\/www.europesays.com\/fr\/wp-json\/wp\/v2\/users\/2"}],"replies":[{"embeddable":true,"href":"https:\/\/www.europesays.com\/fr\/wp-json\/wp\/v2\/comments?post=338004"}],"version-history":[{"count":0,"href":"https:\/\/www.europesays.com\/fr\/wp-json\/wp\/v2\/posts\/338004\/revisions"}],"wp:featuredmedia":[{"embeddable":true,"href":"https:\/\/www.europesays.com\/fr\/wp-json\/wp\/v2\/media\/338005"}],"wp:attachment":[{"href":"https:\/\/www.europesays.com\/fr\/wp-json\/wp\/v2\/media?parent=338004"}],"wp:term":[{"taxonomy":"category","embeddable":true,"href":"https:\/\/www.europesays.com\/fr\/wp-json\/wp\/v2\/categories?post=338004"},{"taxonomy":"post_tag","embeddable":true,"href":"https:\/\/www.europesays.com\/fr\/wp-json\/wp\/v2\/tags?post=338004"}],"curies":[{"name":"wp","href":"https:\/\/api.w.org\/{rel}","templated":true}]}}