{"id":338006,"date":"2025-08-23T07:40:12","date_gmt":"2025-08-23T07:40:12","guid":{"rendered":"https:\/\/www.europesays.com\/fr\/338006\/"},"modified":"2025-08-23T07:40:12","modified_gmt":"2025-08-23T07:40:12","slug":"reportage-avant-quand-un-film-sortait-en-salle-on-avait-limpression-que-cetait-un-evenement-le-cinema-est-il-toujours-autant-apprecie-des-spectateurs","status":"publish","type":"post","link":"https:\/\/www.europesays.com\/fr\/338006\/","title":{"rendered":"REPORTAGE. \u00ab\u00a0Avant, quand un film sortait en salle, on avait l\u2019impression que c\u2019\u00e9tait un \u00e9v\u00e9nement\u00a0\u00bb\u2026 Le cin\u00e9ma est-il toujours autant appr\u00e9ci\u00e9\u00a0des spectateurs\u00a0?"},"content":{"rendered":"<p>\n                                                                    l&rsquo;essentiel<br \/>\n                                                                Co\u00fbt \u00e9lev\u00e9, concurrence des plateformes de streaming, manque de choix\u2026 Alors que la fr\u00e9quentation des cin\u00e9mas conna\u00eet une baisse, quels rapports les spectateurs entretiennent-ils avec les salles obscures\u00a0? Reportage dans un cin\u00e9ma de l\u2019agglom\u00e9ration toulousaine.\n                            <\/p>\n<p>Les salles obscures font face \u00e0 un recul de fr\u00e9quentation. Dans un grand <a href=\"https:\/\/www.ladepeche.fr\/culture-et-loisirs\/cinema\/\" target=\"_self\" rel=\"nofollow noopener\">cin\u00e9ma<\/a> situ\u00e9 en agglom\u00e9ration<a href=\"https:\/\/www.ladepeche.fr\/communes\/toulouse,31555\/\" target=\"_self\" rel=\"nofollow noopener\"> toulousaine<\/a>, les spectateurs pointent du doigt le prix des billets.<\/p>\n<p>\u00c0 l\u2019int\u00e9rieur de l\u2019\u00e9tablissement, Daniel, assis \u00e0 c\u00f4t\u00e9 de son fils, attend l\u2019ouverture de la salle d\u00e9di\u00e9e \u00e0 la diffusion de\u00a0\u00ab\u00a0Karat\u00e9 Kid\u00a0\u00bb. \u00ab\u00a0Il n\u2019y a pas que le prix du ticket qui co\u00fbte cher.\u00a0Les enfants veulent aussi des pop-corns, du coca\u2026 La derni\u00e8re fois, on a d\u00e9pens\u00e9 pr\u00e8s de 70\u00a0euros au total\u00a0\u00bb, d\u00e9plore ce p\u00e8re d\u2019une famille de quatre enfants.<\/p>\n<p>Ainsi, Daniel \u00e9vite parfois d\u2019aller au cin\u00e9ma, alors qu\u2019il est lui-m\u00eame un grand cin\u00e9phile. \u00ab\u00a0Je laisse mes enfants y aller avec ma femme, \u00e7a co\u00fbtera toujours un ticket en moins, et j\u2019attends que les films sortent en streaming pour les regarder.\u00a0\u00bb<\/p>\n<p>Comme lui, 70\u00a0% des Fran\u00e7ais assurent qu\u2019ils iraient plus souvent en salle si les prix baissaient, d\u2019apr\u00e8s une enqu\u00eate de l\u2019<a href=\"https:\/\/www.ipsos.com\/fr-fr\/cesars-2025-les-francais-et-le-cinema\" target=\"_self\" rel=\"nofollow noopener\">IPSOS<\/a>.<\/p>\n<p class=\"std-elt__inline\">\n        <strong>\u00c0 lire aussi :<\/strong><br \/>\n        <a href=\"https:\/\/www.ladepeche.fr\/2025\/08\/20\/cinema-forte-baisse-de-la-frequentation-en-2025-apres-le-tres-bon-redemarrage-post-covid-12883487.php\" rel=\"nofollow noopener\" target=\"_blank\">Cin\u00e9ma\u00a0: forte baisse de la fr\u00e9quentation en 2025 apr\u00e8s le tr\u00e8s bon red\u00e9marrage post-covid<\/a>\n    <\/p>\n<p>\u00ab\u00a0Il y a une forme d\u2019immersion\u00a0\u00bb<\/p>\n<p>Les plateformes de streaming sont\u00a0per\u00e7ues comme une r\u00e9elle alternative pour regarder des films tout en faisant des \u00e9conomies. \u00ab\u00a0Elles ne sont vraiment pas ch\u00e8res, et on peut tout regarder depuis chez soi\u00a0\u00bb, affirme Daniel.<\/p>\n<p>Or, cette nouvelle tendance contribue \u00e0 vider les cin\u00e9mas\u2026 et \u00e0 en modifier l\u2019ambiance. \u00ab\u00a0Avant, quand un film sortait en salle, on avait l\u2019impression que c\u2019\u00e9tait un \u00e9v\u00e9nement. Il y avait\u00a0m\u00eame des animations\u00a0! Pour la parution de &lsquo;Star Wars&rsquo;, les gens \u00e9taient venus d\u00e9guis\u00e9s\u00a0\u00bb, se souvient l\u2019homme de 42 ans. \u00ab\u00a0Maintenant, il n\u2019y a plus rien de tout \u00e7a\u00a0\u00bb constate-t-il en balayant du regard l\u2019int\u00e9rieur de l\u2019\u00e9tablissement, relativement vide et silencieux.<\/p>\n<p>\u00a0<\/p>\n<p class=\"std-elt__inline\">\n        <strong>\u00c0 lire aussi :<\/strong><br \/>\n        <a href=\"https:\/\/www.ladepeche.fr\/2025\/08\/19\/un-cinema-insolite-a-revel-chaque-coup-de-pedale-alimente-lecran-pour-une-seance-gratuite-en-plein-air-12881864.php\" rel=\"nofollow noopener\" target=\"_blank\">Un cin\u00e9ma insolite\u00a0: \u00e0 Revel, chaque coup de p\u00e9dale alimente l\u2019\u00e9cran pour une s\u00e9ance gratuite en plein air<\/a>\n    <\/p>\n<p>Mais les cin\u00e9mas\u00a0continuent d\u2019avoir leurs fid\u00e8les. Ma\u00ebva accompagne son ami Johnny, 43 ans, venu avec son fils pour voir un film d\u2019animation. M\u00eame s\u2019ils estiment que les prix \u00ab\u00a0sont devenus chers\u00a0\u00bb, ils essaient de continuer \u00e0 fr\u00e9quenter les salles \u00ab\u00a0environ une fois par mois\u00a0\u00bb.<\/p>\n<p>\u00ab\u00a0Voir un film au cin\u00e9ma, ce n\u2019est pas du tout la m\u00eame chose que le regarder\u00a0sur une plateforme\u00a0\u00bb assure Ma\u00ebva. \u00ab\u00a0On est dans une grande salle avec un bon son\u2026 Il y a une forme d\u2019immersion.\u00a0\u00bb<\/p>\n<p class=\"std-elt__inline\">\n        <strong>\u00c0 lire aussi :<\/strong><br \/>\n        <a href=\"https:\/\/www.ladepeche.fr\/2025\/08\/14\/pourquoi-papamobile-le-nouveau-film-avec-kad-merad-ne-sort-que-dans-7-cinemas-seulement-en-france-12876097.php\" rel=\"nofollow noopener\" target=\"_blank\">Pourquoi \u00ab\u00a0Papamobile\u00a0\u00bb, le nouveau film avec Kad Merad, ne sort que dans 7 cin\u00e9mas seulement en France\u00a0?<\/a>\n    <\/p>\n<p>Les films fran\u00e7ais face aux productions am\u00e9ricaines<\/p>\n<p>Au-del\u00e0 du prix, c\u2019est parfois la qualit\u00e9 des films propos\u00e9s dans les salles qui f\u00e2che les usagers. Venue en matin\u00e9e assister \u00e0 une s\u00e9ance\u00a0de la com\u00e9die am\u00e9ricaine \u00ab\u00a0Freaky Friday 2\u00a0\u00bb, Th\u00e9r\u00e8se, 91 ans, se dirige vers la sortie d\u2019un pas assur\u00e9, tapant sur le sol avec sa canne. \u00ab\u00a0C\u2019\u00e9tait tellement nul que je suis partie avant la fin\u00a0!\u00a0\u00bb s\u2019exclame-t-elle.\u00a0\u00bbIls devraient faire des efforts. Avant, on avait de meilleurs films\u00a0\u00bb assure la retrait\u00e9e.<\/p>\n<p>Yasmina, son aide-soignante, l\u2019a accompagn\u00e9e. \u00ab\u00a0Les bons films sont surtout diffus\u00e9s en soir\u00e9e, mais, en g\u00e9n\u00e9ral, les personnes \u00e2g\u00e9es pr\u00e9f\u00e8rent sortir le matin. Donc\u00a0il n\u2019y a pas trop de choix pour eux\u00a0\u00bb, explique-t-elle.<\/p>\n<p>La femme de 38 ans regarde quant \u00e0 elle\u00a0\u00ab\u00a0uniquement des films d\u2019horreurs\u00a0\u00bb et privil\u00e9gie les productions hollywoodiennes, qui sont, selon l\u2019aide-soignante, \u00ab\u00a0meilleures, surtout au niveau de l\u2019histoire.\u00a0\u00bb<\/p>\n<p>\u00a0<\/p>\n<p class=\"std-elt__inline\">\n        <strong>\u00c0 lire aussi :<\/strong><br \/>\n        <a href=\"https:\/\/www.ladepeche.fr\/2025\/08\/19\/a-voir-au-cinema-alpha-et-valeur-sentimentale-deux-films-presentes-a-cannes-ce-mercredi-12882450.php\" rel=\"nofollow noopener\" target=\"_blank\">A voir au cin\u00e9ma\u00a0: \u00ab\u00a0Alpha\u00a0\u00bb et \u00ab\u00a0Valeur sentimentale\u00a0\u00bb, deux films pr\u00e9sent\u00e9s \u00e0 Cannes ce mercredi<\/a>\n    <\/p>\n<p>Les films am\u00e9ricains sont les plus pl\u00e9biscit\u00e9s par les usagers.\u00a0Les entr\u00e9es enregistr\u00e9es devancent l\u00e9g\u00e8rement celles des productions fran\u00e7aises, avec un \u00e9cart de 5\u00a0%, indique l\u2019IPSOS.<\/p>\n<p>Philippe, 65 ans, parcourt du regard un grand \u00e9cran listant les films \u00e0 l\u2019affiche.\u00a0Le retrait\u00e9, qui ne \u00ab\u00a0fr\u00e9quente pas souvent les cin\u00e9mas\u00a0\u00bb, admet regarder \u00ab\u00a0peut-\u00eatre un peu moins de films fran\u00e7ais que de films am\u00e9ricains\u00a0\u00bb, puisque les productions hollywoodiennes r\u00e9alisent davantage de films d\u2019action, son genre pr\u00e9f\u00e9r\u00e9.<\/p>\n<p>Daniel\u00a0regarde quant \u00e0 lui \u00ab\u00a0rarement\u00a0\u00bb des productions fran\u00e7aises, jugeant\u00a0qu\u2019elles sont souvent \u00ab\u00a0trop pr\u00e9visibles\u00a0\u00bb. Selon lui, les r\u00e9alisateurs \u00ab\u00a0ne devraient pas chercher \u00e0 faire comme les Am\u00e9ricains. Un bon film fran\u00e7ais, c\u2019est un film qui nous touche\u00a0\u00bb affirme l\u2019homme de 42 ans, d\u00e9signant \u00ab\u00a0<a href=\"https:\/\/www.ladepeche.fr\/2024\/08\/17\/un-ptit-truc-en-plus-pourquoi-avec-dix-millions-dentrees-le-film-dartus-pourrait-devenir-le-plus-gros-carton-du-cinema-francais-12146454.php\" target=\"_self\" rel=\"nofollow noopener\">Un p\u2019tit truc en plus<\/a>\u00ab\u00a0, le grand succ\u00e8s r\u00e9alis\u00e9 par Artus, comme \u00e9tant \u00ab\u00a0l\u2019un des meilleurs films\u00a0\u00bb.<\/p>\n","protected":false},"excerpt":{"rendered":"l&rsquo;essentiel Co\u00fbt \u00e9lev\u00e9, concurrence des plateformes de streaming, manque de choix\u2026 Alors que la fr\u00e9quentation des cin\u00e9mas conna\u00eet&hellip;\n","protected":false},"author":2,"featured_media":338007,"comment_status":"","ping_status":"","sticky":false,"template":"","format":"standard","meta":{"footnotes":""},"categories":[1354],"tags":[58,59,1346,1011,27,1360],"class_list":{"0":"post-338006","1":"post","2":"type-post","3":"status-publish","4":"format-standard","5":"has-post-thumbnail","7":"category-films","8":"tag-divertissement","9":"tag-entertainment","10":"tag-films","11":"tag-fr","12":"tag-france","13":"tag-movies"},"share_on_mastodon":{"url":"https:\/\/pubeurope.com\/@fr\/115076951106309063","error":""},"_links":{"self":[{"href":"https:\/\/www.europesays.com\/fr\/wp-json\/wp\/v2\/posts\/338006","targetHints":{"allow":["GET"]}}],"collection":[{"href":"https:\/\/www.europesays.com\/fr\/wp-json\/wp\/v2\/posts"}],"about":[{"href":"https:\/\/www.europesays.com\/fr\/wp-json\/wp\/v2\/types\/post"}],"author":[{"embeddable":true,"href":"https:\/\/www.europesays.com\/fr\/wp-json\/wp\/v2\/users\/2"}],"replies":[{"embeddable":true,"href":"https:\/\/www.europesays.com\/fr\/wp-json\/wp\/v2\/comments?post=338006"}],"version-history":[{"count":0,"href":"https:\/\/www.europesays.com\/fr\/wp-json\/wp\/v2\/posts\/338006\/revisions"}],"wp:featuredmedia":[{"embeddable":true,"href":"https:\/\/www.europesays.com\/fr\/wp-json\/wp\/v2\/media\/338007"}],"wp:attachment":[{"href":"https:\/\/www.europesays.com\/fr\/wp-json\/wp\/v2\/media?parent=338006"}],"wp:term":[{"taxonomy":"category","embeddable":true,"href":"https:\/\/www.europesays.com\/fr\/wp-json\/wp\/v2\/categories?post=338006"},{"taxonomy":"post_tag","embeddable":true,"href":"https:\/\/www.europesays.com\/fr\/wp-json\/wp\/v2\/tags?post=338006"}],"curies":[{"name":"wp","href":"https:\/\/api.w.org\/{rel}","templated":true}]}}