{"id":338011,"date":"2025-08-23T07:43:10","date_gmt":"2025-08-23T07:43:10","guid":{"rendered":"https:\/\/www.europesays.com\/fr\/338011\/"},"modified":"2025-08-23T07:43:10","modified_gmt":"2025-08-23T07:43:10","slug":"pourquoi-rempoter-vos-aromatiques-fin-aout-booste-leurs-recoltes-et-parfume-votre-cuisine-jusqua-lautomne","status":"publish","type":"post","link":"https:\/\/www.europesays.com\/fr\/338011\/","title":{"rendered":"Pourquoi rempoter vos aromatiques fin ao\u00fbt booste leurs r\u00e9coltes et parfume votre cuisine jusqu\u2019\u00e0 l\u2019automne"},"content":{"rendered":"<p>L&rsquo;\u00e9t\u00e9 bat son plein, mais combien de jardiniers regrettent de voir leurs basilics et persils commencer \u00e0 fl\u00e9trir alors que la saison des salades n&rsquo;est pas termin\u00e9e ? On pense souvent aux grandes tailles et aux semis printaniers, mais un simple geste en fin d&rsquo;ao\u00fbt pourrait transformer durablement le destin de vos pot\u00e9es aromatiques. Rempoter ses herbes \u00e0 cette p\u00e9riode, loin d&rsquo;\u00eatre un caprice de jardinier, offre un nouveau souffle \u00e0 vos plantes et, par la m\u00eame occasion, garantit des <a href=\"https:\/\/journaldesseniors.20minutes.fr\/maison\/ne-tardez-pas-taillez-ces-deux-arbres-fruitiers-avant-fin-septembre-pour-une-recolte-abondante\/\" target=\"_blank\" rel=\"noopener\">r\u00e9coltes g\u00e9n\u00e9reuses<\/a> et pleines de saveurs jusqu&rsquo;aux portes de l&rsquo;automne. Pr\u00eat \u00e0 donner un second souffle \u00e0 votre potager de balcon ou \u00e0 votre coin d&rsquo;aromatiques ? Voici pourquoi et comment ce petit remue-m\u00e9nage va m\u00e9tamorphoser vos r\u00e9coltes et sublimer vos plats jusqu&rsquo;aux premiers frimas.<\/p>\n<p>Offrez un nouveau d\u00e9part \u00e0 vos aromatiques : pourquoi fin ao\u00fbt change tout<\/p>\n<p>\u00c0 la sortie de l&rsquo;\u00e9t\u00e9, la plupart des aromatiques cultiv\u00e9es en pots, qu&rsquo;il s&rsquo;agisse du <strong>basilic<\/strong>, de la <strong>ciboulette<\/strong> ou du <strong>persil<\/strong>, montrent souvent des signes de fatigue. Feuillage moins brillant, tiges effil\u00e9es, d\u00e9veloppement ralenti\u2026 Ces petites alertes ne sont pas seulement dues \u00e0 la m\u00e9t\u00e9o. Le substrat s&rsquo;est appauvri, les racines manquent d&rsquo;espace, et vos herbes, <strong>assoiff\u00e9es de nutriments<\/strong>, demandent \u00e0 \u00eatre chouchout\u00e9es.<\/p>\n<p>Rempoter fin ao\u00fbt, c&rsquo;est offrir \u00e0 vos plantes un v\u00e9ritable coup de boost. Cette p\u00e9riode charni\u00e8re, juste avant la reprise v\u00e9g\u00e9tative de septembre, permet une r\u00e9cup\u00e9ration express. Les temp\u00e9ratures sont encore douces, l&rsquo;arrosage ma\u00eetris\u00e9, et la lumi\u00e8re reste abondante. <strong>Tout est r\u00e9uni<\/strong> pour permettre \u00e0 vos plantes de red\u00e9marrer fort, tout en \u00e9vitant le stress des grosses chaleurs estivales ou le choc des premi\u00e8res fra\u00eecheurs nocturnes.<\/p>\n<p>Terre neuve, racines \u00e9panouies : pr\u00e9parez vos pots comme un chef<\/p>\n<p>Pour relancer la croissance de vos aromatiques, rien ne vaut un bon rempotage. Commencez par choisir un <strong>terreau frais et adapt\u00e9<\/strong>, privil\u00e9giant un m\u00e9lange sp\u00e9cial plantes aromatiques ou, \u00e0 d\u00e9faut, un terreau universel enrichi de <a href=\"https:\/\/journaldesseniors.20minutes.fr\/maison\/pourquoi-le-biochar-est-le-secret-bien-garde-des-jardiniers-et-comment-il-vous-fera-economiser-des-litres-deau\/\" target=\"_blank\" rel=\"noopener\">compost mature<\/a>.<\/p>\n<ul>\n<li><strong>Basilic :<\/strong> terreau l\u00e9ger et bien drain\u00e9, m\u00e9lang\u00e9 \u00e0 un peu de sable pour \u00e9viter l&rsquo;exc\u00e8s d&rsquo;humidit\u00e9<\/li>\n<li><strong>Persil :<\/strong> sol riche en humus et frais, important de garder une bonne r\u00e9tention d&rsquo;eau<\/li>\n<li><strong>Ciboulette :<\/strong> substrat a\u00e9r\u00e9, mais fertile, supporte une l\u00e9g\u00e8re s\u00e9cheresse<\/li>\n<\/ul>\n<p>Le contenant compte aussi. Pour chaque plante, privil\u00e9giez un pot plus large (environ 15 \u00e0 20 cm de diam\u00e8tre pour une touffe individuelle) avec des trous de drainage efficaces. <strong>Plus l&rsquo;espace racinaire sera confortable<\/strong>, plus vos herbes s&rsquo;\u00e9tofferont rapidement. Inutile d&rsquo;investir dans des pots design hors de prix : une simple jardini\u00e8re bien perc\u00e9e et un cache-pot suffisent \u00e0 stimuler la croissance.<\/p>\n<p> La technique secr\u00e8te d&rsquo;un rempotage r\u00e9ussi<\/p>\n<p>Rempoter ne s&rsquo;improvise pas : la d\u00e9licatesse prime pour m\u00e9nager vos prot\u00e9g\u00e9es. La veille du transvasement, <strong>arrosez g\u00e9n\u00e9reusement<\/strong> afin que la motte se tienne bien et que les racines ne cassent pas.<\/p>\n<ul>\n<li>D\u00e9moulez la plante avec pr\u00e9caution, en d\u00e9tachant doucement la terre autour des racines, sans les ab\u00eemer.<\/li>\n<li>Placez au fond du pot une couche de billes d&rsquo;argile ou de petits cailloux, afin de garantir un drainage optimal.<\/li>\n<li>Recouvrez de terreau frais, positionnez la motte et comblez sans trop tasser, pour laisser l&rsquo;air circuler.<\/li>\n<li>Arrosez mod\u00e9r\u00e9ment pour que la terre adh\u00e8re aux racines, mais sans d\u00e9tremper.<\/li>\n<\/ul>\n<p>Derni\u00e8re touche de chef : exposez vos herbes \u00e0 une lumi\u00e8re vive, sans soleil br\u00fblant direct les premiers jours. Un peu de patience, et vous les verrez repartir de plus belle, <strong>feuillage regonfl\u00e9<\/strong>, tiges dress\u00e9es, pr\u00eates \u00e0 offrir le meilleur d&rsquo;elles-m\u00eames.<\/p>\n<p> Votre r\u00e9colte dope ses ar\u00f4mes jusqu&rsquo;aux premiers frimas<\/p>\n<p>Pourquoi ce rempotage tardif provoque-t-il un v\u00e9ritable <strong>second printemps<\/strong> de vos herbes ? D\u00e8s que les racines trouvent de la place et des nutriments neufs, la plante lance de nouveaux rameaux, densifie son feuillage, et concentre toute son \u00e9nergie sur la floraison\u2026 ou mieux : sur la production de feuilles d\u00e9licieusement parfum\u00e9es. La fra\u00eecheur de la fin d&rsquo;\u00e9t\u00e9 favorise aussi la <strong>concentration des ar\u00f4mes<\/strong>, ce qui rehausse tous vos petits plats, sauces, et infusions maison.<\/p>\n<p>Pour profiter d&rsquo;une cueillette optimale, r\u00e9coltez r\u00e9guli\u00e8rement \u2013 toujours quelques tiges \u00e0 la fois \u2013 entre la fin ao\u00fbt et les premi\u00e8res gel\u00e9es. N&rsquo;h\u00e9sitez pas \u00e0 pincer les extr\u00e9mit\u00e9s ou \u00e0 couper au-dessus d&rsquo;un n\u0153ud : cela stimule la ramification et \u00e9vite l&rsquo;\u00e9puisement anticip\u00e9.<\/p>\n<p> Astuces de jardinier gourmand pour continuer \u00e0 parfumer vos plats<\/p>\n<p>Quand la m\u00e9t\u00e9o commence \u00e0 fra\u00eechir, vos aromatiques ont toujours des ressources \u00e0 offrir. Prot\u00e9gez-les au besoin avec un voile d&rsquo;hivernage ou rentrez-les \u00e0 l&rsquo;int\u00e9rieur pr\u00e8s d&rsquo;une fen\u00eatre, pour <strong>\u00e9tirer encore la saison<\/strong>. Un simple rebord de cuisine ou une jardini\u00e8re sur balcon bien expos\u00e9e permet de maintenir basilic, persil ou menthe en pleine forme jusqu&rsquo;\u00e0 octobre, voire novembre en r\u00e9gion douce.<\/p>\n<p>Pour ne rien gaspiller, r\u00e9coltez les tiges avant les grosses baisses de temp\u00e9ratures, puis conservez-les :<\/p>\n<ul>\n<li>S\u00e9chage \u00e0 l&rsquo;air libre pour la <strong>ciboulette<\/strong>, le <strong>thym<\/strong> ou l&rsquo;<strong>origan<\/strong><\/li>\n<li>Cong\u00e9lation en petits bouquets, ou hachis, pour <strong>basilic<\/strong>, <strong>persil<\/strong> ou <strong>menthe<\/strong><\/li>\n<li>Huile aromatis\u00e9e : recouvrez simplement vos feuilles de bonne huile d&rsquo;olive et conservez au frais<\/li>\n<\/ul>\n<p>De quoi agr\u00e9menter soupes, vinaigrettes, r\u00f4tis et plats mijot\u00e9s jusqu&rsquo;au c\u0153ur de l&rsquo;hiver !<\/p>\n<p>Rempoter ses aromatiques fin ao\u00fbt n&rsquo;est ni une mode ni une lubie : c&rsquo;est l&rsquo;assurance de r\u00e9coltes g\u00e9n\u00e9reuses, de feuilles plus parfum\u00e9es, et d&rsquo;une cuisine qui sent bon la M\u00e9diterran\u00e9e jusqu&rsquo;aux premiers coups de froid. Un petit investissement pour un grand plaisir gustatif tout l&rsquo;automne \u2013 la v\u00e9ritable magie du potager r\u00e9side justement dans ces gestes simples \u00e0 reproduire chaque ann\u00e9e.<\/p>\n","protected":false},"excerpt":{"rendered":"L&rsquo;\u00e9t\u00e9 bat son plein, mais combien de jardiniers regrettent de voir leurs basilics et persils commencer \u00e0 fl\u00e9trir&hellip;\n","protected":false},"author":2,"featured_media":338012,"comment_status":"","ping_status":"","sticky":false,"template":"","format":"standard","meta":{"footnotes":""},"categories":[8],"tags":[58,59,1011,27,56],"class_list":{"0":"post-338011","1":"post","2":"type-post","3":"status-publish","4":"format-standard","5":"has-post-thumbnail","7":"category-divertissement","8":"tag-divertissement","9":"tag-entertainment","10":"tag-fr","11":"tag-france","12":"tag-push"},"share_on_mastodon":{"url":"https:\/\/pubeurope.com\/@fr\/115076962930598272","error":""},"_links":{"self":[{"href":"https:\/\/www.europesays.com\/fr\/wp-json\/wp\/v2\/posts\/338011","targetHints":{"allow":["GET"]}}],"collection":[{"href":"https:\/\/www.europesays.com\/fr\/wp-json\/wp\/v2\/posts"}],"about":[{"href":"https:\/\/www.europesays.com\/fr\/wp-json\/wp\/v2\/types\/post"}],"author":[{"embeddable":true,"href":"https:\/\/www.europesays.com\/fr\/wp-json\/wp\/v2\/users\/2"}],"replies":[{"embeddable":true,"href":"https:\/\/www.europesays.com\/fr\/wp-json\/wp\/v2\/comments?post=338011"}],"version-history":[{"count":0,"href":"https:\/\/www.europesays.com\/fr\/wp-json\/wp\/v2\/posts\/338011\/revisions"}],"wp:featuredmedia":[{"embeddable":true,"href":"https:\/\/www.europesays.com\/fr\/wp-json\/wp\/v2\/media\/338012"}],"wp:attachment":[{"href":"https:\/\/www.europesays.com\/fr\/wp-json\/wp\/v2\/media?parent=338011"}],"wp:term":[{"taxonomy":"category","embeddable":true,"href":"https:\/\/www.europesays.com\/fr\/wp-json\/wp\/v2\/categories?post=338011"},{"taxonomy":"post_tag","embeddable":true,"href":"https:\/\/www.europesays.com\/fr\/wp-json\/wp\/v2\/tags?post=338011"}],"curies":[{"name":"wp","href":"https:\/\/api.w.org\/{rel}","templated":true}]}}