{"id":338015,"date":"2025-08-23T07:45:11","date_gmt":"2025-08-23T07:45:11","guid":{"rendered":"https:\/\/www.europesays.com\/fr\/338015\/"},"modified":"2025-08-23T07:45:11","modified_gmt":"2025-08-23T07:45:11","slug":"a-radio-france-les-syndicats-lancent-une-greve-illimitee-pour-la-rentree-lundi","status":"publish","type":"post","link":"https:\/\/www.europesays.com\/fr\/338015\/","title":{"rendered":"\u00e0 Radio France, les syndicats lancent une gr\u00e8ve illimit\u00e9e pour la rentr\u00e9e lundi"},"content":{"rendered":"<p>Face \u00e0 un projet de r\u00e9organisation jug\u00e9 \u00abn\u00e9faste\u00bb, les syndicats appellent \u00e0 un arr\u00eat illimit\u00e9 de travail, qui pourrait perturber la matinale de France Inter et plusieurs antennes du groupe public.<\/p>\n<p class=\"fig-paragraph\">La rentr\u00e9e s\u2019annonce muscl\u00e9e pour l\u2019audiovisuel public. Vent debout contre des projets de r\u00e9organisation, les syndicats de Radio France appellent \u00e0 une\u00a0<a href=\"http:\/\/www.lefigaro.fr\/medias\/apres-radio-france-appel-a-une-greve-illimitee-a-france-televisions-20250620\" data-fig-type=\"NewsFlash\" data-gtm-custom-categorie=\"navigation\" data-gtm-custom-action=\"crossclick\" data-gtm-custom-label=\"Contextuel\" data-gtm-event=\"customEventSPE\" data-fig-domain=\"LEFIGARO\" target=\"_blank\" rel=\"noopener\">gr\u00e8ve illimit\u00e9e<\/a>\u00a0\u00e0 partir de lundi 25 ao\u00fbt, qui pourrait perturber les antennes du groupe public, dont la matinale de France Inter, la premi\u00e8re du pays. \u00c0 la radio, les grilles de rentr\u00e9e reprennent d\u00e8s lundi, apr\u00e8s la parenth\u00e8se estivale et avant celles des t\u00e9l\u00e9visions. La matinale d&rsquo;Inter doit accueillir ce jour-l\u00e0 les premiers pas de\u00a0<a href=\"http:\/\/www.lefigaro.fr\/medias\/benjamin-duhamel-sur-france-inter-la-saison-prochaine-20250601\" target=\"_blank\" data-fig-type=\"NewsFlash\" rel=\"noopener\" data-gtm-custom-categorie=\"navigation\" data-gtm-custom-action=\"crossclick\" data-gtm-custom-label=\"Contextuel\" data-gtm-event=\"customEventSPE\" data-fig-domain=\"LEFIGARO\">sa recrue vedette, Benjamin Duhamel.<\/a><\/p>\n<p class=\"fig-paragraph\">Le transfuge de BFMTV rejoint la voix principale de la matinale, Nicolas Demorand, apr\u00e8s le d\u00e9part de L\u00e9a Salam\u00e9 pour le 20h00 de France 2. Le pr\u00e9avis de gr\u00e8ve illimit\u00e9e a \u00e9t\u00e9 d\u00e9pos\u00e9 le 11 juillet par les syndicats CFDT, CGT, FO, SNJ, SUD et UNSA. Ils rejettent plusieurs r\u00e9formes voulues par la patronne du groupe,<a href=\"http:\/\/www.lefigaro.fr\/medias\/nous-sommes-a-un-moment-de-verite-radio-france-entame-une-bascule-strategique-20250428\" data-fig-type=\"Article\" data-gtm-custom-categorie=\"navigation\" data-gtm-custom-action=\"crossclick\" data-gtm-custom-label=\"Contextuel\" data-gtm-event=\"customEventSPE\" data-fig-domain=\"LEFIGARO\" target=\"_blank\" rel=\"noopener\">\u00a0Sibyle Veil<\/a>. Parmi elles, l&rsquo;arr\u00eat de la radio Mouv&rsquo; sur la FM, des changements \u00e9ditoriaux au sein d&rsquo;Ici (ex-France Bleu, le r\u00e9seau des radios locales publiques) et l&rsquo;arr\u00eat d&rsquo;\u00e9missions d&rsquo;investigation et de reportage.<\/p>\n<p class=\"fig-body-link\">\n            \u00c0 lire aussi<br \/>\n        <a class=\"fig-body-link__link fig-premium-mark\" href=\"http:\/\/www.lefigaro.fr\/medias\/bbc-a-la-francaise-revente-plus-rapide-d-une-frequence-tnt-ce-que-contient-la-loi-dati-sur-l-audiovisuel-public-20250711\" target=\"_blank\" data-fig-type=\"Article\" rel=\"noopener\" data-gtm-custom-categorie=\"navigation\" data-gtm-custom-action=\"crossclick\" data-gtm-custom-label=\"Contextuel\" data-gtm-event=\"customEventSPE\" data-fig-domain=\"LEFIGARO\">\u00abBBC \u00e0 la fran\u00e7aise\u00bb, revente plus rapide d\u2019une fr\u00e9quence TNT\u2026 Ce que contient la loi Dati sur l\u2019audiovisuel public<br \/>\n    <\/a>\n<\/p>\n<p>                                    <a class=\"fig-a11y-skip a11y-hidden\" href=\"#fig-a11y-skip-main-inarticle\"><br \/>\n        Passer la publicit\u00e9<br \/>\n    <\/a><\/p>\n<p>Une premi\u00e8re gr\u00e8ve tr\u00e8s suivie<\/p>\n<p class=\"fig-paragraph\">\u00abMadame la pr\u00e9sidente (&#8230;), pour la premi\u00e8re fois de notre histoire r\u00e9cente, la rentr\u00e9e radiophonique pourrait ne pas avoir lieu\u00bb, ont menac\u00e9 les syndicats dans un communiqu\u00e9 commun jeudi. Des discussions men\u00e9es vendredi avec la direction n&rsquo;ont pas abouti \u00e0 la lev\u00e9e du pr\u00e9avis. \u00abPour l&rsquo;heure, la direction refuse la moindre concession ou de revenir sur les projets les plus n\u00e9fastes pour les \u00e9quipes et les antennes\u00bb, ont d\u00e9plor\u00e9 les syndicats dans un communiqu\u00e9 vendredi soir. Ces mots d&rsquo;ordre avaient donn\u00e9 lieu \u00e0 une\u00a0<a href=\"http:\/\/www.lefigaro.fr\/medias\/reforme-de-l-audiovisuel-public-avant-leur-greve-les-syndicats-de-radio-france-veulent-mobiliser-20250625\" data-fig-type=\"NewsFlash\" data-gtm-custom-categorie=\"navigation\" data-gtm-custom-action=\"crossclick\" data-gtm-custom-label=\"Contextuel\" data-gtm-event=\"customEventSPE\" data-fig-domain=\"LEFIGARO\" target=\"_blank\" rel=\"noopener\">premi\u00e8re gr\u00e8ve tr\u00e8s suivie, du 26 au 29 juin<\/a>.<\/p>\n<p class=\"fig-paragraph\">Elle avait imm\u00e9diatement \u00e9t\u00e9 suivie d&rsquo;une deuxi\u00e8me, mais pour un motif diff\u00e9rent. Il s&rsquo;agissait de protester contre le projet de r\u00e9forme de l&rsquo;audiovisuel public port\u00e9 par la ministre de la Culture, Rachida Dati. Il pr\u00e9voit de cr\u00e9er une holding, France M\u00e9dias, qui chapeauterait France T\u00e9l\u00e9visions, Radio France et l&rsquo;INA (Institut national de l&rsquo;audiovisuel). Apr\u00e8s un parcours parlementaire heurt\u00e9, ce texte devrait revenir \u00e0 l&rsquo;Assembl\u00e9e nationale \u00e0 l&rsquo;automne. Il a \u00e9t\u00e9 adopt\u00e9 en juillet par le S\u00e9nat, o\u00f9 les d\u00e9bats ont \u00e9t\u00e9 \u00e9court\u00e9s par le choix de la ministre d&#8217;employer l&rsquo;arme constitutionnelle du vote bloqu\u00e9. Selon les derni\u00e8res mesures d&rsquo;audience de M\u00e9diam\u00e9trie, publi\u00e9es d\u00e9but juillet,\u00a0<a href=\"http:\/\/www.lefigaro.fr\/medias\/audiences-radio-france-inter-au-defi-de-rester-en-tete-apres-le-mercato-estival-20250708\" data-fig-type=\"NewsFlash\" data-gtm-custom-categorie=\"navigation\" data-gtm-custom-action=\"crossclick\" data-gtm-custom-label=\"Contextuel\" data-gtm-event=\"customEventSPE\" data-fig-domain=\"LEFIGARO\" target=\"_blank\" rel=\"noopener\">Radio France a enregistr\u00e9 une saison 2024-2025 record sur plusieurs antennes et France Inter a augment\u00e9 son avance comme premi\u00e8re radio du pays<\/a>.<\/p>\n","protected":false},"excerpt":{"rendered":"Face \u00e0 un projet de r\u00e9organisation jug\u00e9 \u00abn\u00e9faste\u00bb, les syndicats appellent \u00e0 un arr\u00eat illimit\u00e9 de travail, qui&hellip;\n","protected":false},"author":2,"featured_media":338016,"comment_status":"","ping_status":"","sticky":false,"template":"","format":"standard","meta":{"footnotes":""},"categories":[6],"tags":[35,33,34,1011,27,6151,10316,17311],"class_list":{"0":"post-338015","1":"post","2":"type-post","3":"status-publish","4":"format-standard","5":"has-post-thumbnail","7":"category-economie","8":"tag-business","9":"tag-economie","10":"tag-economy","11":"tag-fr","12":"tag-france","13":"tag-greve","14":"tag-radio-france","15":"tag-service-public"},"share_on_mastodon":{"url":"https:\/\/pubeurope.com\/@fr\/115076970911869250","error":""},"_links":{"self":[{"href":"https:\/\/www.europesays.com\/fr\/wp-json\/wp\/v2\/posts\/338015","targetHints":{"allow":["GET"]}}],"collection":[{"href":"https:\/\/www.europesays.com\/fr\/wp-json\/wp\/v2\/posts"}],"about":[{"href":"https:\/\/www.europesays.com\/fr\/wp-json\/wp\/v2\/types\/post"}],"author":[{"embeddable":true,"href":"https:\/\/www.europesays.com\/fr\/wp-json\/wp\/v2\/users\/2"}],"replies":[{"embeddable":true,"href":"https:\/\/www.europesays.com\/fr\/wp-json\/wp\/v2\/comments?post=338015"}],"version-history":[{"count":0,"href":"https:\/\/www.europesays.com\/fr\/wp-json\/wp\/v2\/posts\/338015\/revisions"}],"wp:featuredmedia":[{"embeddable":true,"href":"https:\/\/www.europesays.com\/fr\/wp-json\/wp\/v2\/media\/338016"}],"wp:attachment":[{"href":"https:\/\/www.europesays.com\/fr\/wp-json\/wp\/v2\/media?parent=338015"}],"wp:term":[{"taxonomy":"category","embeddable":true,"href":"https:\/\/www.europesays.com\/fr\/wp-json\/wp\/v2\/categories?post=338015"},{"taxonomy":"post_tag","embeddable":true,"href":"https:\/\/www.europesays.com\/fr\/wp-json\/wp\/v2\/tags?post=338015"}],"curies":[{"name":"wp","href":"https:\/\/api.w.org\/{rel}","templated":true}]}}