{"id":338042,"date":"2025-08-23T08:01:26","date_gmt":"2025-08-23T08:01:26","guid":{"rendered":"https:\/\/www.europesays.com\/fr\/338042\/"},"modified":"2025-08-23T08:01:26","modified_gmt":"2025-08-23T08:01:26","slug":"les-verts-lfi-eclates-alain-carignon-prend-le-large","status":"publish","type":"post","link":"https:\/\/www.europesays.com\/fr\/338042\/","title":{"rendered":"LES VERTS\/LFI \u00c9CLAT\u00c9S, ALAIN CARIGNON PREND LE LARGE"},"content":{"rendered":"<p>Posted On 23 ao\u00fbt 2025 <\/p>\n<p style=\"text-align: justify;\">Un camp Verts\/LFI sortants \u00e0 couteaux tir\u00e9s et des socio-d\u00e9mocrates atomis\u00e9s qui se cherchent tandis que du c\u00f4t\u00e9 de l&rsquo;opposition, Alain Carignon fait la course en t\u00eate et prend le large avec une campagne active et un large rassemblement : alors que l&rsquo;\u00e9t\u00e9 touche \u00e0 sa fin, la ligne de d\u00e9part des \u00e9lections municipales se pr\u00e9cise.<\/p>\n<p>LE BILAN PIOLLE : UNE GAUCHE \u00c9CLAT\u00c9E<\/p>\n<p style=\"text-align: justify;\">\u00ab\u00a0Les Verts n&rsquo;ont pas encore d\u00e9sign\u00e9 de t\u00eate de liste pour succ\u00e9der au maire actuel, qui ne se repr\u00e9sente pas. De nombreuses listes \u00e9mergent \u00e0 gauche\u00a0\u00bb <a target=\"_blank\" href=\"https:\/\/www.lesechos.fr\/elections\/municipales\/a-grenoble-les-ecologistes-au-defi-de-conserver-la-ville-sans-eric-piolle-2181815?fbclid=IwY2xjawMVEoxleHRuA2FlbQIxMQABHizX6UTxMY9xlnDIfdqhkAa86GENOsXySb_dYbp9Kraj0__UT50xSXLYgCsD_aem_AuKqzTzxH1n9IaO_dQN86A\" rel=\"noopener\">r\u00e9sume Florian Espalieu dans son article pour Les \u00c9chos<\/a> (19\/08\/25). C&rsquo;est le moins qu&rsquo;on puisse dire : c&rsquo;est la foire d&#8217;empoigne et chacun fait pour l&rsquo;instant chapelle \u00e0 part en faisant valoir des conditions diff\u00e9rentes pour un rassemblement. Apr\u00e8s 12 ans de mandat d&rsquo;Eric Piolle, la fracture de la ville s&rsquo;\u00e9tend \u00e0 la gauche d\u00e9sormais explos\u00e9e.<\/p>\n<p>L&rsquo;EXTR\u00caME-GAUCHE AVANCE MASQU\u00c9E<\/p>\n<p style=\"text-align: justify;\">\u00c0 l&rsquo;extr\u00eame-gauche de l&rsquo;\u00e9chiquier, on retrouve Grenoble Alpes Collectif qui porte officiellement une liste \u00ab\u00a0citoyenne et participative\u00a0\u00bb. Dans les faits, on y retrouve en fait d&rsquo;anciens militants proches de la liste \u00ab\u00a0citoyenne\u00a0\u00bb d&rsquo;extr\u00eame-gauche men\u00e9e par Bruno De Lescure en 2020 qui avait fait 3%&#8230; et en arri\u00e8re-boutique, il y a surtout <a href=\"https:\/\/grenoble-le-changement.fr\/2021\/05\/29\/mois-decolonial-a-grenoble-mois-de-la-honte\/\" target=\"_blank\" rel=\"noopener\">le micro-parti PEPS Is\u00e8re<\/a>, qui revendique \u00eatre \u00ab\u00a0\u00e9cof\u00e9ministe, d\u00e9colonial, communaliste, animaliste\u00a0\u00bb. Ils entendent d\u00e9poser une liste dont la t\u00eate sera choisie en novembre.\u00a0<\/p>\n<p><a href=\"https:\/\/i2.wp.com\/grenoble-le-changement.fr\/wp-content\/uploads\/2025\/08\/peps-isere-gac.png?ssl=1\" rel=\"lightbox[84150] noopener\" target=\"_blank\"><img loading=\"lazy\" decoding=\"async\" class=\" wp-image-84152 jetpack-lazy-image\" src=\"https:\/\/i2.wp.com\/grenoble-le-changement.fr\/wp-content\/uploads\/2025\/08\/peps-isere-gac.png?resize=579%2C189&amp;ssl=1\" alt=\"\" width=\"579\" height=\"189\" data-recalc-dims=\"1\" data-lazy-src=\"https:\/\/www.europesays.com\/fr\/wp-content\/uploads\/2025\/08\/peps-isere-gac.png\" \/><\/a>PEPS Is\u00e8re confirme que derri\u00e8re le vernis \u00ab\u00a0citoyen\u00a0\u00bb, c&rsquo;est une mascarade d&rsquo;extr\u00eame-gauche qui n&rsquo;est l\u00e0 que pour s&rsquo;opposer aux autres.<br \/>\nLFI MENACE DE FAIRE CAVALIER SEUL<\/p>\n<p style=\"text-align: justify;\">Du c\u00f4t\u00e9 de La France Insoumise, alli\u00e9 historique des Verts qui compte des \u00e9lus dans la majorit\u00e9, le ton monte s\u00e9v\u00e8rement, le parti \u00e9tant dop\u00e9 par ses r\u00e9sultats aux europ\u00e9ennes qui d\u00e9passent les Verts. Allan Brunon, d\u00e9sign\u00e9 chef de file du parti aux c\u00f4t\u00e9s d&rsquo;Elisa Martin, <a href=\"https:\/\/grenoble-le-changement.fr\/2025\/08\/13\/piolle-ruffin-la-majorite-municipale-explose-avant-les-municipales\/\" target=\"_blank\" rel=\"noopener\">agite la menace d&rsquo;une liste autonome et torpille s\u00e9v\u00e8rement le bilan des sortants<\/a>&#8230; dont LFI est pourtant coresponsable !<\/p>\n<p><a href=\"https:\/\/i2.wp.com\/grenoble-le-changement.fr\/wp-content\/uploads\/2025\/08\/Capture-de\u0301cran-2025-08-12-a\u0300-12.50.56.png?ssl=1\" rel=\"lightbox[84150] noopener\" target=\"_blank\"><img loading=\"lazy\" decoding=\"async\" class=\" wp-image-83939 jetpack-lazy-image\" src=\"https:\/\/i2.wp.com\/grenoble-le-changement.fr\/wp-content\/uploads\/2025\/08\/Capture-de\u0301cran-2025-08-12-a\u0300-12.50.56.png?resize=678%2C384&amp;ssl=1\" alt=\"\" width=\"678\" height=\"384\" data-recalc-dims=\"1\" data-lazy-src=\"https:\/\/i2.wp.com\/grenoble-le-changement.fr\/wp-content\/uploads\/2025\/08\/Capture-de\u0301cran-2025-08-12-a\u0300-12.50.56.png?resize=678%2C384&amp;is-pending-load=1#038;ssl=1\" \/><\/a><a target=\"_blank\" href=\"https:\/\/www.placegrenet.fr\/2025\/08\/11\/une-liste-lfi-aux-municipales-de-grenoble-allan-brunon-chef-de-file-des-insoumis-laisse-planer-le-suspense\/657605\" rel=\"noopener\">Sur Place Gre&rsquo;Net<\/a>, Allan Brunon (LFI) hausse le ton contre la majorit\u00e9 et ouvre la porte \u00e0 une liste LFI contre les Verts !<\/p>\n<p style=\"text-align: justify;\">Le n\u00b02 de M\u00e9lenchon, Manuel Bompard, <a target=\"_blank\" href=\"https:\/\/c.ledauphine.com\/elections\/2025\/08\/20\/isere-grenoble-municipales-lfi-fera-t-il-cavalier-seul-c-est-une-possibilite-affirme-bompard\" rel=\"noopener\">confirme dans le Dauphin\u00e9 (20\/08\/25)<\/a> \u00e0 propos de LFI cavalier seul : \u00ab\u00a0c&rsquo;est une possibilit\u00e9, oui. J\u2019appuie \u00e9videmment et soutiens la d\u00e9marche des chefs de file d\u00e9sign\u00e9s par la France insoumise dans cette commune\u00a0\u00bb.<\/p>\n<p>Verts\/PCF : PAS D&rsquo;UNION DE LA GAUCHE \u00c0 CE STADE, RUFFIN CONTEST\u00c9E<\/p>\n<p style=\"text-align: justify;\">De quoi donner des maux de t\u00eate aux Verts. Ceux-ci se sont group\u00e9s avec le PCF et ont d\u00e9sign\u00e9 4 chefs de file en attendant d&rsquo;officialiser la t\u00eate de liste, Laurence Ruffin, et 3 \u00e9lus sortants du noyau dur piolliste: Nicolas B\u00e9ron-Perez, Margot Belair, Lucille Lheureux. <a href=\"https:\/\/grenoble-le-changement.fr\/2025\/07\/19\/la-liste-piolle-ruffin-cest-comme-si-on-avait-deja-gagne-%ef%bf%bc\/\" target=\"_blank\" rel=\"noopener\">Laurence Ruffin a \u00e9t\u00e9 d\u00e9sign\u00e9e par Piolle pour mener la liste<\/a>&#8230; mais elle avait annonc\u00e9 qu&rsquo;elle ne serait candidate qu&rsquo;en cas d&rsquo;union large de la gauche. Avec LFI et le PS qui s&rsquo;autonomisent, cette union est d\u00e9j\u00e0 compromise: va-t-elle renier sa 1\u00e8re promesse?<\/p>\n<p><a href=\"https:\/\/i1.wp.com\/grenoble-le-changement.fr\/wp-content\/uploads\/2025\/08\/lheureux-culture-bobine.png?ssl=1\" rel=\"lightbox[84150] noopener\" target=\"_blank\"><img loading=\"lazy\" decoding=\"async\" class=\" wp-image-84158 jetpack-lazy-image\" src=\"https:\/\/i1.wp.com\/grenoble-le-changement.fr\/wp-content\/uploads\/2025\/08\/lheureux-culture-bobine.png?resize=576%2C465&amp;ssl=1\" alt=\"\" width=\"576\" height=\"465\" data-recalc-dims=\"1\" data-lazy-src=\"https:\/\/www.europesays.com\/fr\/wp-content\/uploads\/2025\/08\/lheureux-culture-bobine.png\" \/><\/a><a href=\"https:\/\/grenoble-le-changement.fr\/2025\/06\/09\/la-bobine-la-fabrique-opera-la-municipalite-eteint-la-lumiere\/\" target=\"_blank\" rel=\"noopener\">Apr\u00e8s avoir laiss\u00e9 mourir la Bobine et La Fabrique Op\u00e9ra<\/a> sans lever le petit doigt, l&rsquo;in\u00e9narrable Lucille Lheureux s&rsquo;attaque \u00e0 l&rsquo;\u00e9tat et a le culot de parler de soutien \u00e0 la culture<\/p>\n<p style=\"text-align: justify;\">D&rsquo;autant plus qu&rsquo;elle est contest\u00e9e&#8230; au sein-m\u00eame des Verts. Certains \u00e9lus Verts sortants vivent mal qu&rsquo;on leur parachute une ext\u00e9rieure \u00e0 la majorit\u00e9. Lucille Lheureux notamment se d\u00e9m\u00e8ne et se verrait bien t\u00eate de liste \u00e0 sa place. En t\u00e9moigne son regain d&rsquo;activit\u00e9 sur <a target=\"_blank\" href=\"https:\/\/x.com\/LucilleLheureux\">X (ex Twitter)<\/a> o\u00f9 elle multiplie les sorties depuis cet \u00e9t\u00e9 alors qu&rsquo;elle \u00e9tait jusque-l\u00e0 inactive.<\/p>\n<p>LE PS D\u00c9J\u00c0 DANS LA ROUE DES VERTS<\/p>\n<p style=\"text-align: justify;\">Le Parti Socialiste a de son c\u00f4t\u00e9 d\u00e9sign\u00e9 Amandine Germain cheffe de file. Elle voudrait m\u00e9nager la ch\u00e8vre et le chou en faisant alliance avec les Verts&#8230; mais sans revenir sur leur bilan. Un peu facile. <a target=\"_blank\" href=\"https:\/\/www.placegrenet.fr\/2025\/08\/20\/le-vacarme-des-outrances-la-ps-amandine-germain-repond-au-lfi-allan-brunon-en-vue-des-municipales-a-grenoble\/657894\" rel=\"noopener\">LFI et le PS semblent \u00e0 ce stade irr\u00e9conciliables<\/a>, Brunon et Germain \u00e9changeant des noms d&rsquo;oiseaux, et les Verts courent derri\u00e8re LFI de crainte de perdre l&rsquo;\u00e9lectorat d&rsquo;extr\u00eame gauche. Les Verts courbent m\u00eame l&rsquo;\u00e9chine face aux critiques acerbes de leur bilan municipal par un Allan Brunon qui canarde le lac de Villeneuve, la ZFE et le reste. Le PS de Germain, lui, court derri\u00e8re les Verts qui ne peuvent pas s&rsquo;allier avec elle, sous peine de confirmer \u00eatre des sociaux-traitres et d&rsquo;ouvrir un large champ \u00e0 Brunon.\u00a0\u00a0<\/p>\n<p><a href=\"https:\/\/i1.wp.com\/grenoble-le-changement.fr\/wp-content\/uploads\/2025\/08\/germain-brunon-dl.png?ssl=1\" rel=\"lightbox[84150] noopener\" target=\"_blank\"><img loading=\"lazy\" decoding=\"async\" class=\" wp-image-84166 jetpack-lazy-image\" src=\"https:\/\/i1.wp.com\/grenoble-le-changement.fr\/wp-content\/uploads\/2025\/08\/germain-brunon-dl.png?resize=585%2C343&amp;ssl=1\" alt=\"\" width=\"585\" height=\"343\" data-recalc-dims=\"1\" data-lazy-src=\"https:\/\/www.europesays.com\/fr\/wp-content\/uploads\/2025\/08\/germain-brunon-dl.png\" \/><\/a>Le torchon br\u00fble entre le PS et LFI \u00e0 Grenoble <a target=\"_blank\" href=\"https:\/\/c.ledauphine.com\/elections\/2025\/08\/18\/isere-grenoble-municipales-2026-germain-(ps)-cible-les-postures-agressives-de-brunon-(lfi)?fbclid=IwY2xjawMVIX9leHRuA2FlbQIxMQABHiqo_kimGZCVcnMMOLV6bW0cbLdqpKMFSbsK0PqIOr0Yj_lLE6Njyvl_OQbE_aem_RRrO6O_wDxDvp5YWxiFp_w\" rel=\"noopener\">(le DL, 18\/08\/25)<\/a>.<\/p>\n<p style=\"text-align: justify;\">Amandine Germain s&rsquo;est mise dans une impasse politique en n&rsquo;assumant pas la rupture avec la gestion des sortants. Une humiliation et un d\u00e9shonneur pour les \u00e9lus C\u00e9cile C\u00e9natiempo et Hassen Bouzeghoub qui la suivent. Alors qu&rsquo;ils sont depuis 6 ans dans l&rsquo;opposition au conseil municipal, ils courent derri\u00e8re des \u00e9lus qui ne veulent pas d&rsquo;eux\u00a0 et n&rsquo;accepteraient aucune modification de leur programme et de leurs m\u00e9thodes !<\/p>\n<p>PLACE PUBLIQUE ET GRENOBLE CAPITALE CITOYENNE D\u00c9J\u00c0 DIVIS\u00c9S<\/p>\n<p style=\"text-align: justify;\">D&rsquo;autant plus douloureux pour le PS que, pour achever le tableau \u00e0 gauche, on retrouve Pascal Clouaire (\u00e9lu exclu de la majorit\u00e9 Piolle), Romain Gentil (apparent\u00e9 socialiste qui a rejoint Place Publique, le parti de Rapha\u00ebl Gluscksmann) et Equinoxe (un micro-parti \u00e9cologiste) <a href=\"https:\/\/grenoble-le-changement.fr\/2025\/07\/07\/municipales-un-ete-meurtrier-pour-les-gauches-grenobloises\/\" target=\"_blank\" rel=\"noopener\">rassembl\u00e9s dans \u00ab\u00a0Grenoble Capitale Citoyenne\u00a0\u00bb<\/a>. Ils entendent mener une liste dite de tendance gauche mod\u00e9r\u00e9e, sociale-d\u00e9mocrate. Tr\u00e8s critiques des Verts sortants, mais qui ne vont pas jusqu&rsquo;\u00e0 s&rsquo;engager \u00e0 ne pas les rejoindre ! Alors que s&rsquo;allier avec le parti de Gluskcsmann serait pour les Verts comme s&rsquo;allier avec la droite, le renoncement \u00e0 la rupture avec le capitalisme&#8230;.<\/p>\n<p><img decoding=\"async\" data-id=\"60280\" src=\"https:\/\/i2.wp.com\/grenoble-le-changement.fr\/wp-content\/uploads\/2023\/03\/Clouaire-1.png?w=678&amp;ssl=1\" alt=\"\" class=\"wp-image-60280 jetpack-lazy-image\" data-recalc-dims=\"1\" data-lazy-src=\"https:\/\/www.europesays.com\/fr\/wp-content\/uploads\/2025\/08\/Clouaire-1.png\" \/><\/p>\n<p><img decoding=\"async\" data-id=\"84172\" src=\"https:\/\/i2.wp.com\/grenoble-le-changement.fr\/wp-content\/uploads\/2025\/08\/romain-gentil.jpg?w=678&amp;ssl=1\" alt=\"\" class=\"wp-image-84172 jetpack-lazy-image\" data-recalc-dims=\"1\" data-lazy-src=\"https:\/\/www.europesays.com\/fr\/wp-content\/uploads\/2025\/08\/romain-gentil.jpg\" \/><br \/>\nPascal Clouaire, Romain Gentil : deux irr\u00e9conciliables au sein d&rsquo;un groupe qui est d\u00e9j\u00e0 irr\u00e9conciliable avec le reste de la gauche Verts\/LFI ?..<\/p>\n<p style=\"text-align: justify;\">Et surtout, alors qu&rsquo;ils ne sont qu&rsquo;une poign\u00e9e, ils sont d\u00e9j\u00e0 divis\u00e9s. Clouaire \/ Gentil s&rsquo;affrontent pour \u00eatre t\u00eate de liste. Un vote doit les d\u00e9partager fin ao\u00fbt mais pas certain qu&rsquo;il se conclue par une grande r\u00e9conciliation ensuite&#8230; alors que leur espace \u00e9lectoral reste \u00e0 conqu\u00e9rir. Ici aussi l&rsquo;absence de prise en compte du fond des probl\u00e9matiques grenobloises pour choisir seulement d&rsquo;occuper un cr\u00e9neau \u00e9lectoral est un handicap. Si ces hommes avaient seulement Grenoble en t\u00eate ils \u00e9changeraient en toute ind\u00e9pendance avec les collectifs qui travaillent avec Alain Carignon. Jusque l\u00e0 ils se limitent eux-m\u00eames \u00e0 demeurer des candidats suppl\u00e9tifs de forces qui les m\u00e9prisent. Toutes ces personnalit\u00e9s s&rsquo;engagent dans des impasses.<\/p>\n<p>\u00ab\u00a0LE CENTRE\u00a0\u00bb AU POINT MORT<\/p>\n<p style=\"text-align: justify;\">Comme l&rsquo;avocat Herv\u00e9 Gerbi, se revendiquant du \u00ab\u00a0centre\u00a0\u00bb, candidat depuis le mois d&rsquo;avril, apr\u00e8s l&rsquo;avoir \u00e9t\u00e9 aux l\u00e9gislatives de 2020 et de 2007 comme suppl\u00e9ant. Sa campagne patine car il ne peut pas\u00a0 engranger des soutiens importants autour d&rsquo;une d\u00e9marche trop personnelle. Il \u00e9volue donc isol\u00e9. Il a \u00e9t\u00e9 investi chef de file pour Horizons (le parti d&rsquo;Edouard Philippe)&#8230; ce qui signifie qu&rsquo;il est mandat\u00e9 pour prendre contact avec les autres forces, aucunement pour \u00eatre t\u00eate de liste. Eve Moulinier le rappelle justement <a target=\"_blank\" href=\"https:\/\/www.ledauphine.com\/elections\/2025\/08\/21\/place-publique-en-embuscade-herve-gerbi-pour-horizons-quel-role-pour-le-ps-on-fait-le-point-a-grenoble-(2-2)\" rel=\"noopener\">dans le Dauphin\u00e9 Lib\u00e9r\u00e9<\/a> : \u00ab\u00a0Horizons appelle, dans toute la France, \u00e0 faire des alliances. Alors avec qui ?\u00a0\u00bb. Herv\u00e9 Gerbi ne pouvant pas cr\u00e9er de dynamique derri\u00e8re lui devrait, lui aussi, faire preuve de responsabilit\u00e9&#8230; Se maintenir reviendrait \u00e0 diviser et faire le jeu des Verts\/LFI. Quel int\u00e9r\u00eat que ces \u00ab\u00a0tours de pistes\u00a0\u00bb personnels ?\u00a0<\/p>\n<p><a href=\"https:\/\/grenoble-le-changement.fr\/wp-content\/uploads\/2022\/06\/AC-Chalas-.jpg.webp\" rel=\"lightbox[84150] noopener\" target=\"_blank\"><img loading=\"lazy\" decoding=\"async\" class=\" wp-image-53262 jetpack-lazy-image\" src=\"https:\/\/grenoble-le-changement.fr\/wp-content\/uploads\/2022\/06\/AC-Chalas-.jpg.webp\" alt=\"\" width=\"593\" height=\"437\" data-lazy-src=\"https:\/\/www.europesays.com\/fr\/wp-content\/uploads\/2025\/08\/AC-Chalas-.jpg.webp\" \/><\/a>Emilie Chalas (\u00e0 gauche) fera-t-elle cavalier seul, jettera-t-elle l&rsquo;\u00e9ponge ou rejoindra-t-elle un candidat en dynamique ?<\/p>\n<p style=\"text-align: justify;\">Emilie Chalas, pr\u00e9sidente de Renaissance en Is\u00e8re, ex d\u00e9put\u00e9e, \u00e9lue d&rsquo;opposition, lance, elle,\u00a0 des appels du pied \u00e0 la gauche&#8230; qui n&rsquo;en veut pas puisque elle est repr\u00e9sentative du parti d&rsquo;Emmanuel Macron. Elle ne parait pas motiv\u00e9e \u00e0 faire cavalier seul, compte tenu de son score de 2020 (12%) alors qu&rsquo;elle \u00e9tait D\u00e9put\u00e9e et aucune autre personnalit\u00e9 n&rsquo;\u00e9merge pour porter une liste de ce courant de pens\u00e9e. L&rsquo;issue la plus utile \u00e0 Grenoble serait de cr\u00e9er les conditions d&rsquo;un vaste rassemblement avec Alain Carignon, comme le pr\u00f4nent d\u00e9j\u00e0 plusieurs personnalit\u00e9s centristes et <a href=\"https:\/\/grenoble-le-changement.fr\/2024\/09\/13\/lalternance-est-lancee-a-grenoble\/\" target=\"_blank\" rel=\"noopener\">ex colistiers de la candidate<\/a>. Evidemment chacun est appel\u00e9 \u00e0 prendre ses responsabilit\u00e9s en toute ind\u00e9pendance. Emilie Chalas comme les autres et les collectifs autour d&rsquo;Alain Carignon ont appel\u00e9 au respect et \u00e0 la libert\u00e9 de chacun.<\/p>\n<p>PAS CERTAIN QUE LE RN SOIT PR\u00c9SENT\u00a0<\/p>\n<p style=\"text-align: justify;\">Le Rassemblement National a aussi d\u00e9sign\u00e9 un chef de file \u00e0 Grenoble : Valentin Gabriac, attach\u00e9 parlementaire d&rsquo;un d\u00e9put\u00e9 RN du Nord-Is\u00e8re. Le RN est historiquement \u00e9lectoralement faible \u00e0 Grenoble. M\u00eame en 1983, o\u00f9 le mouvement en faveur du changement ressemble \u00e0 2026, la liste Front National men\u00e9e par un universitaire et talentueux avocat Grenoblois, Hugues Petit, n&rsquo;avait pas emp\u00each\u00e9 Alain Carignon d&rsquo;\u00eatre \u00e9lu au premier tour. Pour \u00e9lire un Maire ses \u00e9lecteurs choisissent majoritairement le candidat qui a des chances de battre la gauche.\u00a0<\/p>\n<p>ALAIN CARIGNON D\u00c9J\u00c0 \u00c0 LA RENCONTRE DES GRENOBLOIS&#8230;<\/p>\n<p style=\"text-align: justify;\">Et il y a bien s\u00fbr Alain Carignon, <a href=\"https:\/\/grenoble-le-changement.fr\/2025\/06\/06\/alain-carignon-candidat-aux-municipales-a-grenoble\/\" target=\"_blank\" rel=\"noopener\">qui m\u00e8ne une campagne tambour battant depuis plusieurs mois<\/a>. Le Dauphin\u00e9 rel\u00e8ve sa \u00ab\u00a0s\u00e9rie de rencontres dans toute la ville\u00a0\u00bb avant l&rsquo;\u00e9t\u00e9, le fait que \u00ab\u00a0ses \u00e9quipes ont \u00e9t\u00e9 particuli\u00e8rement offensives sur les r\u00e9seaux sociaux\u00a0\u00bb cet \u00e9t\u00e9 et la future inauguration de \u00ab\u00a0la factory du changement\u00a0\u00bb, son local, le 19 septembre. Une campagne d\u00e9j\u00e0 enti\u00e8rement tourn\u00e9 vers les Grenoblois donc.<\/p>\n<p><a href=\"https:\/\/i0.wp.com\/grenoble-le-changement.fr\/wp-content\/uploads\/2025\/07\/AC-femmes-dont-Michard-Bentaleb-.jpg?ssl=1\" rel=\"lightbox[84150] noopener\" target=\"_blank\"><img loading=\"lazy\" decoding=\"async\" class=\" wp-image-83381 jetpack-lazy-image\" src=\"https:\/\/i0.wp.com\/grenoble-le-changement.fr\/wp-content\/uploads\/2025\/07\/AC-femmes-dont-Michard-Bentaleb-.jpg?resize=582%2C388&amp;ssl=1\" alt=\"\" width=\"582\" height=\"388\" data-recalc-dims=\"1\" data-lazy-src=\"https:\/\/www.europesays.com\/fr\/wp-content\/uploads\/2025\/08\/AC-femmes-dont-Michard-Bentaleb-.jpg\" \/><\/a>Alain Carignon en juin dernier \u00e0 l&rsquo;occasion d&rsquo;un verre pour trinquer au changement avant l&rsquo;\u00e9t\u00e9.<br \/>\n&#8230; A D\u00c9J\u00c0 UNE GROSSE LONGUEUR D&rsquo;AVANCE<\/p>\n<p style=\"text-align: justify;\">En r\u00e9alit\u00e9 rien de tr\u00e8s neuf puisque le leader de l&rsquo;opposition a \u00e9t\u00e9 au contact, sur le terrain, depuis le d\u00e9but du mandat. C&rsquo;est ce travail qui l&rsquo;a rendu incontournable et fait de lui le seul pivot en capacit\u00e9 d&rsquo;impulser un changement \u00e0 Grenoble en mars prochain. Et qui fait qu&rsquo;aujourd&rsquo;hui il est accompagn\u00e9 de <a href=\"https:\/\/grenoble-le-changement.fr\/2025\/05\/16\/les-forces-vives-de-grenoble-sengagent-pour-le-changement-avec-alain-carignon\/\" target=\"_blank\" rel=\"noopener\">l&rsquo;\u00e9quipe la plus large, plurielle<\/a>, compos\u00e9e de personnalit\u00e9s de droite comme de gauche, en toute ind\u00e9pendance des appareils politiques pour se mettre au service des Grenoblois. Les Echos confirment en relevant d&rsquo;ailleurs que l&rsquo;opposition \u00ab\u00a0semble plut\u00f4t group\u00e9e derri\u00e8re Alain Carignon\u00a0\u00bb.\u00a0<\/p>\n<p style=\"text-align: justify;\">\u00ab\u00a0Cette majorit\u00e9 d\u00e9montre toute seule aux habitants \u00e0 quel point elle ne se soucie pas de Grenoble. Et c&rsquo;est l\u00e0 qu&rsquo;on intervient. Pour montrer que nous, on a un projet d&rsquo;avenir pour notre ville\u00a0\u00bb explique le candidat <a target=\"_blank\" href=\"https:\/\/c.ledauphine.com\/elections\/2025\/08\/20\/isere-elections-municipales-2026-on-en-est-ou-a-grenoble-(1-2)?fbclid=IwY2xjawMViPBleHRuA2FlbQIxMABicmlkETFrREV6dldQS0tVdVdwRkdoAR5x-j9Hj0gkgZn3hSb9j1_SAbpuzN55PxQ9tXptZ4nHl-jHbLHy9V2LcB8d0Q_aem_o8nAdO1mtskTjIviDYe97g\" rel=\"noopener\">\u00e0 Eve Moulinier dans le Dauphin\u00e9<\/a>. Pendant que les autres sont engonc\u00e9s dans les combines d&rsquo;appareil, il trace sa route. Loin devant, avec les Grenoblois.<\/p>\n","protected":false},"excerpt":{"rendered":"Posted On 23 ao\u00fbt 2025 Un camp Verts\/LFI sortants \u00e0 couteaux tir\u00e9s et des socio-d\u00e9mocrates atomis\u00e9s qui se&hellip;\n","protected":false},"author":2,"featured_media":338043,"comment_status":"","ping_status":"","sticky":false,"template":"","format":"standard","meta":{"footnotes":""},"categories":[9566],"tags":[1111,11,47429,27721,14001,2430,12462,10607,10131,9606,1073,9607,1777,674,10608,47430,1011,27,2731,10609,24613,3081,10136,10612,17852,10613,12,24294,9609,15923,25,14009,47431],"class_list":{"0":"post-338042","1":"post","2":"type-post","3":"status-publish","4":"format-standard","5":"has-post-thumbnail","7":"category-grenoble","8":"tag-actu","9":"tag-actualites","10":"tag-alexandre-gabriac","11":"tag-allan-brunon","12":"tag-amandine-germain","13":"tag-auvergne-rhone-alpes","14":"tag-bruno-de-lescure","15":"tag-cecile-cenatiempo","16":"tag-elisa-martin","17":"tag-emilie-chalas","18":"tag-emmanuel-macron","19":"tag-eric-piolle","20":"tag-eu","21":"tag-europe","22":"tag-eve-moulinier","23":"tag-florian-espalieu","24":"tag-fr","25":"tag-france","26":"tag-grenoble","27":"tag-hassen-bouzeghoub","28":"tag-herve-gerbi","29":"tag-jean-luc-melenchon","30":"tag-laurence-ruffin","31":"tag-lucille-lheureux","32":"tag-manuel-bompard","33":"tag-margot-belair","34":"tag-news","35":"tag-nicolas-beron-perez","36":"tag-pascal-clouaire","37":"tag-raphael-glucksmann","38":"tag-republique-francaise","39":"tag-romain-gentil","40":"tag-valentin-gabriac"},"share_on_mastodon":{"url":"","error":"Validation failed: Text character limit of 500 exceeded"},"_links":{"self":[{"href":"https:\/\/www.europesays.com\/fr\/wp-json\/wp\/v2\/posts\/338042","targetHints":{"allow":["GET"]}}],"collection":[{"href":"https:\/\/www.europesays.com\/fr\/wp-json\/wp\/v2\/posts"}],"about":[{"href":"https:\/\/www.europesays.com\/fr\/wp-json\/wp\/v2\/types\/post"}],"author":[{"embeddable":true,"href":"https:\/\/www.europesays.com\/fr\/wp-json\/wp\/v2\/users\/2"}],"replies":[{"embeddable":true,"href":"https:\/\/www.europesays.com\/fr\/wp-json\/wp\/v2\/comments?post=338042"}],"version-history":[{"count":0,"href":"https:\/\/www.europesays.com\/fr\/wp-json\/wp\/v2\/posts\/338042\/revisions"}],"wp:featuredmedia":[{"embeddable":true,"href":"https:\/\/www.europesays.com\/fr\/wp-json\/wp\/v2\/media\/338043"}],"wp:attachment":[{"href":"https:\/\/www.europesays.com\/fr\/wp-json\/wp\/v2\/media?parent=338042"}],"wp:term":[{"taxonomy":"category","embeddable":true,"href":"https:\/\/www.europesays.com\/fr\/wp-json\/wp\/v2\/categories?post=338042"},{"taxonomy":"post_tag","embeddable":true,"href":"https:\/\/www.europesays.com\/fr\/wp-json\/wp\/v2\/tags?post=338042"}],"curies":[{"name":"wp","href":"https:\/\/api.w.org\/{rel}","templated":true}]}}