{"id":338044,"date":"2025-08-23T08:03:13","date_gmt":"2025-08-23T08:03:13","guid":{"rendered":"https:\/\/www.europesays.com\/fr\/338044\/"},"modified":"2025-08-23T08:03:13","modified_gmt":"2025-08-23T08:03:13","slug":"un-jeune-espoir-du-stade-rennais-interpelle-avec-de-la-cocaine-au-blosne","status":"publish","type":"post","link":"https:\/\/www.europesays.com\/fr\/338044\/","title":{"rendered":"un jeune espoir du Stade Rennais interpell\u00e9 avec de la coca\u00efne au Blosne"},"content":{"rendered":"<p>Le Stade Rennais traverse une nouvelle zone de turbulences extra-sportives. Jeudi 21 ao\u00fbt, un jeune joueur de 17 ans issu du p\u00f4le espoirs du club breton a \u00e9t\u00e9 interpell\u00e9 par la police dans le quartier du Blosne, \u00e0 Rennes, alors qu\u2019il se trouvait sur un important point de deal.<\/p>\n<p>Le mineur, s\u00e9lectionn\u00e9 en \u00e9quipe de France de jeunes, avait fugu\u00e9 de son domicile en r\u00e9gion parisienne depuis plusieurs jours, ce qui avait conduit les autorit\u00e9s \u00e0 diffuser un avis de recherche. C\u2019est lors d\u2019un contr\u00f4le policier square de Stockholm, haut lieu du trafic rennais, qu\u2019il a \u00e9t\u00e9 retrouv\u00e9.<\/p>\n<p>\u00c0 la vue des forces de l\u2019ordre, l\u2019adolescent a tent\u00e9 de prendre la fuite. Rapidement rattrap\u00e9, il a \u00e9t\u00e9 d\u00e9couvert en possession de coca\u00efne. Il a aussit\u00f4t \u00e9t\u00e9 plac\u00e9 en garde \u00e0 vue pour d\u00e9tention et transport de stup\u00e9fiants. Vendredi apr\u00e8s-midi, il se trouvait toujours entre les mains de la police.<\/p>\n<p>Le SRFC dit attendre d\u00e9sormais \u00ab les conclusions de l\u2019enqu\u00eate \u00bb pour se prononcer sur la nature exacte des faits reproch\u00e9s.<\/p>\n<p>Ce n\u2019est pas la premi\u00e8re fois qu\u2019un jeune espoir du Stade Rennais se retrouve impliqu\u00e9 dans un dossier judiciaire. En juin 2024, Mathis Lambourde, alors joueur du club, avait renvers\u00e9 une femme de 51 ans avec sa trottinette, entra\u00eenant son d\u00e9c\u00e8s. Condamn\u00e9 \u00e0 deux ans de prison avec sursis, il avait rapidement quitt\u00e9 Rennes pour rejoindre l\u2019Hellas V\u00e9rone, en Italie.<\/p>\n<p>Ces affaires posent la question de l\u2019encadrement des jeunes joueurs, souvent propuls\u00e9s tr\u00e8s t\u00f4t sous le feu des projecteurs, mais parfois insuffisamment accompagn\u00e9s face aux risques et aux d\u00e9rives. Pour le club breton, qui investit massivement dans la formation et dont l\u2019acad\u00e9mie est r\u00e9put\u00e9e en France, ces incidents jettent une ombre sur un travail pourtant reconnu.<\/p>\n<p>Reste d\u00e9sormais \u00e0 savoir quelles suites judiciaires seront donn\u00e9es \u00e0 ce nouveau dossier, et comment le Stade Rennais choisira de g\u00e9rer un \u00e9pisode qui, une fois encore, d\u00e9borde largement du strict terrain sportif. Peut \u00eatre faudrait-il songer aussi \u00e0 r\u00e9fl\u00e9chir \u00e0 \u00ab o\u00f9 \u00bb sont recrut\u00e9s les jeunes espoirs du Stade Rennais ? Il y a des milliers de jeunes qui parcourent les terrains de la Bretagne rurale tous les samedi, qui aimeraient aussi avoir leur chance\u2026<\/p>\n<p>Cr\u00e9dit photo : DR (photo d\u2019illustration)<br \/>[cc] Breizh-info.com, 2025, d\u00e9p\u00eaches libres de copie et de diffusion sous r\u00e9serve de mention et de lien vers la source d\u2019origine<\/p>\n","protected":false},"excerpt":{"rendered":"Le Stade Rennais traverse une nouvelle zone de turbulences extra-sportives. Jeudi 21 ao\u00fbt, un jeune joueur de 17&hellip;\n","protected":false},"author":2,"featured_media":338045,"comment_status":"","ping_status":"","sticky":false,"template":"","format":"standard","meta":{"footnotes":""},"categories":[2821],"tags":[1111,11,829,3993,1777,674,1011,27,12,584,25,3087],"class_list":{"0":"post-338044","1":"post","2":"type-post","3":"status-publish","4":"format-standard","5":"has-post-thumbnail","7":"category-rennes","8":"tag-actu","9":"tag-actualites","10":"tag-bretagne","11":"tag-cocaine","12":"tag-eu","13":"tag-europe","14":"tag-fr","15":"tag-france","16":"tag-news","17":"tag-rennes","18":"tag-republique-francaise","19":"tag-stade-rennais"},"share_on_mastodon":{"url":"https:\/\/pubeurope.com\/@fr\/115077042262481864","error":""},"_links":{"self":[{"href":"https:\/\/www.europesays.com\/fr\/wp-json\/wp\/v2\/posts\/338044","targetHints":{"allow":["GET"]}}],"collection":[{"href":"https:\/\/www.europesays.com\/fr\/wp-json\/wp\/v2\/posts"}],"about":[{"href":"https:\/\/www.europesays.com\/fr\/wp-json\/wp\/v2\/types\/post"}],"author":[{"embeddable":true,"href":"https:\/\/www.europesays.com\/fr\/wp-json\/wp\/v2\/users\/2"}],"replies":[{"embeddable":true,"href":"https:\/\/www.europesays.com\/fr\/wp-json\/wp\/v2\/comments?post=338044"}],"version-history":[{"count":0,"href":"https:\/\/www.europesays.com\/fr\/wp-json\/wp\/v2\/posts\/338044\/revisions"}],"wp:featuredmedia":[{"embeddable":true,"href":"https:\/\/www.europesays.com\/fr\/wp-json\/wp\/v2\/media\/338045"}],"wp:attachment":[{"href":"https:\/\/www.europesays.com\/fr\/wp-json\/wp\/v2\/media?parent=338044"}],"wp:term":[{"taxonomy":"category","embeddable":true,"href":"https:\/\/www.europesays.com\/fr\/wp-json\/wp\/v2\/categories?post=338044"},{"taxonomy":"post_tag","embeddable":true,"href":"https:\/\/www.europesays.com\/fr\/wp-json\/wp\/v2\/tags?post=338044"}],"curies":[{"name":"wp","href":"https:\/\/api.w.org\/{rel}","templated":true}]}}