{"id":338054,"date":"2025-08-23T08:08:23","date_gmt":"2025-08-23T08:08:23","guid":{"rendered":"https:\/\/www.europesays.com\/fr\/338054\/"},"modified":"2025-08-23T08:08:23","modified_gmt":"2025-08-23T08:08:23","slug":"livres-dvd-ce-finisterien-aime-nourrir-son-esprit-au-marche-place-sainte-croix-a-nantes","status":"publish","type":"post","link":"https:\/\/www.europesays.com\/fr\/338054\/","title":{"rendered":"Livres, DVD\u2026 Ce Finist\u00e9rien aime nourrir son esprit au march\u00e9 place Sainte-Croix \u00e0 Nantes"},"content":{"rendered":"<p>Jakez Kerhom va plut\u00f4t au march\u00e9 pour nourrir son esprit\u00a0: des DVD, des CD, des livres\u2026 <a href=\"https:\/\/nantes.maville.com\/info\/info-locale\/succes-des-livres-devant-sainte-croix-3615823\" target=\"_self\" rel=\"noopener\">Sur la place Sainte-Croix, en plein c\u0153ur de Nantes<\/a>, ce Finist\u00e9rien de passage trouve toujours son bonheur lorsqu\u2019il vient rendre visite \u00e0 ses trois enfants. \u00a0\u00c0 force, j\u2019ai de bons contacts avec les vendeurs, je leur fais confiance pour la marchandise\u00a0, pr\u00e9cise-t-il.<\/p>\n<p>Ce jeudi 21\u00a0ao\u00fbt, deux DVD et un CD du compositeur classique Claude Debussy ont retenu son attention. Les films \u2014 La Chambre des officiers de Fran\u00e7ois Dupeyron et Le Baiser mortel du dragon de Chris Nahon \u2014, Jakez Kerhom les a d\u00e9j\u00e0 vus il y a une quinzaine d\u2019ann\u00e9es, mais il souhaite \u00a0les red\u00e9couvrir\u00a0. 2\u00a0\u20ac pi\u00e8ce, \u00a0\u00e7a vaut le coup\u00a0!\u00a0<\/p>\n<p>Dans le chinage, ce qu\u2019il pr\u00e9f\u00e8re, c\u2019est se laisser porter. \u00a0Je cherche, je trouve\u2026 Comme on dit, c\u2019est l\u2019occasion qui fait le larron\u00a0\u00bb, philosophe le collectionneur qui reconna\u00eet ne plus savoir o\u00f9 ranger toutes ses trouvailles. Pour lui, qui se dit \u00a0analphab\u00e8te du num\u00e9rique\u00a0, rien ne vaut le toucher pour profiter d\u2019une \u0153uvre.<\/p>\n<p>\u00a0<\/p>\n","protected":false},"excerpt":{"rendered":"Jakez Kerhom va plut\u00f4t au march\u00e9 pour nourrir son esprit\u00a0: des DVD, des CD, des livres\u2026 Sur la&hellip;\n","protected":false},"author":2,"featured_media":338055,"comment_status":"","ping_status":"","sticky":false,"template":"","format":"standard","meta":{"footnotes":""},"categories":[2818],"tags":[1111,11,47433,2933,47434,1777,674,47432,1011,27,1380,2089,766,12,24204,2636,5536,25,47435],"class_list":{"0":"post-338054","1":"post","2":"type-post","3":"status-publish","4":"format-standard","5":"has-post-thumbnail","7":"category-nantes","8":"tag-actu","9":"tag-actualites","10":"tag-aime","11":"tag-dvd","12":"tag-esprit","13":"tag-eu","14":"tag-europe","15":"tag-finisterien","16":"tag-fr","17":"tag-france","18":"tag-livres","19":"tag-marche","20":"tag-nantes","21":"tag-news","22":"tag-nourrir","23":"tag-pays-de-la-loire","24":"tag-place","25":"tag-republique-francaise","26":"tag-sainte-croix"},"share_on_mastodon":{"url":"https:\/\/pubeurope.com\/@fr\/115077061220290423","error":""},"_links":{"self":[{"href":"https:\/\/www.europesays.com\/fr\/wp-json\/wp\/v2\/posts\/338054","targetHints":{"allow":["GET"]}}],"collection":[{"href":"https:\/\/www.europesays.com\/fr\/wp-json\/wp\/v2\/posts"}],"about":[{"href":"https:\/\/www.europesays.com\/fr\/wp-json\/wp\/v2\/types\/post"}],"author":[{"embeddable":true,"href":"https:\/\/www.europesays.com\/fr\/wp-json\/wp\/v2\/users\/2"}],"replies":[{"embeddable":true,"href":"https:\/\/www.europesays.com\/fr\/wp-json\/wp\/v2\/comments?post=338054"}],"version-history":[{"count":0,"href":"https:\/\/www.europesays.com\/fr\/wp-json\/wp\/v2\/posts\/338054\/revisions"}],"wp:featuredmedia":[{"embeddable":true,"href":"https:\/\/www.europesays.com\/fr\/wp-json\/wp\/v2\/media\/338055"}],"wp:attachment":[{"href":"https:\/\/www.europesays.com\/fr\/wp-json\/wp\/v2\/media?parent=338054"}],"wp:term":[{"taxonomy":"category","embeddable":true,"href":"https:\/\/www.europesays.com\/fr\/wp-json\/wp\/v2\/categories?post=338054"},{"taxonomy":"post_tag","embeddable":true,"href":"https:\/\/www.europesays.com\/fr\/wp-json\/wp\/v2\/tags?post=338054"}],"curies":[{"name":"wp","href":"https:\/\/api.w.org\/{rel}","templated":true}]}}