{"id":338056,"date":"2025-08-23T08:09:14","date_gmt":"2025-08-23T08:09:14","guid":{"rendered":"https:\/\/www.europesays.com\/fr\/338056\/"},"modified":"2025-08-23T08:09:14","modified_gmt":"2025-08-23T08:09:14","slug":"un-match-pro-de-basket-ball-entre-nantes-et-lorient-le-29-aout","status":"publish","type":"post","link":"https:\/\/www.europesays.com\/fr\/338056\/","title":{"rendered":"un match pro de basket-ball entre Nantes et Lorient le 29 ao\u00fbt"},"content":{"rendered":"<p>Publi\u00e9 par Soizick David, le 23 Ao\u00fbt 2025 \u00e0 09:39<\/p>\n<p itemprop=\"description\" class=\"chapo\">L\u2019ABCN organise pour la troisi\u00e8me ann\u00e9e cons\u00e9cutive un match de gala Pro B en partenariat avec l\u2019Hermine de Nantes.<\/p>\n<p><img decoding=\"async\" src=\"https:\/\/www.europesays.com\/fr\/wp-content\/uploads\/2025\/08\/2025-08-23-saint-nazaire-un-match-pro-de-basket-ball-entre-nantes-et-lorient-le-29-aout.jpg\" class=\"img-fluid rounded-3 mb-4\" alt=\"Saint-Nazaire : un match pro de basket-ball entre Nantes et Lorient le 29 ao\u00fbt\"\/><br \/>\nLa recontre est organis\u00e9e par le club de Saint-Nazaire l&rsquo;ABCN \u00a9 Adobe Stock<\/p>\n<p><strong>L\u2019Atlantique Basket Club Nazairien (ABCN)<\/strong> poursuit sa tradition estivale en proposant un match de gala de haut niveau. Le club invite le public \u00e0 une soir\u00e9e sportive pour d\u00e9couvrir deux formations engag\u00e9es dans leur pr\u00e9paration :<strong> l\u2019Hermine de Nantes<\/strong>, pensionnaire de Pro B, et le <strong>CEP Lorient<\/strong>, solide repr\u00e9sentant de Nationale 1.<\/p>\n<p>Nantes veut repartir de l\u2019avant<\/p>\n<p>L\u2019Hermine de Nantes sort d\u2019une saison compliqu\u00e9e en Pro B, conclue \u00e0 la 16\u1d49 place avec 14 victoires pour 24 d\u00e9faites. Le club, qui a d\u00e9j\u00e0 remport\u00e9 la Leaders Cup Pro B en 2020, s\u2019appuie aujourd\u2019hui sur une nouvelle dynamique impuls\u00e9e par sa direction. Les Nantais comptent sur cette pr\u00e9paration pour se relancer et viser un championnat plus serein.<\/p>\n<p>Lorient en pleine ascension<\/p>\n<p>De son c\u00f4t\u00e9, le CEP Lorient continue de s\u2019installer durablement dans le paysage de la Nationale 1. Avec un bilan positif la saison derni\u00e8re (15 victoires, 11 d\u00e9faites), les Bretons ont d\u00e9montr\u00e9 qu\u2019ils avaient les armes pour exister \u00e0 ce niveau. Port\u00e9e par des joueurs performants tels que <strong>Kevin Franceschi<\/strong>, le club entend profiter de ce test grandeur nature face \u00e0 une formation de l\u2019\u00e9chelon sup\u00e9rieur pour pr\u00e9parer ses prochaines \u00e9ch\u00e9ances.<\/p>\n<p>Match pro de gala \u2022 vendredi 29 ao\u00fbt 2025 \u00e0 20h \u2022 Gymnase Henri Fogel, avenue Pierre de Coubertin \u00e0 Saint-Nazaire \u2022 Tarifs adultes : 7\u20ac. Jeunes (10-17ans) : 5\u20ac. Enfants (-10ans) : gratuit.<\/p>\n","protected":false},"excerpt":{"rendered":"Publi\u00e9 par Soizick David, le 23 Ao\u00fbt 2025 \u00e0 09:39 L\u2019ABCN organise pour la troisi\u00e8me ann\u00e9e cons\u00e9cutive un&hellip;\n","protected":false},"author":2,"featured_media":338057,"comment_status":"","ping_status":"","sticky":false,"template":"","format":"standard","meta":{"footnotes":""},"categories":[2818],"tags":[1111,11,3723,1777,674,1011,27,1114,766,13694,12,2636,25,3213],"class_list":{"0":"post-338056","1":"post","2":"type-post","3":"status-publish","4":"format-standard","5":"has-post-thumbnail","7":"category-nantes","8":"tag-actu","9":"tag-actualites","10":"tag-actus","11":"tag-eu","12":"tag-europe","13":"tag-fr","14":"tag-france","15":"tag-infos","16":"tag-nantes","17":"tag-nazaire","18":"tag-news","19":"tag-pays-de-la-loire","20":"tag-republique-francaise","21":"tag-saint"},"share_on_mastodon":{"url":"https:\/\/pubeurope.com\/@fr\/115077065181746254","error":""},"_links":{"self":[{"href":"https:\/\/www.europesays.com\/fr\/wp-json\/wp\/v2\/posts\/338056","targetHints":{"allow":["GET"]}}],"collection":[{"href":"https:\/\/www.europesays.com\/fr\/wp-json\/wp\/v2\/posts"}],"about":[{"href":"https:\/\/www.europesays.com\/fr\/wp-json\/wp\/v2\/types\/post"}],"author":[{"embeddable":true,"href":"https:\/\/www.europesays.com\/fr\/wp-json\/wp\/v2\/users\/2"}],"replies":[{"embeddable":true,"href":"https:\/\/www.europesays.com\/fr\/wp-json\/wp\/v2\/comments?post=338056"}],"version-history":[{"count":0,"href":"https:\/\/www.europesays.com\/fr\/wp-json\/wp\/v2\/posts\/338056\/revisions"}],"wp:featuredmedia":[{"embeddable":true,"href":"https:\/\/www.europesays.com\/fr\/wp-json\/wp\/v2\/media\/338057"}],"wp:attachment":[{"href":"https:\/\/www.europesays.com\/fr\/wp-json\/wp\/v2\/media?parent=338056"}],"wp:term":[{"taxonomy":"category","embeddable":true,"href":"https:\/\/www.europesays.com\/fr\/wp-json\/wp\/v2\/categories?post=338056"},{"taxonomy":"post_tag","embeddable":true,"href":"https:\/\/www.europesays.com\/fr\/wp-json\/wp\/v2\/tags?post=338056"}],"curies":[{"name":"wp","href":"https:\/\/api.w.org\/{rel}","templated":true}]}}