{"id":338066,"date":"2025-08-23T08:14:13","date_gmt":"2025-08-23T08:14:13","guid":{"rendered":"https:\/\/www.europesays.com\/fr\/338066\/"},"modified":"2025-08-23T08:14:13","modified_gmt":"2025-08-23T08:14:13","slug":"on-se-dit-que-ca-va-proliferer-partout-au-chu-de-lille-les-cafards-sement-la-discorde","status":"publish","type":"post","link":"https:\/\/www.europesays.com\/fr\/338066\/","title":{"rendered":"\u00ab\u00a0On se dit que \u00e7a va prolif\u00e9rer partout\u00a0\u00bb\u00a0: au CHU de Lille, les cafards s\u00e8ment la discorde"},"content":{"rendered":"<p class=\"paragraph text_align_left lp-f-body-02\">Dans des petits bocaux en plastique, Matthieu Collart montre les nuisibles qu\u2019il a captur\u00e9s. Deux <a href=\"https:\/\/www.leparisien.fr\/val-de-marne-94\/des-cafards-par-milliers-meme-dans-le-lit-a-arcueil-le-logement-dun-locataire-decede-infeste-une-residence-13-09-2024-IIMFHLG4RZD7VLHUMCNFFLE4PU.php\" target=\"_blank\" rel=\"noreferrer noopener\">cafards<\/a>, trouv\u00e9s au sein de l\u2019h\u00f4pital Albert-Calmette du Centre Hospitalier Universitaire (CHU) de <a href=\"https:\/\/www.leparisien.fr\/nord-59\/inondation-moisissures-cafards-charges-qui-explosent-a-lille-le-ras-le-bol-des-habitants-des-catiches-17-03-2025-HP2UQF6ZRBAQBJYKWPY3RWBFX4.php\" target=\"_blank\" rel=\"noreferrer noopener\">Lille<\/a> (<a href=\"https:\/\/www.leparisien.fr\/nord-59\/\" target=\"_blank\" rel=\"noreferrer noopener\">Nord<\/a>). \u00ab \u00c7a dure depuis d\u00e9but juillet. On a deux esp\u00e8ces diff\u00e9rentes \u00bb, explique le repr\u00e9sentant du personnel (SMICT-CGT). \u00ab Ce week-end du 15 ao\u00fbt, on a trouv\u00e9 des blattes germaniques : elles sont particuli\u00e8rement dangereuses car elles transportent des maladies. \u00bb Salmonellose, gastro-ent\u00e9rite, infections par staphylocoques\u2026 Cet insecte peut aussi provoquer des allergies respiratoires et de l\u2019asthme.<\/p>\n<p class=\"paragraph text_align_left lp-f-body-02\">Dans un communiqu\u00e9 publi\u00e9 ce 19 ao\u00fbt, la CGT et la SMICT-CGT tirent ainsi la sonnette d\u2019alarme et parlent d\u2019une \u00ab infestation de cafards \u00bb. Un terme que d\u00e9ment la direction de l\u2019h\u00f4pital. Celle-ci affirme avoir \u00e9t\u00e9 avertie de \u00ab la pr\u00e9sence r\u00e9cente d\u2019insectes nuisibles au sein de quelques secteurs localis\u00e9s \u00bb. Un ph\u00e9nom\u00e8ne d\u00fb, selon elle, aux \u00ab conditions climatiques de fortes chaleurs et d\u2019humidit\u00e9 \u00bb. Des nuisibles proviendraient par ailleurs \u00ab du domicile de certains patients \u00bb, tandis que d\u2019autres seraient de simples \u00ab b\u00eates de for\u00eat \u00bb.<\/p>\n","protected":false},"excerpt":{"rendered":"Dans des petits bocaux en plastique, Matthieu Collart montre les nuisibles qu\u2019il a captur\u00e9s. Deux cafards, trouv\u00e9s au&hellip;\n","protected":false},"author":2,"featured_media":338067,"comment_status":"","ping_status":"","sticky":false,"template":"","format":"standard","meta":{"footnotes":""},"categories":[2815],"tags":[1111,917,11,459,1777,674,1011,27,811,1307,12,8193,25,104],"class_list":{"0":"post-338066","1":"post","2":"type-post","3":"status-publish","4":"format-standard","5":"has-post-thumbnail","7":"category-lille","8":"tag-actu","9":"tag-actu-locale","10":"tag-actualites","11":"tag-departements-horsidfo","12":"tag-eu","13":"tag-europe","14":"tag-fr","15":"tag-france","16":"tag-hauts-de-france","17":"tag-lille","18":"tag-news","19":"tag-nord-59","20":"tag-republique-francaise","21":"tag-societe"},"share_on_mastodon":{"url":"https:\/\/pubeurope.com\/@fr\/115077085228030044","error":""},"_links":{"self":[{"href":"https:\/\/www.europesays.com\/fr\/wp-json\/wp\/v2\/posts\/338066","targetHints":{"allow":["GET"]}}],"collection":[{"href":"https:\/\/www.europesays.com\/fr\/wp-json\/wp\/v2\/posts"}],"about":[{"href":"https:\/\/www.europesays.com\/fr\/wp-json\/wp\/v2\/types\/post"}],"author":[{"embeddable":true,"href":"https:\/\/www.europesays.com\/fr\/wp-json\/wp\/v2\/users\/2"}],"replies":[{"embeddable":true,"href":"https:\/\/www.europesays.com\/fr\/wp-json\/wp\/v2\/comments?post=338066"}],"version-history":[{"count":0,"href":"https:\/\/www.europesays.com\/fr\/wp-json\/wp\/v2\/posts\/338066\/revisions"}],"wp:featuredmedia":[{"embeddable":true,"href":"https:\/\/www.europesays.com\/fr\/wp-json\/wp\/v2\/media\/338067"}],"wp:attachment":[{"href":"https:\/\/www.europesays.com\/fr\/wp-json\/wp\/v2\/media?parent=338066"}],"wp:term":[{"taxonomy":"category","embeddable":true,"href":"https:\/\/www.europesays.com\/fr\/wp-json\/wp\/v2\/categories?post=338066"},{"taxonomy":"post_tag","embeddable":true,"href":"https:\/\/www.europesays.com\/fr\/wp-json\/wp\/v2\/tags?post=338066"}],"curies":[{"name":"wp","href":"https:\/\/api.w.org\/{rel}","templated":true}]}}