{"id":338070,"date":"2025-08-23T08:16:11","date_gmt":"2025-08-23T08:16:11","guid":{"rendered":"https:\/\/www.europesays.com\/fr\/338070\/"},"modified":"2025-08-23T08:16:11","modified_gmt":"2025-08-23T08:16:11","slug":"marseille-contre-paris-on-refait-le-match-ce-dimanche-avec-le-classico-de-lhumour","status":"publish","type":"post","link":"https:\/\/www.europesays.com\/fr\/338070\/","title":{"rendered":"Marseille contre Paris, on refait le match ce dimanche avec le Classico de l\u2019humour"},"content":{"rendered":"<p>Quelle que soit la discipline, un match entre Marseille et Paris a forc\u00e9ment une saveur particuli\u00e8re. Si les rencontres de foot sont le phare de cette passion d\u00e9passant r\u00e9guli\u00e8rement les limites du raisonnable, le stand-up s\u2019est empar\u00e9 depuis quelques mois de l\u2019affiche, pour en faire un concept\u00a0: le Classico de l\u2019humour. <strong>Apr\u00e8s plusieurs soir\u00e9es dans la capitale, la cit\u00e9 phoc\u00e9enne accueille ce que l\u2019on pourrait nommer la premi\u00e8re des manches retour, ce dimanche <a href=\"https:\/\/www.laprovence.com\/article\/sortie-loisirs\/23079707477023\/marseille-10-ans-de-stand-up-resonnent-au-comedie-club-vieux-port\" target=\"_blank\" rel=\"noopener\">au Com\u00e9die Club Vieux-Port<\/a>.<\/strong><\/p>\n<p>L\u2019\u00e9tablissement est dirig\u00e9 par Michel Nouader, une des t\u00eates pensantes de ce nouveau Classico\u00a0: \u00ab\u00a0On l\u2019a fait de d\u00e9cembre \u00e0 avril \u00e0 Paris, \u00e0 la Sc\u00e8ne parisienne, et l\u2019ambiance \u00e9tait top. Pour Marseille, on lance le coup ce dimanche car c\u2019est le lendemain du match OM-Paris FC. Il y aura donc forc\u00e9ment des Marseillais et des touristes parisiens dans le public\u00a0\u00bb, fr\u00e9missait d\u2019avance le programmateur. Dont le slogan est limpide\u00a0: \u00ab\u00a0Rire et s\u2019amuser de nos rivalit\u00e9s\u00a0!\u00a0\u00bb<\/p>\n<p>Pendant une bonne heure sur sc\u00e8ne, deux \u00e9quipes de trois humoristes s\u2019affronteront lors de plusieurs \u00e9preuves encadr\u00e9es par un MC habill\u00e9 en arbitre. Mais le vrai juge sera bien le public, qui d\u00e9cidera par un vote de qui l\u2019emportera. \u00ab\u00a0<a href=\"https:\/\/www.laprovence.com\/article\/culture-loisirs\/3092813706380314\/marseille-au-garage-comedy-de-nouvelles-formes-de-rire-a-la-conquete-du-public\" target=\"_blank\" rel=\"noopener\">La premi<\/a>&#8230;<\/p>\n","protected":false},"excerpt":{"rendered":"Quelle que soit la discipline, un match entre Marseille et Paris a forc\u00e9ment une saveur particuli\u00e8re. Si les&hellip;\n","protected":false},"author":2,"featured_media":338071,"comment_status":"","ping_status":"","sticky":false,"template":"","format":"standard","meta":{"footnotes":""},"categories":[2814],"tags":[17,1111,11,3396,1444,251,6664,1777,674,1011,27,884,955,12,626,882,47438,25],"class_list":{"0":"post-338070","1":"post","2":"type-post","3":"status-publish","4":"format-standard","5":"has-post-thumbnail","7":"category-marseille","8":"tag-17","9":"tag-actu","10":"tag-actualites","11":"tag-avec","12":"tag-contre","13":"tag-culture","14":"tag-dimanche","15":"tag-eu","16":"tag-europe","17":"tag-fr","18":"tag-france","19":"tag-marseille","20":"tag-match","21":"tag-news","22":"tag-paris","23":"tag-provence-alpes-cote-dazur","24":"tag-refait","25":"tag-republique-francaise"},"share_on_mastodon":{"url":"https:\/\/pubeurope.com\/@fr\/115077092740003686","error":""},"_links":{"self":[{"href":"https:\/\/www.europesays.com\/fr\/wp-json\/wp\/v2\/posts\/338070","targetHints":{"allow":["GET"]}}],"collection":[{"href":"https:\/\/www.europesays.com\/fr\/wp-json\/wp\/v2\/posts"}],"about":[{"href":"https:\/\/www.europesays.com\/fr\/wp-json\/wp\/v2\/types\/post"}],"author":[{"embeddable":true,"href":"https:\/\/www.europesays.com\/fr\/wp-json\/wp\/v2\/users\/2"}],"replies":[{"embeddable":true,"href":"https:\/\/www.europesays.com\/fr\/wp-json\/wp\/v2\/comments?post=338070"}],"version-history":[{"count":0,"href":"https:\/\/www.europesays.com\/fr\/wp-json\/wp\/v2\/posts\/338070\/revisions"}],"wp:featuredmedia":[{"embeddable":true,"href":"https:\/\/www.europesays.com\/fr\/wp-json\/wp\/v2\/media\/338071"}],"wp:attachment":[{"href":"https:\/\/www.europesays.com\/fr\/wp-json\/wp\/v2\/media?parent=338070"}],"wp:term":[{"taxonomy":"category","embeddable":true,"href":"https:\/\/www.europesays.com\/fr\/wp-json\/wp\/v2\/categories?post=338070"},{"taxonomy":"post_tag","embeddable":true,"href":"https:\/\/www.europesays.com\/fr\/wp-json\/wp\/v2\/tags?post=338070"}],"curies":[{"name":"wp","href":"https:\/\/api.w.org\/{rel}","templated":true}]}}