{"id":338072,"date":"2025-08-23T08:17:14","date_gmt":"2025-08-23T08:17:14","guid":{"rendered":"https:\/\/www.europesays.com\/fr\/338072\/"},"modified":"2025-08-23T08:17:14","modified_gmt":"2025-08-23T08:17:14","slug":"choquee-par-laltercation-en-match-amical-thorisdottir-pourrait-quitter-marseille-cinq-jours-apres-son-arrivee","status":"publish","type":"post","link":"https:\/\/www.europesays.com\/fr\/338072\/","title":{"rendered":"choqu\u00e9e par l&rsquo;altercation en match amical, Thorisdottir pourrait quitter Marseille cinq jours apr\u00e8s son arriv\u00e9e"},"content":{"rendered":"<p>En r\u00e9action \u00e0 la violente altercation entre les Olympiennes et le Club Sportiu Europa en match amical, Maria Thorisdottir, arriv\u00e9e \u00e0 l&rsquo;OM en d\u00e9but de semaine, songerait d\u00e9j\u00e0 \u00e0 repartir. La Norv\u00e9gienne a quitt\u00e9 le groupe en stage \u00e0 G\u00e9rone.<\/p>\n<p>D\u00e9cid\u00e9ment, les coups de massue s&rsquo;encha\u00eenent \u00e0 l&rsquo;OM. Apr\u00e8s <a href=\"https:\/\/rmcsport.bfmtv.com\/football\/clubs\/olympique-marseille\/une-bagarre-de-bar-mais-sans-dents-cassees-roberto-de-zerbi-donne-sa-version-de-l-embrouille-rabiot-rowe_AV-202508220465.html\" title=\"&quot;Une bagarre de bar&quot; mais sans &quot;dents cass\u00e9es&quot;, Roberto De Zerbi donne sa version de l&#039;embrouille Rabiot-Rowe\" class=\"internal_link\" rel=\"nofollow noopener\" target=\"_blank\">l&rsquo;altercation entre Adrien Rabiot et Jonathan Rowe<\/a> qui devrait se conclure par un transfert forc\u00e9 des deux joueurs, c&rsquo;est au tour des Marseillaises de voir un de leurs meilleurs \u00e9l\u00e9ments potentiellement s&rsquo;en aller.<\/p>\n<p>Selon <a href=\"https:\/\/www.laprovence.com\/article\/om\/2407220347270914\/om-feminines-choquee-par-la-bagarre-en-match-amical-thorisdottir-deja-sur-le-depart\" target=\"_blank\" class=\"external_link\" rel=\"nofollow noopener\">La Provence<\/a>, depuis le violent accrochage durant un match amical ayant oppos\u00e9 les Phoc\u00e9ennes au Club Esportiu Europa (D3 f\u00e9minine espagnole), Maria Thorisdottir, arriv\u00e9e \u00e0 l&rsquo;OM en d\u00e9but de semaine, songe d\u00e9j\u00e0 \u00e0 repartir. La star norv\u00e9gienne, vue comme un tr\u00e8s bon coup pour le mercato marseillais, s&rsquo;est dite choqu\u00e9e par les incidents et a d\u00e9cid\u00e9 de quitter le stage \u00e0 G\u00e9rone ce jeudi. Selon le quotidien r\u00e9gional, l&rsquo;ancienne d\u00e9fenseure de Brighton est rentr\u00e9e en Norv\u00e8ge pour r\u00e9fl\u00e9chir \u00e0 son avenir.<\/p>\n<p>Une rencontre arr\u00eat\u00e9e avant son terme<\/p>\n<p>Tout est parti d&rsquo;un but inscrit \u00e0 la 86e minute de la rencontre par les f\u00e9minines de l&rsquo;OM ce mercredi, pour porter le score \u00e0 2-1 en faveur des Phoc\u00e9ennes. Les joueuses du Club Esportiu Europa ont alors protest\u00e9, avan\u00e7ant une position de hors-jeu. Selon le compte X (anciennement Twitter) de l&rsquo;\u00e9quipe du Club Esportiu Europa, \u00ab\u00a0le match a \u00e9t\u00e9 interrompu en raisons d&rsquo;agressions physiques entre les deux \u00e9quipes\u00a0\u00bb. En premi\u00e8re p\u00e9riode, <a href=\"https:\/\/rmcsport.bfmtv.com\/football\/clubs\/olympique-marseille\/om-un-match-amical-de-l-equipe-feminine-arrete-a-cause-d-une-altercation-entre-joueuses_AV-202508200583.html\" title=\"OM: un match amical de l&#039;\u00e9quipe f\u00e9minine arr\u00eat\u00e9 \u00e0 cause d&#039;une altercation entre joueuses\" class=\"internal_link\" rel=\"nofollow noopener\" target=\"_blank\">deux membres du staff de l&rsquo;OM ont \u00e9t\u00e9 exclus<\/a> et la tension \u00e9tait d\u00e9j\u00e0 \u00e0 son comble. Si l&rsquo;ambiance s&rsquo;est calm\u00e9e apr\u00e8s l&rsquo;interruption, la rencontre en est rest\u00e9e l\u00e0.<\/p>\n<p>Malgr\u00e9 le d\u00e9part du groupe de Maria Thorisdottir, le stage se poursuit en Catalogne pour le groupe f\u00e9minin de l&rsquo;OM. Les joueuses de Fr\u00e9d\u00e9ric Gon\u00e7alves affronteront en match amical Levante ce samedi \u00e0 18 heures.<\/p>\n","protected":false},"excerpt":{"rendered":"En r\u00e9action \u00e0 la violente altercation entre les Olympiennes et le Club Sportiu Europa en match amical, Maria&hellip;\n","protected":false},"author":2,"featured_media":338073,"comment_status":"","ping_status":"","sticky":false,"template":"","format":"standard","meta":{"footnotes":""},"categories":[2814],"tags":[1111,11,1777,674,1011,27,884,12,882,25],"class_list":{"0":"post-338072","1":"post","2":"type-post","3":"status-publish","4":"format-standard","5":"has-post-thumbnail","7":"category-marseille","8":"tag-actu","9":"tag-actualites","10":"tag-eu","11":"tag-europe","12":"tag-fr","13":"tag-france","14":"tag-marseille","15":"tag-news","16":"tag-provence-alpes-cote-dazur","17":"tag-republique-francaise"},"share_on_mastodon":{"url":"https:\/\/pubeurope.com\/@fr\/115077096701356281","error":""},"_links":{"self":[{"href":"https:\/\/www.europesays.com\/fr\/wp-json\/wp\/v2\/posts\/338072","targetHints":{"allow":["GET"]}}],"collection":[{"href":"https:\/\/www.europesays.com\/fr\/wp-json\/wp\/v2\/posts"}],"about":[{"href":"https:\/\/www.europesays.com\/fr\/wp-json\/wp\/v2\/types\/post"}],"author":[{"embeddable":true,"href":"https:\/\/www.europesays.com\/fr\/wp-json\/wp\/v2\/users\/2"}],"replies":[{"embeddable":true,"href":"https:\/\/www.europesays.com\/fr\/wp-json\/wp\/v2\/comments?post=338072"}],"version-history":[{"count":0,"href":"https:\/\/www.europesays.com\/fr\/wp-json\/wp\/v2\/posts\/338072\/revisions"}],"wp:featuredmedia":[{"embeddable":true,"href":"https:\/\/www.europesays.com\/fr\/wp-json\/wp\/v2\/media\/338073"}],"wp:attachment":[{"href":"https:\/\/www.europesays.com\/fr\/wp-json\/wp\/v2\/media?parent=338072"}],"wp:term":[{"taxonomy":"category","embeddable":true,"href":"https:\/\/www.europesays.com\/fr\/wp-json\/wp\/v2\/categories?post=338072"},{"taxonomy":"post_tag","embeddable":true,"href":"https:\/\/www.europesays.com\/fr\/wp-json\/wp\/v2\/tags?post=338072"}],"curies":[{"name":"wp","href":"https:\/\/api.w.org\/{rel}","templated":true}]}}