{"id":338078,"date":"2025-08-23T08:21:10","date_gmt":"2025-08-23T08:21:10","guid":{"rendered":"https:\/\/www.europesays.com\/fr\/338078\/"},"modified":"2025-08-23T08:21:10","modified_gmt":"2025-08-23T08:21:10","slug":"les-celtiques-de-guerande-vont-ils-garder-le-label","status":"publish","type":"post","link":"https:\/\/www.europesays.com\/fr\/338078\/","title":{"rendered":"les Celtiques de Gu\u00e9rande vont-ils garder le label\u00a0?"},"content":{"rendered":"<p>            Par<br \/>\n        <strong><br \/>\n            <a href=\"https:\/\/actu.fr\/auteur\/cathy-ryo\" title=\"Consulter tous les articles de Cathy Ryo\" target=\"_blank\" rel=\"noopener\">Cathy Ryo<\/a><br \/>\n        <\/strong><\/p>\n<p>        Publi\u00e9 le<\/p>\n<p>            23 ao\u00fbt 2025 \u00e0 10h16        <\/p>\n<p>\u00ab\u2009Nous ne faisons aucun commentaire car la pol\u00e9mique est telle que nous ne souhaitons pas en rajouter\u2009\u00bb, indique \u00e0 l<a href=\"https:\/\/actu.fr\/l-echo-de-la-presqu-ile\/\" target=\"_blank\" rel=\"noopener\">\u2019\u00c9cho de la Presqu\u2019\u00eele\u00a0<\/a>Christophe Josso, du cercle celtique Bro Gwenrann, organisateur des<a href=\"https:\/\/actu.fr\/pays-de-la-loire\/guerande_44069\/danses-chants-defile-et-fest-noz-aux-celtiques-de-guerande_62989347.html\" target=\"_blank\" rel=\"noopener\"> Celtiques<\/a> de <a href=\"https:\/\/actu.fr\/pays-de-la-loire\/guerande_44069\" target=\"_blank\" rel=\"noopener\">Gu\u00e9rande<\/a> (Loire-Atlantique).<\/p>\n<p>Deux \u00e9v\u00e9nements labellis\u00e9s en Loire-Atlantique<\/p>\n<p class=\" wall-content\">Cette manifestation culturelle, qui a eu lieu du 8 au 10\u00a0ao\u00fbt 2025 attirant pr\u00e8s de 15\u2009000\u00a0personnes, se retrouve bien malgr\u00e9 elle au c\u0153ur d\u2019une temp\u00eate autour du label <a href=\"https:\/\/www.lesplusbellesfetesdefrance.fr\/\" target=\"_blank\" rel=\"noopener\">Plus belles f\u00eates de France <\/a>qu\u2019elle a re\u00e7u en juin\u00a02025.<\/p>\n<p class=\" wall-content\">Les Celtiques de Gu\u00e9rande et le carnaval de <a href=\"https:\/\/actu.fr\/nantes\/\" target=\"_blank\" rel=\"noopener\">Nantes <\/a>sont les deux seuls \u00e9v\u00e9nements de Loire-Atlantique \u00e0 figurer dans l\u2019agenda du site internet des Plus Belles F\u00eates de France.<\/p>\n<p class=\" wall-content\">Selon nos confr\u00e8res de <a href=\"https:\/\/www.ouest-france.fr\/pays-de-la-loire\/nantes-44000\/le-carnaval-de-nantes-va-demander-a-etre-retire-de-lagenda-des-plus-belles-fetes-de-france-e739b38a-7c28-11f0-918c-237d7f802514\" target=\"_blank\" rel=\"noopener\">Presse-Oc\u00e9an<\/a>, l\u2019association organisatrice du carnaval assure ne pas \u00eatre labellis\u00e9e et a demand\u00e9 le retrait de l\u2019agenda. Ce qui n\u2019\u00e9tait pas le cas jeudi 21\u00a0ao\u00fbt 2025.<\/p>\n<p>Vid\u00e9os : en ce moment sur ActuUn nom qui embarrasse<\/p>\n<p class=\" wall-content\">Cr\u00e9\u00e9 en 2024 par une association, le label est contest\u00e9 depuis cet \u00e9t\u00e9 et la pol\u00e9mique enfle.<\/p>\n<p class=\" wall-content\">La raison\u2009? Son lien avec Pierre-Edouard Sterin, homme d\u2019affaires, milliardaire, proche de l\u2019ultra droite selon plusieurs <a href=\"https:\/\/www.lemonde.fr\/politique\/article\/2024\/07\/21\/le-plan-du-milliardaire-pierre-edouard-sterin-pour-permettre-la-victoire-de-la-droite-et-de-l-extreme-droite_6254183_823448.html\" target=\"_blank\" rel=\"noopener\">enqu\u00eates de m\u00e9dias nationaux<\/a>. Le 10\u00a0juillet 2025, c\u2019est un article de <a href=\"https:\/\/www.humanite.fr\/politique\/extreme-droite\/pinard-saucisson-et-michel-sardou-comment-pierre-edouard-sterin-veut-faire-main-basse-sur-les-fetes-traditionnelles\" target=\"_blank\" rel=\"noopener\">L\u2019Humanit\u00e9 <\/a>qui r\u00e9v\u00e8le la pr\u00e9sence de l\u2019agence d\u2019\u00e9v\u00e9nementiel Studio 496, dont M.Sterin est actionnaire, comme prestataire du label.<\/p>\n<p>Votre r\u00e9gion, votre actu !<\/p>\n<p>Recevez chaque jour les infos qui comptent pour vous.<\/p>\n<p>\t<a href=\"https:\/\/actu.fr\/newsletter\" class=\"ac-btn ac-btn--corner ac-btn--medium ac-btn--blue800\" target=\"_blank\" rel=\"noopener\">S&rsquo;incrire<\/a><br \/>\nR\u00e9actions en cha\u00eene<\/p>\n<p class=\" wall-content\">Les r\u00e9actions n\u2019ont pas tard\u00e9. <a href=\"https:\/\/actu.fr\/bretagne\/ploeuc-l-hermitage_22203\/la-belle-du-lie-claque-la-porte-des-60-plus-belles-fetes-de-france_63056352.html\" target=\"_blank\" rel=\"noopener\">Maires et organisateurs de f\u00eates populaires et patrimoniales se retirent du label.<\/a><\/p>\n<p class=\" wall-content\">Le 11\u00a0ao\u00fbt 2025, <a href=\"https:\/\/www.kenleur.bzh\/2025\/08\/11\/communique-face-aux-pieges-de-lextreme-droite-un-monde-culturel-uni-et-solidaire\/\" target=\"_blank\" rel=\"noopener\">dans un communiqu\u00e9 commun<\/a>, les conf\u00e9d\u00e9rations <a href=\"https:\/\/www.kenleur.bzh\/\" target=\"_blank\" rel=\"noopener\">Kenleur<\/a> et <a href=\"https:\/\/sonerion.bzh\/\" target=\"_blank\" rel=\"noopener\">Sonerion<\/a>, qui organisent et soutiennent des manifestations culturelles bretonnes, d\u00e9noncent \u00e0 leur tour \u00ab\u2009une strat\u00e9gie de reprise en main identitaire du secteur culturel, sous couvert de valorisation des terroirs\u2009\u00bb.<\/p>\n<p>Le label se d\u00e9fend<\/p>\n<p class=\" wall-content\">De son c\u00f4t\u00e9, l\u2019association Les plus belles f\u00eates de France, mise en cause, pointe \u00ab\u2009des d\u00e9tracteurs politisant un sujet qui ne l\u2019est pas\u2009\u00bb et assure \u00eatre \u00ab\u2009strictement apolitique, non lucrative et d\u00e9sint\u00e9ress\u00e9e. Nous n\u2019avons jamais cherch\u00e9 \u00e0 influencer les lignes \u00e9ditoriales, les choix ou la programmation des f\u00eates. M. St\u00e9rin n\u2019est pas membre de l\u2019association, et l\u2019association ne lui rend aucun compte. Quant \u00e0 l\u2019entreprise Studio 496, il s\u2019agit d\u2019un prestataire parmi d\u2019autres, qui ne poss\u00e8de pas de droit de vote dans l\u2019association\u2009\u00bb.<\/p>\n<p>D\u00e9cision du cercle celtique de Gu\u00e9rande \u00e0 la rentr\u00e9e<\/p>\n<p class=\" wall-content\">Les membres du bureau de Bro Gwenrann se r\u00e9uniront \u00e0 la rentr\u00e9e et d\u00e9cideront si Les Celtiques de Gu\u00e9rande se retirent ou non du label.<\/p>\n<p class=\" wall-content\">Personnalisez votre actualit\u00e9 en ajoutant vos villes et m\u00e9dias en favori avec <a href=\"https:\/\/moncompte.actu.fr\" title=\"D\u00e9couvez Mon Actu\" rel=\"nofollow noopener\" data-trk=\"{&quot;cta&quot;:{&quot;action&quot;:&quot;https:\\\/\\\/moncompte.actu.fr&quot;,&quot;category&quot;:&quot;mon compte&quot;,&quot;from&quot;:&quot;article footer&quot;,&quot;name&quot;:&quot;Mon actu&quot;,&quot;type&quot;:&quot;cta&quot;}}\" target=\"_blank\">Mon Actu<\/a>.<\/p>\n","protected":false},"excerpt":{"rendered":"Par Cathy Ryo Publi\u00e9 le 23 ao\u00fbt 2025 \u00e0 10h16 \u00ab\u2009Nous ne faisons aucun commentaire car la pol\u00e9mique&hellip;\n","protected":false},"author":2,"featured_media":338079,"comment_status":"","ping_status":"","sticky":false,"template":"","format":"standard","meta":{"footnotes":""},"categories":[1592],"tags":[1111,11,1777,674,40218,1011,27,662,12,626,30044,25,104],"class_list":{"0":"post-338078","1":"post","2":"type-post","3":"status-publish","4":"format-standard","5":"has-post-thumbnail","7":"category-ile-de-france","8":"tag-actu","9":"tag-actualites","10":"tag-eu","11":"tag-europe","12":"tag-fest-noz","13":"tag-fr","14":"tag-france","15":"tag-ile-de-france","16":"tag-news","17":"tag-paris","18":"tag-presquile-de-guerande","19":"tag-republique-francaise","20":"tag-societe"},"share_on_mastodon":{"url":"https:\/\/pubeurope.com\/@fr\/115077112352651028","error":""},"_links":{"self":[{"href":"https:\/\/www.europesays.com\/fr\/wp-json\/wp\/v2\/posts\/338078","targetHints":{"allow":["GET"]}}],"collection":[{"href":"https:\/\/www.europesays.com\/fr\/wp-json\/wp\/v2\/posts"}],"about":[{"href":"https:\/\/www.europesays.com\/fr\/wp-json\/wp\/v2\/types\/post"}],"author":[{"embeddable":true,"href":"https:\/\/www.europesays.com\/fr\/wp-json\/wp\/v2\/users\/2"}],"replies":[{"embeddable":true,"href":"https:\/\/www.europesays.com\/fr\/wp-json\/wp\/v2\/comments?post=338078"}],"version-history":[{"count":0,"href":"https:\/\/www.europesays.com\/fr\/wp-json\/wp\/v2\/posts\/338078\/revisions"}],"wp:featuredmedia":[{"embeddable":true,"href":"https:\/\/www.europesays.com\/fr\/wp-json\/wp\/v2\/media\/338079"}],"wp:attachment":[{"href":"https:\/\/www.europesays.com\/fr\/wp-json\/wp\/v2\/media?parent=338078"}],"wp:term":[{"taxonomy":"category","embeddable":true,"href":"https:\/\/www.europesays.com\/fr\/wp-json\/wp\/v2\/categories?post=338078"},{"taxonomy":"post_tag","embeddable":true,"href":"https:\/\/www.europesays.com\/fr\/wp-json\/wp\/v2\/tags?post=338078"}],"curies":[{"name":"wp","href":"https:\/\/api.w.org\/{rel}","templated":true}]}}