{"id":338082,"date":"2025-08-23T08:23:12","date_gmt":"2025-08-23T08:23:12","guid":{"rendered":"https:\/\/www.europesays.com\/fr\/338082\/"},"modified":"2025-08-23T08:23:12","modified_gmt":"2025-08-23T08:23:12","slug":"un-psg-toujours-en-travaux-mais-deja-en-progres","status":"publish","type":"post","link":"https:\/\/www.europesays.com\/fr\/338082\/","title":{"rendered":"Un PSG toujours en travaux mais d\u00e9j\u00e0 en progr\u00e8s"},"content":{"rendered":"\n<p class=\"Paragraph__content\" data-v-e14a34bc=\"\">Puisqu&rsquo;on n&rsquo;attendait pas grand-chose de ce match de pr\u00e9paration, on n&rsquo;a pas \u00e9t\u00e9 d\u00e9\u00e7u\u00a0: la c\u00e9r\u00e9monie au cr\u00e9puscule, au pied d&rsquo;une argenterie magnifique, a bien mieux rappel\u00e9 la force du PSG que les 90 minutes qui avaient pr\u00e9c\u00e9d\u00e9. Cette nouvelle c\u00e9l\u00e9bration des champions d&rsquo;Europe a mis au jour quelque chose d&rsquo;une \u00e9l\u00e9gance, peut-\u00eatre forc\u00e9e, et d&rsquo;une reconnaissance, absolument spontan\u00e9e, \u00e0 travers les tr\u00e8s beaux <a href=\"https:\/\/www.lequipe.fr\/Football\/Actualites\/L-emotion-de-gianluigi-donnarumma-pour-ses-probables-adieux-au-parc-des-princes\/1586886\" notaddlevel=\"true\" target=\"_blank\" rel=\"nofollow noopener\">adieux de Gianluigi Donnarumma<\/a>, joyeusement f\u00eat\u00e9 par ses co\u00e9quipiers qui l&rsquo;ont pouss\u00e9 vers le virage Auteuil pour l&rsquo;hommage qu&rsquo;il m\u00e9ritait, bruyamment c\u00e9l\u00e9br\u00e9 par le Parc, et qui n&#8217;emportera pas que des cicatrices avec lui. Ce geste \u00e9tait le signe, aussi, que les Parisiens n&rsquo;avaient pas envie de cesser d&rsquo;\u00eatre une \u00e9quipe, pas envie de laisser un h\u00e9ros derri\u00e8re eux, sous pr\u00e9texte d&rsquo;une nouvelle saison qui ne les int\u00e9resse pas encore autant, d&rsquo;ailleurs, que leur printemps inoubliable. Cela s&rsquo;est vu, hier soir, en d\u00e9pit de leurs louables efforts pour le cacher.<\/p>\n<p class=\"Paragraph__content\" data-v-e14a34bc=\"\">Toujours d\u00e9shabill\u00e9s de leur intensit\u00e9 par l&rsquo;\u00e9t\u00e9, et donc de l&rsquo;essentiel de leur armure, mais trouvant un peu plus de mouvement et de qualit\u00e9 technique en seconde p\u00e9riode, les Parisiens auront <a href=\"https:\/\/www.lequipe.fr\/Football\/Actualites\/Le-psg-enchaine-face-a-angers-et-prend-deja-la-tete\/1586877\" notaddlevel=\"true\" target=\"_blank\" rel=\"nofollow noopener\">battu Angers (1-0)<\/a>, pour l&rsquo;inauguration de leur saison au Parc des Princes, en affichant \u00e0 la fois les manques et les progr\u00e8s attendus. Le PSG s&rsquo;en est sorti parce qu&rsquo;il est largement sup\u00e9rieur, m\u00eame avec deux semaines d&rsquo;entra\u00eenement, parce qu&rsquo;il a retrouv\u00e9 des r\u00e9flexes dans le contre-pressing, \u00e0 d\u00e9faut de toute sa m\u00e9chancet\u00e9, et parce qu&rsquo;il \u00e9tait fatal, pour Angers, qu&rsquo;un joueur de talent finisse par s&rsquo;occuper de tout. Fabian Ruiz aura \u00e9t\u00e9 celui-l\u00e0, ce qui n&rsquo;est pas la premi\u00e8re fois, et ce qui \u00e9tait, aussi, la logique du rapport de force du soir, avec le 5-3-2 remarquablement bas et compact du SCO, face auquel il fallait que les projections des milieux viennent au soutien des attaquants parisiens embourb\u00e9s dans la densit\u00e9.<\/p>\n<p class=\"Paragraph__content\" data-v-e14a34bc=\"\">L&rsquo;Espagnol a marqu\u00e9 du pied droit dans la surface (50e), et c&rsquo;\u00e9tait le premier v\u00e9ritable tir cadr\u00e9 des Parisiens, si l&rsquo;on veut bien mettre de c\u00f4t\u00e9 le centre cadr\u00e9 de Vitinha (45e+\u00a04). C&rsquo;\u00e9tait, aussi, une bonne mani\u00e8re d&rsquo;oublier le penalty manqu\u00e9 par Ousmane Demb\u00e9l\u00e9 (27e) apr\u00e8s une faute de Marius Courcoul sur Joao Neves, le buteur fran\u00e7ais n&rsquo;attrapant pas le cadre pendant que le Parc chantait \u00ab\u00a0Ousmane, Ballon d&rsquo;Or\u00a0\u00bb. Ce serait presque un d\u00e9tail si Luis Enrique n&rsquo;avait pas d\u00e9cid\u00e9 de changer de tireur apr\u00e8s les deux \u00e9checs de Vitinha face \u00e0 Arsenal (2-1), en mai, et dans la s\u00e9rie de tirs au but devant Tottenham (2-2, 4-3 t.a.b.), en Supercoupe, il y a dix jours. \u00ab\u00a0C&rsquo;est moi le boss, je d\u00e9cide\u00a0\u00bb, a-t-il tranch\u00e9, hier soir, sans dire, \u00e9videmment, qui tirerait le prochain, \u00e0 ce rythme.<\/p>\n<p class=\"Paragraph__content\" data-v-e14a34bc=\"\">Sur une tr\u00e8s mauvaise pelouse, qui n&rsquo;est pas la signature du jardinier anglais du Parc, mais de la canicule, il fallait un penalty, ou alors Fabian Ruiz, donc, pour venir au secours d&rsquo;une \u00e9quipe parisienne sans id\u00e9es, sans changements de rythme, et sans espace, tant Angers aura accept\u00e9 l&rsquo;id\u00e9e d&rsquo;une attaque-d\u00e9fense sur une moiti\u00e9 de terrain pendant une heure. Apr\u00e8s <a href=\"https:\/\/www.lequipe.fr\/Football\/Actualites\/Largement-remanie-contre-nantes-le-psg-assure-le-service-minimum-et-repart-de-la-beaujoire-avec-la-victoire\/1585838\" notaddlevel=\"true\" target=\"_blank\" rel=\"nofollow noopener\">le renoncement de Nantes,<\/a> dimanche dernier, ce n&rsquo;est pas ainsi que l&rsquo;on imaginait les \u00e9quipes de Ligue\u00a01 appel\u00e9es \u00e0 affronter le PSG en pleine pr\u00e9paration, mais on peut difficilement \u00e9carter l&rsquo;hypoth\u00e8se, quand m\u00eame, que les Angevins n&rsquo;avaient pas les moyens de faire beaucoup mieux, occup\u00e9s \u00e0 vivre leur championnat \u00e0 l&rsquo;autre extr\u00e9mit\u00e9.<\/p>\n<p>                       Chevalier pas inqui\u00e9t\u00e9 <\/p>\n<p class=\"Paragraph__content\" data-v-e14a34bc=\"\">Mais par-del\u00e0 le but de Ruiz et une \u00e9norme possession de balle (83,3\u00a0%), Paris n&rsquo;a pas tout fait mal, ou au ralenti. D&rsquo;une mani\u00e8re g\u00e9n\u00e9rale, au fil de son troisi\u00e8me match de la saison, officiellement int\u00e9gr\u00e9 \u00e0 sa pr\u00e9paration athl\u00e9tique, il a r\u00e9cup\u00e9r\u00e9 le ballon plus vite et plus haut que lors des deux premiers et il a encore emp\u00each\u00e9 Lucas Chevalier d&rsquo;avoir du boulot. Il a eu plus d&rsquo;occasions apr\u00e8s le coaching, mais Angers aura laiss\u00e9 un peu plus d&rsquo;espaces en se projetant mieux, comme sur un quatre contre trois achev\u00e9 par une frappe de Belkhdim (68e). Gon\u00e7alo Ramos (75e), Ruiz, encore, fr\u00f4lant le 2-0 (78e) avant de trouver le poteau (86e) et Nuno Mendes (80e) ont ressuscit\u00e9 des mani\u00e8res qui n&rsquo;avaient pas apparu, encore, en ce mois d&rsquo;ao\u00fbt. Ainsi le PSG avance-t-il un petit pas apr\u00e8s l&rsquo;autre, et une victoire apr\u00e8s l&rsquo;autre. Il a remport\u00e9 un troph\u00e9e et deux matches de championnat avec une diff\u00e9rence de buts de +\u00a02, mais autant pr\u00e9venir ses adversaires \u00e0 venir\u00a0: sa marge ne va pas diminuer.<\/p>\n","protected":false},"excerpt":{"rendered":"Puisqu&rsquo;on n&rsquo;attendait pas grand-chose de ce match de pr\u00e9paration, on n&rsquo;a pas \u00e9t\u00e9 d\u00e9\u00e7u\u00a0: la c\u00e9r\u00e9monie au cr\u00e9puscule,&hellip;\n","protected":false},"author":2,"featured_media":338083,"comment_status":"","ping_status":"","sticky":false,"template":"","format":"standard","meta":{"footnotes":""},"categories":[1888],"tags":[1111,1928,11,1927,1777,674,1011,27,12,1926,626,1925,25],"class_list":{"0":"post-338082","1":"post","2":"type-post","3":"status-publish","4":"format-standard","5":"has-post-thumbnail","7":"category-paris","8":"tag-actu","9":"tag-actu-paris","10":"tag-actualites","11":"tag-actualites-paris","12":"tag-eu","13":"tag-europe","14":"tag-fr","15":"tag-france","16":"tag-news","17":"tag-news-paris","18":"tag-paris","19":"tag-paris-news","20":"tag-republique-francaise"},"share_on_mastodon":{"url":"https:\/\/pubeurope.com\/@fr\/115077120663301101","error":""},"_links":{"self":[{"href":"https:\/\/www.europesays.com\/fr\/wp-json\/wp\/v2\/posts\/338082","targetHints":{"allow":["GET"]}}],"collection":[{"href":"https:\/\/www.europesays.com\/fr\/wp-json\/wp\/v2\/posts"}],"about":[{"href":"https:\/\/www.europesays.com\/fr\/wp-json\/wp\/v2\/types\/post"}],"author":[{"embeddable":true,"href":"https:\/\/www.europesays.com\/fr\/wp-json\/wp\/v2\/users\/2"}],"replies":[{"embeddable":true,"href":"https:\/\/www.europesays.com\/fr\/wp-json\/wp\/v2\/comments?post=338082"}],"version-history":[{"count":0,"href":"https:\/\/www.europesays.com\/fr\/wp-json\/wp\/v2\/posts\/338082\/revisions"}],"wp:featuredmedia":[{"embeddable":true,"href":"https:\/\/www.europesays.com\/fr\/wp-json\/wp\/v2\/media\/338083"}],"wp:attachment":[{"href":"https:\/\/www.europesays.com\/fr\/wp-json\/wp\/v2\/media?parent=338082"}],"wp:term":[{"taxonomy":"category","embeddable":true,"href":"https:\/\/www.europesays.com\/fr\/wp-json\/wp\/v2\/categories?post=338082"},{"taxonomy":"post_tag","embeddable":true,"href":"https:\/\/www.europesays.com\/fr\/wp-json\/wp\/v2\/tags?post=338082"}],"curies":[{"name":"wp","href":"https:\/\/api.w.org\/{rel}","templated":true}]}}