{"id":338104,"date":"2025-08-23T08:35:13","date_gmt":"2025-08-23T08:35:13","guid":{"rendered":"https:\/\/www.europesays.com\/fr\/338104\/"},"modified":"2025-08-23T08:35:13","modified_gmt":"2025-08-23T08:35:13","slug":"casa-padel-3-accueillera-les-championnats-de-france-de-padel-2025","status":"publish","type":"post","link":"https:\/\/www.europesays.com\/fr\/338104\/","title":{"rendered":"Casa Padel 3 accueillera les Championnats de France de padel 2025 :"},"content":{"rendered":"<p>Il est d\u00e9sormais officiel : la <strong>F\u00e9d\u00e9ration Fran\u00e7aise de Tennis (FFT)<\/strong> a d\u00e9voil\u00e9 la liste des paires qualifi\u00e9es pour les <strong>Championnats de France Seniors 2025<\/strong>, qui se d\u00e9rouleront du <strong>19 au 21 septembre<\/strong> \u00e0 <strong>Casa Padel 3<\/strong>, \u00e0 Kingersheim, en r\u00e9gion Grand Est. Cet \u00e9v\u00e9nement majeur du calendrier f\u00e9d\u00e9ral rassemblera les <strong>meilleures paires fran\u00e7aises<\/strong>, issues \u00e0 la fois du classement national et des championnats r\u00e9gionaux.<\/p>\n<p>Un rendez-vous incontournable pour le padel fran\u00e7ais<\/p>\n<p>Chaque ann\u00e9e, les <strong>Championnats de France de padel<\/strong> constituent une \u00e9tape cl\u00e9 de la saison. Ils offrent une vitrine aux <strong>meilleurs joueurs et joueuses hexagonaux<\/strong>, mais aussi aux champions de ligue qui viennent d\u00e9fendre les couleurs de leur r\u00e9gion. L\u2019\u00e9dition 2025 promet une fois encore un plateau relev\u00e9, avec la pr\u00e9sence confirm\u00e9e de la plupart des <strong>figures du padel fran\u00e7ais<\/strong>.<\/p>\n<p>Informations pratiques<\/p>\n<ul class=\"wp-block-list\">\n<li><strong>Dates<\/strong> : du 19 au 21 septembre 2025<\/li>\n<li><strong>Lieu<\/strong> : Casa Padel 3 \u2013 Kingersheim (Grand Est)<\/li>\n<li><strong>Confirmation des paires<\/strong> : avant le 1er ao\u00fbt<\/li>\n<li><strong>Wild cards<\/strong> : demandes \u00e0 effectuer avant le 1er septembre aupr\u00e8s de la FFT<\/li>\n<li><strong>Tirage au sort<\/strong> : jeudi 18 septembre \u00e0 17h<\/li>\n<\/ul>\n<p><img loading=\"lazy\" decoding=\"async\" data-del=\"avatar\" alt=\"Franck Binisti\" src=\"https:\/\/www.europesays.com\/fr\/wp-content\/uploads\/2025\/04\/Franck-Binisti-Padel-100x100.jpg\" class=\"avatar pp-user-avatar avatar-100 photo \" height=\"100\" width=\"100\"\/><\/p>\n<p>Franck Binisti d\u00e9couvre le padel au Club des Pyramides en 2009 en r\u00e9gion parisienne. Depuis, le padel fait partie de sa vie. Vous le voyez souvent faire le tour de France en allant couvrir les grands \u00e9v\u00e9nements de padel fran\u00e7ais.<\/p>\n<p class=\"related-title\">Sur le m\u00eame sujet<\/p>\n","protected":false},"excerpt":{"rendered":"Il est d\u00e9sormais officiel : la F\u00e9d\u00e9ration Fran\u00e7aise de Tennis (FFT) a d\u00e9voil\u00e9 la liste des paires qualifi\u00e9es&hellip;\n","protected":false},"author":2,"featured_media":338105,"comment_status":"","ping_status":"","sticky":false,"template":"","format":"standard","meta":{"footnotes":""},"categories":[4],"tags":[11,47446,31305,1011,27,12,25],"class_list":{"0":"post-338104","1":"post","2":"type-post","3":"status-publish","4":"format-standard","5":"has-post-thumbnail","7":"category-france","8":"tag-actualites","9":"tag-casa-padel-tres-mulhouse","10":"tag-championnats-de-france-de-padel-2025","11":"tag-fr","12":"tag-france","13":"tag-news","14":"tag-republique-francaise"},"share_on_mastodon":{"url":"https:\/\/pubeurope.com\/@fr\/115077167416150847","error":""},"_links":{"self":[{"href":"https:\/\/www.europesays.com\/fr\/wp-json\/wp\/v2\/posts\/338104","targetHints":{"allow":["GET"]}}],"collection":[{"href":"https:\/\/www.europesays.com\/fr\/wp-json\/wp\/v2\/posts"}],"about":[{"href":"https:\/\/www.europesays.com\/fr\/wp-json\/wp\/v2\/types\/post"}],"author":[{"embeddable":true,"href":"https:\/\/www.europesays.com\/fr\/wp-json\/wp\/v2\/users\/2"}],"replies":[{"embeddable":true,"href":"https:\/\/www.europesays.com\/fr\/wp-json\/wp\/v2\/comments?post=338104"}],"version-history":[{"count":0,"href":"https:\/\/www.europesays.com\/fr\/wp-json\/wp\/v2\/posts\/338104\/revisions"}],"wp:featuredmedia":[{"embeddable":true,"href":"https:\/\/www.europesays.com\/fr\/wp-json\/wp\/v2\/media\/338105"}],"wp:attachment":[{"href":"https:\/\/www.europesays.com\/fr\/wp-json\/wp\/v2\/media?parent=338104"}],"wp:term":[{"taxonomy":"category","embeddable":true,"href":"https:\/\/www.europesays.com\/fr\/wp-json\/wp\/v2\/categories?post=338104"},{"taxonomy":"post_tag","embeddable":true,"href":"https:\/\/www.europesays.com\/fr\/wp-json\/wp\/v2\/tags?post=338104"}],"curies":[{"name":"wp","href":"https:\/\/api.w.org\/{rel}","templated":true}]}}