{"id":338106,"date":"2025-08-23T08:37:14","date_gmt":"2025-08-23T08:37:14","guid":{"rendered":"https:\/\/www.europesays.com\/fr\/338106\/"},"modified":"2025-08-23T08:37:14","modified_gmt":"2025-08-23T08:37:14","slug":"lalterna-stade-poitevin-sest-mis-en-quete-du-remplacant-danatole-chaboissant","status":"publish","type":"post","link":"https:\/\/www.europesays.com\/fr\/338106\/","title":{"rendered":"l\u2019Alterna Stade Poitevin s\u2019est mis en qu\u00eate du rempla\u00e7ant d\u2019Anatole Chaboissant"},"content":{"rendered":"<p>C\u2019est une premi\u00e8re dont C\u00e9dric Enard se serait bien pass\u00e9. Dans ses aventures pr\u00e9c\u00e9dentes, que ce soit dans le r\u00f4le d\u2019entra\u00eeneur de Toulouse, Tours ou Berlin, le technicien poitevin avait toujours rapidement boucl\u00e9 l\u2019arriv\u00e9e de son passeur n\u00b01. C\u2019\u00e9tait encore le cas cette ann\u00e9e avec Anatole Chaboissant. Sauf que la blessure du Niortais a chang\u00e9 la donne. Le manager de l\u2019Alterna SPVB est confront\u00e9 \u00e0 la difficult\u00e9 de trouver un rempla\u00e7ant au c\u0153ur de l\u2019\u00e9t\u00e9, \u00e0 moins de deux mois du d\u00e9but du championnat, programm\u00e9e le 21\u00a0octobre prochain \u00e0 Saint-Nazaire. Une mission plus que d\u00e9licate alors que les passeurs recherch\u00e9s et deman&#8230; <\/p>\n<p>    Cet article a \u00e9t\u00e9 tronqu\u00e9. Abonnez-vous pour lire l&rsquo;article complet sur notre site.<\/p>\n<p style=\"margin: 0 !important; padding: 0 !important; font-size: 12px !important;\">Cet article a \u00e9t\u00e9 tronqu\u00e9. Abonnez-vous pour lire l&rsquo;article complet.<\/p>\n<p>    <a href=\"https:\/\/www.lanouvellerepublique.fr\/abonnements\" style=\"display: inline-block; margin-top: 5px !important; padding: 6px 12px !important; background: #cb1c27; color: white; text-decoration: none; border-radius: 4px; font-size: 12px !important;\" rel=\"nofollow noopener\" target=\"_blank\"><br \/>\n      S&rsquo;abonner<br \/>\n    <\/a><\/p>\n","protected":false},"excerpt":{"rendered":"C\u2019est une premi\u00e8re dont C\u00e9dric Enard se serait bien pass\u00e9. Dans ses aventures pr\u00e9c\u00e9dentes, que ce soit dans&hellip;\n","protected":false},"author":2,"featured_media":338107,"comment_status":"","ping_status":"","sticky":false,"template":"","format":"standard","meta":{"footnotes":""},"categories":[1417],"tags":[1654,1011,27,1655,1653,60,1584,1470,1469],"class_list":{"0":"post-338106","1":"post","2":"type-post","3":"status-publish","4":"format-standard","5":"has-post-thumbnail","7":"category-volley","8":"tag-alterna-stade-poitevin-volley-ball","9":"tag-fr","10":"tag-france","11":"tag-ligue-a","12":"tag-poitiers","13":"tag-sports","14":"tag-vienne","15":"tag-volley","16":"tag-volleyball"},"share_on_mastodon":{"url":"https:\/\/pubeurope.com\/@fr\/115077175318988098","error":""},"_links":{"self":[{"href":"https:\/\/www.europesays.com\/fr\/wp-json\/wp\/v2\/posts\/338106","targetHints":{"allow":["GET"]}}],"collection":[{"href":"https:\/\/www.europesays.com\/fr\/wp-json\/wp\/v2\/posts"}],"about":[{"href":"https:\/\/www.europesays.com\/fr\/wp-json\/wp\/v2\/types\/post"}],"author":[{"embeddable":true,"href":"https:\/\/www.europesays.com\/fr\/wp-json\/wp\/v2\/users\/2"}],"replies":[{"embeddable":true,"href":"https:\/\/www.europesays.com\/fr\/wp-json\/wp\/v2\/comments?post=338106"}],"version-history":[{"count":0,"href":"https:\/\/www.europesays.com\/fr\/wp-json\/wp\/v2\/posts\/338106\/revisions"}],"wp:featuredmedia":[{"embeddable":true,"href":"https:\/\/www.europesays.com\/fr\/wp-json\/wp\/v2\/media\/338107"}],"wp:attachment":[{"href":"https:\/\/www.europesays.com\/fr\/wp-json\/wp\/v2\/media?parent=338106"}],"wp:term":[{"taxonomy":"category","embeddable":true,"href":"https:\/\/www.europesays.com\/fr\/wp-json\/wp\/v2\/categories?post=338106"},{"taxonomy":"post_tag","embeddable":true,"href":"https:\/\/www.europesays.com\/fr\/wp-json\/wp\/v2\/tags?post=338106"}],"curies":[{"name":"wp","href":"https:\/\/api.w.org\/{rel}","templated":true}]}}