{"id":338114,"date":"2025-08-23T08:42:13","date_gmt":"2025-08-23T08:42:13","guid":{"rendered":"https:\/\/www.europesays.com\/fr\/338114\/"},"modified":"2025-08-23T08:42:13","modified_gmt":"2025-08-23T08:42:13","slug":"quand-mercedes-a-offert-a-grosjean-son-dernier-podium","status":"publish","type":"post","link":"https:\/\/www.europesays.com\/fr\/338114\/","title":{"rendered":"quand Mercedes a offert \u00e0 Grosjean son dernier podium"},"content":{"rendered":"<p>Nous sommes le 23 ao\u00fbt 2015, sur le circuit de Spa-Francorchamps. La fin du Grand Prix de Belgique approche. <a href=\"https:\/\/fr.motorsport.com\/team\/mercedes\/611\/\" target=\"_blank\" rel=\"noopener\">Mercedes<\/a> se dirige vers un doubl\u00e9 facile, <a href=\"https:\/\/fr.motorsport.com\/driver\/lewis-hamilton\" target=\"_blank\" rel=\"noopener\">Lewis Hamilton<\/a> menant l&rsquo;\u00e9preuve depuis le d\u00e9part et <a href=\"https:\/\/fr.motorsport.com\/driver\/nico-rosberg\" target=\"_blank\" rel=\"noopener\">Nico Rosberg<\/a> assurant la deuxi\u00e8me place \u00e0 distance raisonnable.<\/p>\n<p>Pour la troisi\u00e8me position en revanche, la lutte semble devoir s&rsquo;engager entre <a href=\"https:\/\/fr.motorsport.com\/driver\/sebastian-vettel\" target=\"_blank\" rel=\"noopener\">Sebastian Vettel<\/a> et <a href=\"https:\/\/fr.motorsport.com\/driver\/romain-grosjean\" target=\"_blank\" rel=\"noopener\">Romain Grosjean<\/a>. L&rsquo;Allemand a chauss\u00e9 les pneus mediums lors de son unique arr\u00eat, au 14e tour, alors que le pilote Lotus les a depuis la 21e boucle, moment de son second passage au stand. Sur un trac\u00e9 de vitesse, le bloc Mercedes client de la monoplace d&rsquo;Enstone est un atout qui compense les faiblesses du ch\u00e2ssis, et le Fran\u00e7ais, gr\u00e2ce \u00e0 ses enveloppes moins us\u00e9es, revient progressivement sur la <a href=\"https:\/\/fr.motorsport.com\/team\/ferrari\/615\/\" target=\"_blank\" rel=\"noopener\">Ferrari<\/a>.<\/p>\n<p>La suite, c&rsquo;est Matthew Carter qui la racontait, dans le podcast Missed Apex, en 2017\u00a0: \u00ab\u00a0[Mercedes] ne voulait pas particuli\u00e8rement que <a href=\"https:\/\/fr.motorsport.com\/driver\/sebastian-vettel\/82518\/\" target=\"_blank\" rel=\"noopener\">Sebastian Vettel<\/a> soit sur le podium \u00e0 Spa, et ils voyaient que Romain, avec des pneus plus neufs, revenait. Donc ils lui ont donn\u00e9 un mode moteur diff\u00e9rent\u00a0\u00bb.<\/p>\n<p>Au championnat, Sebastian Vettel est\u00a0alors la derni\u00e8re menace pour la marque \u00e0 l&rsquo;\u00c9toile puisqu&rsquo;il figure au troisi\u00e8me rang du classement pilotes,\u00a0avec 42 points de retard sur Lewis Hamilton et 21 sur Nico Rosberg. Surtout, il sort d&rsquo;une victoire au Grand Prix de Hongrie, qui a pr\u00e9c\u00e9d\u00e9 la tr\u00eave estivale.<\/p>\n<p>   <img decoding=\"async\" draggable=\"false\" src=\"https:\/\/www.europesays.com\/fr\/wp-content\/uploads\/2025\/08\/f1-belgian-gp-2015-sebastian-vettel-ferrari-sf-15t-leads-romain-grosjean-lotus-e23-mercede.jpg\" alt=\"Sebastian Vettel pris en chasse par Romain Grosjean.\" width=\"1200\" height=\"800\" loading=\"lazy\"\/> <\/p>\n<p class=\"title\">Sebastian Vettel pris en chasse par Romain Grosjean.<\/p>\n<p class=\"photographer\">Photo de: Sam Bloxham \/ Motorsport Images<\/p>\n<p>\u00c0\u00a0Spa, l&rsquo;analyse des\u00a0chronos tour par tour permet rapidement de constater une hausse soudaine et nette des performances de la Lotus E23 \u00e0 partir de la 31e boucle, de l&rsquo;ordre de trois \u00e0 huit dixi\u00e8mes, alors que la Ferrari stagne voire ralentit l\u00e9g\u00e8rement. Progressivement, Romain Grosjean revient dans la zone DRS et constitue une menace r\u00e9elle.<\/p>\n<p>Dans le 42e tour, le pneu arri\u00e8re droit de Vettel, contraint \u00e0 un pilotage d&rsquo;attaque sur des gommes tr\u00e8s us\u00e9es, d\u00e9lamine \u00e0 l&rsquo;entr\u00e9e de la ligne droite des Combes, offrant sur un plateau le podium \u00e0 Romain Grosjean et entra\u00eenant l&rsquo;abandon du quadruple champion du monde.<\/p>\n<p>\u00ab\u00a0Romain est venu \u00e0 la fin de cette course et a dit que la voiture ne s&rsquo;\u00e9tait jamais comport\u00e9e de la fa\u00e7on dont elle l&rsquo;avait fait lors des derniers tours de course\u00a0\u00bb, expliquait Matthew Carter. \u00ab\u00a0C&rsquo;est logique\u00a0: d\u00e8s l&rsquo;instant o\u00f9 la voiture va plus vite, votre a\u00e9ro fonctionne mieux, vos pneus fonctionnent mieux, vous n&rsquo;avez pas \u00e0 freiner aussi t\u00f4t. Chaque partie de la voiture fonctionnait mieux car il\u00a0avait ce mode.\u00a0\u00bb<\/p>\n<p>Un mode moteur que Lotus n&rsquo;a \u00ab\u00a0jamais revu\u00a0\u00bb<br \/>\n   <img decoding=\"async\" draggable=\"false\" src=\"https:\/\/www.europesays.com\/fr\/wp-content\/uploads\/2025\/08\/romain-grosjean-lotus-f1-celeb.jpg\" alt=\"Romain Grosjean apr\u00e8s sa troisi\u00e8me place au GP de Belgique 2015.\" width=\"1200\" height=\"800\" loading=\"lazy\"\/> <\/p>\n<p class=\"title\">Romain Grosjean apr\u00e8s sa troisi\u00e8me place au GP de Belgique 2015.<\/p>\n<p class=\"photographer\">Photo de: Steven Tee \/ Motorsport Images<\/p>\n<p>Sans surprise selon Matthew Carter, le motoriste allemand ne s&rsquo;est pas \u00e9tendu sur ce pr\u00e9tendu tour de passe-passe\u00a0: \u00ab\u00a0Mercedes ne nous a jamais dit de quoi il s&rsquo;agissait. Ils nous ont dit qu&rsquo;il n&rsquo;y avait pas de diff\u00e9rence du tout. Romain me disait\u00a0: &lsquo;Pas possible, la voiture \u00e9tait diff\u00e9rente&rsquo;.\u00a0\u00bb<\/p>\n<p>\u00ab\u00a0Lors des courses qui ont suivi Spa, je n&rsquo;arr\u00eatais pas de demander \u00e0 Mercedes\u00a0: &lsquo;C&rsquo;\u00e9tait quoi ce mode moteur, est-ce qu&rsquo;on peut l&rsquo;avoir\u00a0?&rsquo;. Et ils r\u00e9pondaient\u00a0: &lsquo;Non, c&rsquo;\u00e9tait sp\u00e9cifique \u00e0 Spa, sp\u00e9cifique \u00e0 X, Y ou Z&rsquo;. Nous ne l&rsquo;avons jamais revu.\u00a0\u00bb<\/p>\n<p>\u00ab\u00a0Donc, qu&rsquo;avaient-ils en r\u00e9serve\u00a0? Je ne sais pas. Je suis s\u00fbr qu&rsquo;ils peuvent dire qu&rsquo;ils ne voulaient pas d\u00e9grader la fiabilit\u00e9 du moteur ou mettre trop de pression sur le moteur\u2026 Mais il y a souvent [eu] des discussions sur le mode qualifications que Mercedes a en Q3. Nous acc\u00e9dions rarement \u00e0 la Q3, mais de fa\u00e7on occasionnelle, quand nous l&rsquo;atteignions, nous avions de nouveau acc\u00e8s \u00e0 un r\u00e9glage suppl\u00e9mentaire [\u2026] qui pla\u00e7ait le moteur sur un mode diff\u00e9rent.\u00a0\u00bb<\/p>\n<p>Ce podium fut, pour Lotus, le seul de la saison 2015 et le dernier de l&rsquo;histoire de la structure. Rachet\u00e9e par Renault \u00e0 la toute fin de l&rsquo;ann\u00e9e, elle fut ensuite \u00e9quip\u00e9e de blocs turbo hybrides au Losange d\u00e8s 2016 avant de devenir <a href=\"https:\/\/fr.motorsport.com\/team\/alpine\/37490\/\" target=\"_blank\" rel=\"noopener\">Alpine<\/a> en 2021. <a href=\"https:\/\/fr.motorsport.com\/driver\/romain-grosjean\/84920\/\" target=\"_blank\" rel=\"noopener\">Romain Grosjean<\/a>, lui, a rejoint <a href=\"https:\/\/fr.motorsport.com\/team\/haas\/1949\/\" target=\"_blank\" rel=\"noopener\">Haas<\/a> en 2016, \u00e9curie o\u00f9 il a termin\u00e9 sa carri\u00e8re fin 2020 \u00e0 la suite de son accident du Grand Prix de Bahre\u00efn. Le Fran\u00e7ais n&rsquo;a jamais eu l&rsquo;occasion de remonter sur un podium en discipline reine, <a href=\"https:\/\/fr.motorsport.com\/f1\/news\/grosjean-pas-teste-mercedes-faute\/10563661\/\" target=\"_self\" rel=\"noopener\">ni de r\u00e9aliser \u00e0 ce jour un test promis par&#8230; Mercedes<\/a>\u00a0!<\/p>\n<p>Lire aussi :<\/p>\n<p>Dans cet article<\/p>\n<p>Soyez le premier inform\u00e9 et souscrivez aux alertes mails pour recevoir les infos en temps r\u00e9el<\/p>\n<p>    S&rsquo;abonner aux alertes de news<\/p>\n","protected":false},"excerpt":{"rendered":"Nous sommes le 23 ao\u00fbt 2015, sur le circuit de Spa-Francorchamps. La fin du Grand Prix de Belgique&hellip;\n","protected":false},"author":2,"featured_media":338115,"comment_status":"","ping_status":"","sticky":false,"template":"","format":"standard","meta":{"footnotes":""},"categories":[1412],"tags":[1451,2251,1452,1453,1454,1455,1011,27,38196,47447,47448,4320,32234,12198,19528,60],"class_list":{"0":"post-338114","1":"post","2":"type-post","3":"status-publish","4":"format-standard","5":"has-post-thumbnail","7":"category-f1","8":"tag-f1","9":"tag-ferrari","10":"tag-formula-1","11":"tag-formula1","12":"tag-formule-1","13":"tag-formule1","14":"tag-fr","15":"tag-france","16":"tag-gp-de-belgique","17":"tag-il-y-a-10-ans-quand-mercedes-a-offert-u00e0-grosjean-son-dernier-podium","18":"tag-lotus-f1","19":"tag-mercedes","20":"tag-romain-grosjean","21":"tag-sebastian-vettel","22":"tag-spa-francorchamps","23":"tag-sports"},"share_on_mastodon":{"url":"https:\/\/pubeurope.com\/@fr\/115077195079944643","error":""},"_links":{"self":[{"href":"https:\/\/www.europesays.com\/fr\/wp-json\/wp\/v2\/posts\/338114","targetHints":{"allow":["GET"]}}],"collection":[{"href":"https:\/\/www.europesays.com\/fr\/wp-json\/wp\/v2\/posts"}],"about":[{"href":"https:\/\/www.europesays.com\/fr\/wp-json\/wp\/v2\/types\/post"}],"author":[{"embeddable":true,"href":"https:\/\/www.europesays.com\/fr\/wp-json\/wp\/v2\/users\/2"}],"replies":[{"embeddable":true,"href":"https:\/\/www.europesays.com\/fr\/wp-json\/wp\/v2\/comments?post=338114"}],"version-history":[{"count":0,"href":"https:\/\/www.europesays.com\/fr\/wp-json\/wp\/v2\/posts\/338114\/revisions"}],"wp:featuredmedia":[{"embeddable":true,"href":"https:\/\/www.europesays.com\/fr\/wp-json\/wp\/v2\/media\/338115"}],"wp:attachment":[{"href":"https:\/\/www.europesays.com\/fr\/wp-json\/wp\/v2\/media?parent=338114"}],"wp:term":[{"taxonomy":"category","embeddable":true,"href":"https:\/\/www.europesays.com\/fr\/wp-json\/wp\/v2\/categories?post=338114"},{"taxonomy":"post_tag","embeddable":true,"href":"https:\/\/www.europesays.com\/fr\/wp-json\/wp\/v2\/tags?post=338114"}],"curies":[{"name":"wp","href":"https:\/\/api.w.org\/{rel}","templated":true}]}}