{"id":338116,"date":"2025-08-23T08:43:12","date_gmt":"2025-08-23T08:43:12","guid":{"rendered":"https:\/\/www.europesays.com\/fr\/338116\/"},"modified":"2025-08-23T08:43:12","modified_gmt":"2025-08-23T08:43:12","slug":"absent-de-la-vuelta-disparu-des-radars-depuis-le-tour-de-france-tadej-pogacar-face-a-la-lassitude-de-celui-qui-a-presque-tout-gagne","status":"publish","type":"post","link":"https:\/\/www.europesays.com\/fr\/338116\/","title":{"rendered":"absent de la Vuelta, disparu des radars depuis le Tour de France&#8230; Tadej Pogacar face \u00e0 la lassitude de celui qui a presque tout gagn\u00e9"},"content":{"rendered":"\n<p class=\"c-chapo \">\n  Le Slov\u00e8ne, aur\u00e9ol\u00e9 d&rsquo;un quatri\u00e8me Tour de France, a laiss\u00e9 transpara\u00eetre, m\u00eame pendant la Grande Boucle, une forme de spleen. A l&rsquo;aube de la deuxi\u00e8me partie de sa carri\u00e8re, il va devoir piocher psychologiquement pour se maintenir durablement au sommet.\n<\/p>\n<p>            lire plus tard<\/p>\n<p id=\"dialog__title\" class=\"dialog__title\">Pour sauvegarder cet article, connectez-vous ou cr\u00e9ez un compte franceinfo<\/p>\n<p class=\"dialog__description\">Sans paiement. Sans abonnement.<\/p>\n<p>        Fermer la fen\u00eatre d\u2019activation des notifications France Info<\/p>\n<p>            cr\u00e9er votre compte<\/p>\n<p>            se connecter<\/p>\n<p>        Fermer la fen\u00eatre de pr\u00e9sentation<\/p>\n<p>    <img loading=\"lazy\" decoding=\"async\" class=\"signature__image lazyload\" width=\"100\" height=\"100\" data- alt=\"\" src=\"https:\/\/www.europesays.com\/fr\/wp-content\/uploads\/2025\/05\/64a430a2e1f98_theo-rond.png\"\/><\/p>\n<p>          France T\u00e9l\u00e9visions &#8211; R\u00e9daction Sport<\/p>\n<p>    Publi\u00e9 le 23\/08\/2025 06:30<\/p>\n<p>        Temps de lecture : 7min<\/p>\n<p>    <img decoding=\"async\"  alt=\"Tadej Pogacar et sa compagne Urska Zigart apr\u00e8s la 21e \u00e9tape du Tour de France, le 27 juillet 2025. (ANNE-CHRISTINE POUJOULAT \/ AFP)\" width=\"432\" height=\"243\" src=\"https:\/\/www.europesays.com\/fr\/wp-content\/uploads\/2025\/08\/000-67z86nn-68a328609caa5365942513.jpg\" fetchpriority=\"high\"\/><\/p>\n<p>      Tadej Pogacar et sa compagne Urska Zigart apr\u00e8s la 21e \u00e9tape du Tour de France, le 27 juillet 2025. (ANNE-CHRISTINE POUJOULAT \/ AFP)<\/p>\n<p>Le <a href=\"https:\/\/www.franceinfo.fr\/tour-de-france\/\" rel=\"nofollow noopener\" target=\"_blank\">Tour de France 2025<\/a> sera-t-il celui du tournant de la carri\u00e8re de Tadej Pogacar ? Il est presque os\u00e9 de prof\u00e9rer cela \u00e0 l&rsquo;encontre du vainqueur d&rsquo;une quatri\u00e8me Grande Boucle, mais c&rsquo;est bien lui qui a jou\u00e9 les premi\u00e8res notes d&rsquo;une forme de lassitude en juillet. Le Slov\u00e8ne, qui brillera par son absence sur le Tour d&rsquo;Espagne, qui d\u00e9bute samedi, avait l\u00e2ch\u00e9 le 10 ao\u00fbt cette phrase surprenante : \u00ab\u00a0J&rsquo;ai commenc\u00e9 \u00e0 compter les ann\u00e9es jusqu&rsquo;\u00e0 ma retraite.\u00a0\u00bb<\/p>\n<p>A 26 ans, Tadej Pogacar, entamera l&rsquo;an prochain sa huiti\u00e8me saison professionnelle. Avec d\u00e9sormais quatre sacres sur le Tour de France et 104 victoires professionnelles, il a d\u00e9j\u00e0 presque fini le jeu, puisque seuls Milan-San Remo et Paris-Roubaix lui r\u00e9sistent encore. Lui qui \u00e9pousait jusque-l\u00e0 avec plaisir tous les codes du cyclisme est-il finalement rattrap\u00e9 par une forme d&rsquo;essoufflement ? \u00ab\u00a0Il faut avoir une certaine tol\u00e9rance \u00e0 l&rsquo;ennui pour tenir ces distances si longues, c&rsquo;est un m\u00e9tier o\u00f9 on est en errance permanente\u00a0\u00bb, observe Jean-Christophe Seznec, ancien m\u00e9decin expert psychologue de la F\u00e9d\u00e9ration fran\u00e7aise de cyclisme et auteur de Sport, psychologie d&rsquo;une passion (Ed. Odile Jacob).<\/p>\n<p>\u00ab\u00a0Et le probl\u00e8me, c&rsquo;est que le cyclisme s&rsquo;est industrialis\u00e9. Les cyclistes ont tout le temps des oreillettes, ils sont de plus en plus t\u00e9l\u00e9command\u00e9s. C&rsquo;est difficile quand on ne devient qu&rsquo;un rouage d&rsquo;une m\u00e9canique industrielle sportive de trouver de la motivation. Parce que c&rsquo;est d\u00e9j\u00e0 un sport o\u00f9 il n&rsquo;y a pas beaucoup d&rsquo;espace de libert\u00e9\u00a0\u00bb, poursuit le m\u00e9decin, sp\u00e9cialiste en psychologie du sport.\u00a0<\/p>\n<p>Interrog\u00e9 \u00e0 la mi-ao\u00fbt sur ce sujet, un de ses pr\u00e9d\u00e9cesseurs au palmar\u00e8s de la Grande Boucle, Chris Froome avait acquiesc\u00e9. \u00ab\u00a0Il court \u00e0 haut niveau depuis toujours. En fait, chaque ann\u00e9e, on lui demande quelque chose de plus. D&rsquo;une certaine mani\u00e8re, je me retrouve un peu l\u00e0-dedans.\u00a0Avoir de nouveaux stimulii permet de ne pas perdre de vue ses objectifs, mais il ne faut pas se surmener mentalement, car c&rsquo;est tr\u00e8s exigeant et cela complique tout\u00a0\u00bb, avait conseill\u00e9 <a href=\"https:\/\/bici.pro\/focus\/incontri\/chiacchierata-froome-tifosi-consigli-futuro\/\" target=\"_blank\" rel=\"noopener nofollow\">sur bici.pro<\/a> le quadruple vainqueur du Tour, aujourd&rsquo;hui \u00e2g\u00e9 de 40 ans.<\/p>\n<p>Tadej Pogacar, qui a sembl\u00e9 parfois frustr\u00e9 voire d\u00e9sabus\u00e9 pendant le Tour 2025, a sembl\u00e9 bien vite vouloir en terminer, m\u00eame s&rsquo;il a offert du spectacle \u00e0 Montmartre. En ao\u00fbt, on ne l&rsquo;a aper\u00e7u que sur un crit\u00e9rium chez lui, en Slov\u00e9nie. Sur ses routes d&rsquo;entra\u00eenement, o\u00f9 on l&rsquo;a vu aux c\u00f4t\u00e9s de Pauline Ferrand-Pr\u00e9v\u00f4t, il est m\u00eame apparu avec un maillot floqu\u00e9 \u00ab\u00a0Ne pas d\u00e9ranger\u00a0\u00bb. \u00ab\u00a0C&rsquo;est vrai que parfois j&rsquo;aimerais \u00eatre un peu moins c\u00e9l\u00e8bre. Parfois prendre des photos et signer des autographes est fatigant, d&rsquo;autres fois un peu moins, mais j&rsquo;essaie de plaire \u00e0 tout le monde\u00a0\u00bb, avait avou\u00e9 l&rsquo;int\u00e9ress\u00e9 quelques jours plus t\u00f4t. \u00ab\u00a0Ca fait partie des probl\u00e9matiques des sportifs de haut niveau : parfois, ils ne s&rsquo;appartiennent plus, ils appartiennent au public, aux gens qui investissent sur eux\u00a0\u00bb, analyse Jean-Christophe Seznec.<\/p>\n<p>Le Slov\u00e8ne int\u00e8gre aussi davantage sa compagne cycliste professionnelle, Urska Zigart, dans ses d\u00e9clarations ou apparitions publiques sur ses courses. Comme une mani\u00e8re d&rsquo;encore plus privil\u00e9gier le cercle le plus proche, loin des sollicitations qui l&rsquo;assaillent depuis maintenant cinq ans. \u00ab\u00a0Il a v\u00e9cu un Tour tr\u00e8s stressant, tr\u00e8s exigeant, surtout physiquement, avec de nombreux transferts, c&rsquo;est devenu difficile pour lui. C&rsquo;est quelqu&rsquo;un de tr\u00e8s direct, et \u00eatre le centre de l&rsquo;attention chaque jour est devenu fatigant\u00a0\u00bb, avait d\u00e9voil\u00e9 son manager Mauro Giannetti <a href=\"https:\/\/www.cyclingnews.com\/news\/being-tadej-pogacar-is-nice-but-its-not-easy-uae-team-emirates-xrg-explain-why-the-tour-de-france-winner-will-not-ride-the-vuelta-a-espana\/\" target=\"_blank\" rel=\"noopener nofollow\">\u00e0 Cyclingnews<\/a>. \u00ab\u00a0Il se met un peu \u00e0 l&rsquo;abri d&rsquo;un possible burn-out, d&rsquo;exploser. Parce qu&rsquo;il a quand m\u00eame une \u00e9norme pression\u00a0\u00bb, abonde notre consultant Lilian Calmejane.<\/p>\n<p>\u00ab\u00a0Petit \u00e0 petit, tu sens que Pogacar ferme un peu les portes de son &lsquo;c\u0153ur&rsquo;. Il a vraiment son noyau dur et il veut avancer avec ce noyau. Tu sens que c&rsquo;est un gar\u00e7on qui a pris conscience qu&rsquo;il ne pouvait pas faire le fanfaron, qu&rsquo;autour de lui, c&rsquo;\u00e9tait une \u00e9norme entreprise qui brassait \u00e9norm\u00e9ment d&rsquo;argent et d&rsquo;attrait. Et il se prot\u00e8ge un peu de \u00e7a\u00a0\u00bb, estime Lilian Calmejane, coureur professionnel entre 2016 et 2024.<\/p>\n<p>Son \u00e9quipe, UAE-Emirates-XRG, l&rsquo;a d&rsquo;ailleurs bien compris, en m\u00e9nageant au maximum les desiderata de son poulain, <a href=\"https:\/\/www.franceinfo.fr\/sports\/cyclisme\/tadej-pogacar\/cyclisme-tadej-pogacar-pour-la-premiere-fois-sur-paris-roubaix-l-un-des-deux-derniers-monuments-qui-manque-a-son-palmares_7152585.html\" rel=\"nofollow noopener\" target=\"_blank\">comme lors de Paris-Roubaix<\/a>, de peur de le voir s&rsquo;\u00e9vaporer un jour. \u00ab\u00a0Il est important pour nous, en tant qu\u2019\u00e9quipe, que Tadej b\u00e9n\u00e9ficie de suffisamment de repos physique et mental pour \u00eatre heureux, prendre du plaisir et divertir comme il l\u2019a toujours fait\u00a0\u00bb, affirmait le 11 ao\u00fbt son manager.\u00a0<\/p>\n<blockquote class=\"ftvi_content_quote\">\n<p class=\"ftvi_citation_quote\">\u201c\u00catre Tadej Pogacar, c\u2019est fantastique, mais ce n\u2019est pas facile. Il subit beaucoup de pression. Tout le monde attend de lui une performance, une victoire et un spectacle. Il est donc important pour nous de g\u00e9rer cela avec prudence, car c\u2019est plus qu\u2019un simple coureur.<\/p>\n<p>Mauro Giannetti, manager de Tadej Pogacar<\/p>\n<p class=\"ftvi_citation_source\">\u00e0 Cyclingnews<\/p>\n<\/blockquote>\n<p>Polir le joyau d&rsquo;une g\u00e9n\u00e9ration et l&#8217;emp\u00eacher d&rsquo;\u00eatre d\u00e9vor\u00e9 par le spectre de l&rsquo;ennui, tel est le d\u00e9fi de l&rsquo;\u00e9quipe \u00e9miratie pour la deuxi\u00e8me partie de carri\u00e8re de Pogacar. Car son destin est bien plus li\u00e9 \u00e0 lui que l&rsquo;inverse. \u00ab\u00a0Son \u00e9quipe, c&rsquo;est une industrie qui cherche la gagne. Il y a une sorte peut-\u00eatre de conflit entre le c\u00f4t\u00e9 industriel du v\u00e9lo et ses questions existentielles \u00e0 lui.\u00a0Ces gens d\u00e9pendent de leurs h\u00e9ros, c&rsquo;est leur chose. Et c&rsquo;est difficile pour eux de se voir d\u00e9poss\u00e9d\u00e9s de leur objet de satisfaction et de gagne. Donc ils ont int\u00e9r\u00eat \u00e0 faire attention qu&rsquo;il ne s&rsquo;use pas. Parce que s&rsquo;il se s\u00e8vre de quelque chose, il peut se dire : &lsquo;Pourquoi je m&rsquo;imposerai tout \u00e7a ? Les titres et la reconnaissance, je les ai. A quoi \u00e7a sert d&rsquo;avoir un titre de plus ?&rsquo; \u00ab\u00a0, d\u00e9veloppe Jean-Christophe Seznec.<\/p>\n<p>Le psychiatre prend l&rsquo;analogie du g\u00e9ant fran\u00e7ais des bassins pour d\u00e9crypter les pistes de remotivation. \u00ab\u00a0L\u00e9on Marchand avait failli arr\u00eater puisqu&rsquo;il n&rsquo;en pouvait plus de la pression. Son pr\u00e9parateur mental a travaill\u00e9 le fait que sa valeur n&rsquo;avait rien \u00e0 voir avec ses performances. Il a pu se recentrer sur ce qu&rsquo;il aime vraiment, la natation, la comp\u00e9tition et pas la gagne. Et finalement, il finit par tout gagner. Il y a peut-\u00eatre chez Pogacar la n\u00e9cessit\u00e9 de maturer pour redonner du sens au fait qu&rsquo;il fasse du v\u00e9lo\u00a0\u00bb, note Jean-Christophe Seznec.\u00a0<\/p>\n<p>L&rsquo;ogre slov\u00e8ne, qui reprendra la comp\u00e9tition au Canada (12 septembre) avant de disputer les Championnats du monde au Rwanda (28 septembre) puis ceux d&rsquo;Europe en Ard\u00e8che (5 octobre), anticipe-t-il \u00e9galement une peur du d\u00e9clin, lui qui n&rsquo;a connu la d\u00e9faite que par maigres \u00e9chantillons ? \u00ab\u00a0Va-t-il supporter longtemps lorsqu&rsquo;il sera mis \u00e0 mal sur des courses sur lesquelles il n&rsquo;a jamais \u00e9t\u00e9 mis \u00e0 mal ?\u00a0\u00bb, questionne Lilian Calmejane. <\/p>\n<p>Pour l&rsquo;instant, l&rsquo;heure est loin de penser \u00e0 la retraite ou au d\u00e9clin, mais des enjeux plus pragmatiques pourraient eux aussi s&rsquo;immiscer. \u00ab\u00a0Il sait tr\u00e8s bien que pour le moment, dans la forme qu&rsquo;il est, il faut continuer d&#8217;empiler des victoires\u00a0\u00bb, affirme notre consultant, histoire de prolonger le plaisir, pour l&rsquo;heure \u00ab\u00a0sup\u00e9rieur aux contraintes\u00a0\u00bb. Mais quand viendra l&rsquo;heure des difficult\u00e9s ou des projets plus personnels comme fonder une famille, que fera le Slov\u00e8ne ? \u00ab\u00a0Dans ces moments-l\u00e0, est-ce que de gagner un autre Tour de France, une autre Fl\u00e8che Wallonne, \u00e7a sera suffisant ? Je n&rsquo;en suis pas s\u00fbr\u00a0\u00bb, se questionne encore Lilian Calmejane.<\/p>\n","protected":false},"excerpt":{"rendered":"Le Slov\u00e8ne, aur\u00e9ol\u00e9 d&rsquo;un quatri\u00e8me Tour de France, a laiss\u00e9 transpara\u00eetre, m\u00eame pendant la Grande Boucle, une forme&hellip;\n","protected":false},"author":2,"featured_media":338117,"comment_status":"","ping_status":"","sticky":false,"template":"","format":"standard","meta":{"footnotes":""},"categories":[1411],"tags":[1154,207,1011,27,60],"class_list":{"0":"post-338116","1":"post","2":"type-post","3":"status-publish","4":"format-standard","5":"has-post-thumbnail","7":"category-cyclisme","8":"tag-cycling","9":"tag-cyclisme","10":"tag-fr","11":"tag-france","12":"tag-sports"},"share_on_mastodon":{"url":"https:\/\/pubeurope.com\/@fr\/115077199018889972","error":""},"_links":{"self":[{"href":"https:\/\/www.europesays.com\/fr\/wp-json\/wp\/v2\/posts\/338116","targetHints":{"allow":["GET"]}}],"collection":[{"href":"https:\/\/www.europesays.com\/fr\/wp-json\/wp\/v2\/posts"}],"about":[{"href":"https:\/\/www.europesays.com\/fr\/wp-json\/wp\/v2\/types\/post"}],"author":[{"embeddable":true,"href":"https:\/\/www.europesays.com\/fr\/wp-json\/wp\/v2\/users\/2"}],"replies":[{"embeddable":true,"href":"https:\/\/www.europesays.com\/fr\/wp-json\/wp\/v2\/comments?post=338116"}],"version-history":[{"count":0,"href":"https:\/\/www.europesays.com\/fr\/wp-json\/wp\/v2\/posts\/338116\/revisions"}],"wp:featuredmedia":[{"embeddable":true,"href":"https:\/\/www.europesays.com\/fr\/wp-json\/wp\/v2\/media\/338117"}],"wp:attachment":[{"href":"https:\/\/www.europesays.com\/fr\/wp-json\/wp\/v2\/media?parent=338116"}],"wp:term":[{"taxonomy":"category","embeddable":true,"href":"https:\/\/www.europesays.com\/fr\/wp-json\/wp\/v2\/categories?post=338116"},{"taxonomy":"post_tag","embeddable":true,"href":"https:\/\/www.europesays.com\/fr\/wp-json\/wp\/v2\/tags?post=338116"}],"curies":[{"name":"wp","href":"https:\/\/api.w.org\/{rel}","templated":true}]}}