{"id":338118,"date":"2025-08-23T08:44:10","date_gmt":"2025-08-23T08:44:10","guid":{"rendered":"https:\/\/www.europesays.com\/fr\/338118\/"},"modified":"2025-08-23T08:44:10","modified_gmt":"2025-08-23T08:44:10","slug":"tfc-stade-brestois-abu-francis-encore-absent-et-deux-bonnes-nouvelles-les-violets","status":"publish","type":"post","link":"https:\/\/www.europesays.com\/fr\/338118\/","title":{"rendered":"TFC &#8211; Stade Brestois : Abu Francis encore absent et deux bonnes nouvelles &#8211; Les Violets"},"content":{"rendered":"<ol>\n<li><a href=\"https:\/\/news.google.com\/rss\/articles\/CBMisgFBVV95cUxQYUpfUnFqdG9zY09GaTJ5aEwwQVk1VVpHNUtYcUQ0VkpnNGt6X2dwdEpRczVERk5hWHRjVkE2U3prWDhkU1p0N1lKOVBBTjk2b3hvUHVZb0dhWERmZlI0Q1Via0JWaUYtWXFXN0plQUhEa0NXOHo3Y2wwWVY5X1VUMWJ1a05mR3g4dnVseU8ybWRnWTZwbDBkam1udkxrWFVRZE1TT1BkU1ZnREtzUjNTbTBB?oc=5\" target=\"_blank\" rel=\"nofollow noopener\">TFC &#8211; Stade Brestois : Abu Francis encore absent et deux bonnes nouvelles<\/a>&nbsp;&nbsp;Les Violets<\/li>\n<li><a href=\"https:\/\/news.google.com\/rss\/articles\/CBMi9gFBVV95cUxQZjlyeWlOUmdFM0FQdUxMLWRORnRVRmRIN1RoM0NZUUxmdV9wWUhwUWYwVzNmcWt1T2N5UTljaFVVMTU5bmYzazlCekhBS0ptYlM1UjlYQ2xtMjRFNUY5X2w1XzhtLThOUGFkVG9FVEVpYjZFaHVTb1hVaFY2R05iZWw2RlVrcGhrVW12dDRqbjNUY1c1blc2THdBdUMwR01VYmJVY2JuZ2ktT2w4U240VGprNnUtaGNVTkdfVkVqMTh1bFl1c0JYUjRaOU5KUVY4WFdWYm9QQ3ZWckdaWFNrM2dWQ2hEMTNYc1otYXBscF9CWjRvUmc?oc=5\" target=\"_blank\" rel=\"nofollow noopener\">Toulouse &#8211; Brest : un groupe toujours r\u00e9duit mais au complet pour la deuxi\u00e8me journ\u00e9e de Ligue 1<\/a>&nbsp;&nbsp;Le T\u00e9l\u00e9gramme<\/li>\n<li><a href=\"https:\/\/news.google.com\/rss\/articles\/CBMi8AFBVV95cUxNQjhmTHQyblk4TUxTUlpwSXNubXpmTVlhUHNOcldHSTZqVUxZWnI3aUJtRlc5TGFHZ3VoOWh6dEFBNDFFZWlQTHRvS2RzV1VzR0VlMnR1RWtLdVlHczhVOXdaVUlmR18zLVpyRTdocFA2SzU1aDdmMTZVbFRtUTV1cTBlSk8xTmhGUFVLalJSeE9oOTE5am5XU21zaEpGVjdNRmd1RlFMMC1oNXpNendVQm9nV3o0d0RiUXczLTMydU9la1EzcTUzR2REVUtoT3B5RDlkMmdfbVpUN3cxUkhnd0NWT1F1NGg4R0VHVEdBYXg?oc=5\" target=\"_blank\" rel=\"nofollow noopener\">Ligue 1 &#8211; TFC : \u00ab\u00a0J&rsquo;\u00e9tais proche de signer en janvier\u00a0\u00bb, faux d\u00e9part puis vraie arriv\u00e9e, les d\u00e9buts de Sauer \u00e0 Toulouse<\/a>&nbsp;&nbsp;francebleu.fr<\/li>\n<li><a href=\"https:\/\/news.google.com\/rss\/articles\/CBMilgJBVV95cUxNYklRdHFpRVhUU1BYeGsxTDlxOTUwNlRxdS1vWU1JMEpLaFlWWk1wXzZ2Y2Jvb2RoM1BhTzFaTEZEdDZGUE94bHBPbmxCVVhyN0U0b2poVkRYNE5aSEpVX29LTWJDWWRvbzZ6cUNRSWZYRjVsSUd4LTBLamxJaGJwRVFoZ1VnLW1MNnVISHh5NjR4UHJCdktBcWF1NXFEX3pjMWxwdUp1S0hmVGEzdFVEMUJmWHkxTi02RnFSb1VSbE9RTWJvcTRuWVVFUGM1Y0o2NW9ZVDJoLVhob1pXV2c4TjJMMDgwUTlVellFb2h6aHUwbDRWUE9WVzhZeWhJUFdBODFrd3VBVkd6blF5ZFlpVVlEMkl1QQ?oc=5\" target=\"_blank\" rel=\"nofollow noopener\">Stade Brestois. Nouveau look, mercato, d\u00e9fense\u2026 D\u00e9brief de la conf de presse d\u2019Eric Roy<\/a>&nbsp;&nbsp;Ouest-France<\/li>\n<li><a href=\"https:\/\/news.google.com\/rss\/articles\/CBMinwJBVV95cUxQamlfcU92amp6ZGF5eXVTY1I1ckl3a2hSYUJ1OWgyckVKYUNCYzRnN2wwY1BBdjBrVWJLNTRQdlowc0luN1IxRGFadFVhanBEemQ4T2FNSGdCU09WbGRrRkp6WmR5eUpxNXd3WHZ6TnRydnNlb3NydThPLWFoVkZaWjZ6cHdfaFZGTmpVMzZ0a0F0X3hvck42UzAybVZoUzdsa3Z3RmJJempZMzRCWkZXanctRlFMTWNUUG1URDBUYnBKejlTakxWdGpJWTZNUVFrZ0FaSGVGYmhGelF6VkYydmFVV29wdjJLTmtJN2lTRkxBZ1VIeWdyQW1pdjZYQnppWFV5SmVndm1icGk2aXptSExmUHM1S3NJaXpIMDhXOA?oc=5\" target=\"_blank\" rel=\"nofollow noopener\">TFC : Abu Francis pas pr\u00eat, Nicolaisen progresse, Vignolo s\u2019entra\u00eene\u2026 O\u00f9 en sont les recrues et r\u00e9cents bless\u00e9s toulousains avant le match face \u00e0 Brest<\/a>&nbsp;&nbsp;ladepeche.fr<\/li>\n<\/ol>\n","protected":false},"excerpt":{"rendered":"TFC &#8211; Stade Brestois : Abu Francis encore absent et deux bonnes nouvelles&nbsp;&nbsp;Les Violets Toulouse &#8211; Brest :&hellip;\n","protected":false},"author":2,"featured_media":338119,"comment_status":"","ping_status":"","sticky":false,"template":"","format":"standard","meta":{"footnotes":""},"categories":[1410],"tags":[63,1011,27,60],"class_list":{"0":"post-338118","1":"post","2":"type-post","3":"status-publish","4":"format-standard","5":"has-post-thumbnail","7":"category-football","8":"tag-football","9":"tag-fr","10":"tag-france","11":"tag-sports"},"share_on_mastodon":{"url":"https:\/\/pubeurope.com\/@fr\/115077202831660715","error":""},"_links":{"self":[{"href":"https:\/\/www.europesays.com\/fr\/wp-json\/wp\/v2\/posts\/338118","targetHints":{"allow":["GET"]}}],"collection":[{"href":"https:\/\/www.europesays.com\/fr\/wp-json\/wp\/v2\/posts"}],"about":[{"href":"https:\/\/www.europesays.com\/fr\/wp-json\/wp\/v2\/types\/post"}],"author":[{"embeddable":true,"href":"https:\/\/www.europesays.com\/fr\/wp-json\/wp\/v2\/users\/2"}],"replies":[{"embeddable":true,"href":"https:\/\/www.europesays.com\/fr\/wp-json\/wp\/v2\/comments?post=338118"}],"version-history":[{"count":0,"href":"https:\/\/www.europesays.com\/fr\/wp-json\/wp\/v2\/posts\/338118\/revisions"}],"wp:featuredmedia":[{"embeddable":true,"href":"https:\/\/www.europesays.com\/fr\/wp-json\/wp\/v2\/media\/338119"}],"wp:attachment":[{"href":"https:\/\/www.europesays.com\/fr\/wp-json\/wp\/v2\/media?parent=338118"}],"wp:term":[{"taxonomy":"category","embeddable":true,"href":"https:\/\/www.europesays.com\/fr\/wp-json\/wp\/v2\/categories?post=338118"},{"taxonomy":"post_tag","embeddable":true,"href":"https:\/\/www.europesays.com\/fr\/wp-json\/wp\/v2\/tags?post=338118"}],"curies":[{"name":"wp","href":"https:\/\/api.w.org\/{rel}","templated":true}]}}