{"id":338122,"date":"2025-08-23T08:46:16","date_gmt":"2025-08-23T08:46:16","guid":{"rendered":"https:\/\/www.europesays.com\/fr\/338122\/"},"modified":"2025-08-23T08:46:16","modified_gmt":"2025-08-23T08:46:16","slug":"orthez-une-fresque-singuliere-et-ephemere-sur-le-kiosque-georges-moutet","status":"publish","type":"post","link":"https:\/\/www.europesays.com\/fr\/338122\/","title":{"rendered":"Orthez\u00a0: une fresque singuli\u00e8re et \u00e9ph\u00e9m\u00e8re sur le kiosque Georges Moutet"},"content":{"rendered":"<p>Cette activit\u00e9 \u00e9tait encadr\u00e9e par <a href=\"https:\/\/www.instagram.com\/p\/DMp9K-zKmsS\/?locale=my\" target=\"_blank\" rel=\"nofollow noopener\">Z\u00e9lie Boulestreau<\/a>, artiste bas\u00e9e en vall\u00e9e d\u2019Ossau, qui r\u00e9alise des \u0153uvres en papier m\u00e2ch\u00e9. De mardi \u00e0 vendredi, elle a ainsi anim\u00e9 des ateliers artistiques afin d\u2019\u00e9laborer une fresque tout autour du kiosque. L\u2019activit\u00e9 s\u2019est d\u00e9coup\u00e9e en plusieurs temps, la premi\u00e8re \u00e9tant de trouver le th\u00e8me de l\u2019\u0153uvre. \u00ab\u00a0J\u2019aimais bien l\u2019univers des Gaves qui est ce qui traverse la ville et aussi ce qui nous relie \u00e0 la montagne, ici \u00e0 Orthez\u00a0\u00bb, explique l\u2019artiste.<\/p>\n<p>Une visite guid\u00e9e de l\u2019<a href=\"https:\/\/image-imatge.org\/expositions\/je-bergere-tu-bergeres\" target=\"_blank\" rel=\"nofollow noopener\">exposition \u00ab\u00a0Je berg\u00e8re, tu berg\u00e8res\u2026\u00a0\u00bb<\/a>, visible au centre d\u2019art, et une observation du Gave \u00e9taient \u00e9galement pr\u00e9vus pour que chacun d\u00e9veloppe son imagination sur le th\u00e8me.<\/p>\n<p>    La r\u00e9daction vous conseille<\/p>\n<p>Mati\u00e8re unique<\/p>\n<p>Une fois l\u2019inspiration trouv\u00e9e, la premi\u00e8re \u00e9tape pour r\u00e9aliser la fresque a \u00e9t\u00e9 de fabriquer la mati\u00e8re premi\u00e8re, le papier m\u00e2ch\u00e9. \u00ab\u00a0Pour \u00e7a, il faut r\u00e9cup\u00e9rer du papier ou du carton, tout simplement. On essaie d\u2019utiliser surtout des mat\u00e9riaux d\u00e9j\u00e0 utilis\u00e9s et recycl\u00e9s, comme des chemises en carton ou des bo\u00eetes d\u2019\u0153ufs. Il faut ensuite le m\u00e9langer \u00e0 l\u2019eau puis mixer le m\u00e9lange pour obtenir une p\u00e2te\u00a0\u00bb, explique Z\u00e9lie.<\/p>\n<p>        <img decoding=\"async\" id=\"25630464\" src=\"https:\/\/www.europesays.com\/fr\/wp-content\/uploads\/2025\/08\/20250822-111049.jpg\" alt=\"La premi\u00e8re \u00e9tape est de travailler la mati\u00e8re qui servira \u00e0 concevoir l\u2019\u0153uvre.\" itemprop=\"contentURL\"\/><\/p>\n<p>    La premi\u00e8re \u00e9tape est de travailler la mati\u00e8re qui servira \u00e0 concevoir l\u2019\u0153uvre.<\/p>\n<p>R\u00e9mi Laxague<\/p>\n<p>La mati\u00e8re, une fois obtenue dans la couleur souhait\u00e9e (selon le papier utilis\u00e9), peut alors \u00eatre appliqu\u00e9e sur un support. Ici, Z\u00e9lie a choisi d\u2019utiliser d\u2019anciennes portes usag\u00e9es en guise d\u2019appui, pour continuer \u00e0 utiliser des mati\u00e8res recycl\u00e9es. \u00ab\u00a0Le papier m\u00e2ch\u00e9 forme des boulettes que l\u2019on peut d\u00e9poser sur le support. La technique, c\u2019est de tapoter la mati\u00e8re pour la fixer. Elle va ensuite s\u00e9cher et elle restera parfaitement stable sur le \u00ab\u00a0cadre\u00a0\u00bb qu\u2019on a choisi.\u00a0\u00bb<\/p>\n<p>        <img decoding=\"async\" id=\"25630467\" src=\"https:\/\/www.europesays.com\/fr\/wp-content\/uploads\/2025\/08\/20250822-110822.jpg\" alt=\"L\u2019artiste Z\u00e9lie Boulestreau explique qu\u2019il faut appliquer la p\u00e2te \u00e0 papier avec pr\u00e9cision.\" itemprop=\"contentURL\"\/><\/p>\n<p>    L\u2019artiste Z\u00e9lie Boulestreau explique qu\u2019il faut appliquer la p\u00e2te \u00e0 papier avec pr\u00e9cision.<\/p>\n<p>R\u00e9mi Laxague<\/p>\n<p>    La r\u00e9daction vous conseille<\/p>\n<p>    La r\u00e9daction vous conseille<\/p>\n<p>Animaux et v\u00e9g\u00e9taux<\/p>\n<p>Cette mati\u00e8re a servi \u00e0 Z\u00e9lie et aux personnes int\u00e9ress\u00e9es par l\u2019activit\u00e9, venues tout au long de la semaine, de r\u00e9aliser des motifs\u00a0: animaux (grenouille, loutre, poissons, oiseaux), v\u00e9g\u00e9taux, d\u00e9cors naturels. \u00ab\u00a0Ce qui est bien avec cette mati\u00e8re, c\u2019est qu\u2019elle permet de r\u00e9aliser plusieurs couches, qui se superposent. Ce sont des bas-reliefs qu\u2019on peut venir travailler constamment.\u00a0\u00bb<\/p>\n<p>        <img decoding=\"async\" id=\"25630498\" src=\"https:\/\/www.europesays.com\/fr\/wp-content\/uploads\/2025\/08\/20250822-110510.jpg\" alt=\"La fresque se pr\u00e9sente comme un bas-relief.\" itemprop=\"contentURL\"\/><\/p>\n<p>    La fresque se pr\u00e9sente comme un bas-relief.<\/p>\n<p>R\u00e9mi Laxague<\/p>\n<p>La semaine d\u2019ateliers s\u2019est cl\u00f4tur\u00e9e par un moment convivial sous le kiosque avec musique, boissons et amuse-bouches. La\u00a0fresque\u00a0restera sur le kiosque le temps de sa d\u00e9gradation naturelle puisque la lumi\u00e8re, la chaleur ou les gens peuvent participer \u00e0 l\u2019ab\u00eemer. Pas pens\u00e9e pour \u00eatre permanente, elle ne restera en place qu\u2019un certain temps. Ceux qui voudraient la voir ne doivent donc pas tarder.<\/p>\n<p>        <script async src=\"\/\/www.instagram.com\/embed.js\"><\/script><\/p>\n","protected":false},"excerpt":{"rendered":"Cette activit\u00e9 \u00e9tait encadr\u00e9e par Z\u00e9lie Boulestreau, artiste bas\u00e9e en vall\u00e9e d\u2019Ossau, qui r\u00e9alise des \u0153uvres en papier&hellip;\n","protected":false},"author":2,"featured_media":338123,"comment_status":"","ping_status":"","sticky":false,"template":"","format":"standard","meta":{"footnotes":""},"categories":[1358],"tags":[1348,1384,1385,1386,58,59,1011,27],"class_list":{"0":"post-338122","1":"post","2":"type-post","3":"status-publish","4":"format-standard","5":"has-post-thumbnail","7":"category-arts-et-design","8":"tag-arts","9":"tag-arts-and-design","10":"tag-arts-et-design","11":"tag-design","12":"tag-divertissement","13":"tag-entertainment","14":"tag-fr","15":"tag-france"},"share_on_mastodon":{"url":"https:\/\/pubeurope.com\/@fr\/115077210771325109","error":""},"_links":{"self":[{"href":"https:\/\/www.europesays.com\/fr\/wp-json\/wp\/v2\/posts\/338122","targetHints":{"allow":["GET"]}}],"collection":[{"href":"https:\/\/www.europesays.com\/fr\/wp-json\/wp\/v2\/posts"}],"about":[{"href":"https:\/\/www.europesays.com\/fr\/wp-json\/wp\/v2\/types\/post"}],"author":[{"embeddable":true,"href":"https:\/\/www.europesays.com\/fr\/wp-json\/wp\/v2\/users\/2"}],"replies":[{"embeddable":true,"href":"https:\/\/www.europesays.com\/fr\/wp-json\/wp\/v2\/comments?post=338122"}],"version-history":[{"count":0,"href":"https:\/\/www.europesays.com\/fr\/wp-json\/wp\/v2\/posts\/338122\/revisions"}],"wp:featuredmedia":[{"embeddable":true,"href":"https:\/\/www.europesays.com\/fr\/wp-json\/wp\/v2\/media\/338123"}],"wp:attachment":[{"href":"https:\/\/www.europesays.com\/fr\/wp-json\/wp\/v2\/media?parent=338122"}],"wp:term":[{"taxonomy":"category","embeddable":true,"href":"https:\/\/www.europesays.com\/fr\/wp-json\/wp\/v2\/categories?post=338122"},{"taxonomy":"post_tag","embeddable":true,"href":"https:\/\/www.europesays.com\/fr\/wp-json\/wp\/v2\/tags?post=338122"}],"curies":[{"name":"wp","href":"https:\/\/api.w.org\/{rel}","templated":true}]}}