{"id":338124,"date":"2025-08-23T08:47:09","date_gmt":"2025-08-23T08:47:09","guid":{"rendered":"https:\/\/www.europesays.com\/fr\/338124\/"},"modified":"2025-08-23T08:47:09","modified_gmt":"2025-08-23T08:47:09","slug":"denis-roche-dans-les-plis-du-temps","status":"publish","type":"post","link":"https:\/\/www.europesays.com\/fr\/338124\/","title":{"rendered":"Denis Roche dans les plis du temps"},"content":{"rendered":"<p>\u00ab\u00a0Dans les plis du temps\u00a0\u00bb, c\u2019est un d\u00e9fil\u00e9 de moments, de circonstances, de fulgurances. \u00c9voquant le po\u00e8te, le photographe, l\u2019\u00e9diteur, l\u2019homme que fut Denis Roche, chaque contribution part d\u2019une image pour dresser un portrait, signifier un enjeu, un retentissement. Dix ans apr\u00e8s la mort de l\u2019auteur, son \u0153uvre si singuli\u00e8re est l\u00e0, qui continue de nous regarder, de nous interpeler, de jouer avec nous.<\/p>\n<p>Avec une bonne cinquantaine de photographies, et des textes de Jean-Christophe Bailly, Christine Baudillon, Alain Bergala, Sylvain Besson, Alain Borer, Patrick Bouchain, Guillaume Cassegrain, Cl\u00e9ment Ch\u00e9roux, Bernard Comment, Hubert Damisch, Maryline Desbiolles, Marc Donnadieu, Philippe Forest, Guillaume Geneste, Jean-Marie Gleize, Georges Lavaudant, Laure Limongi, Luigi Magno, Catherine Millet, Jean-Luc Monterosso, Gilles Mora, Dominique Pa\u00efni, Claire Paulhan, Fran\u00e7oise Peyrot, Bernard Plossu, Tiphaine Samoyault, Josyane Savigneau, Agn\u00e8s Sire, Chantal Thomas, Alain Veinstein.<\/p>\n<p>L\u2019id\u00e9e est que Denis Roche soit avec nous. \u00c0 la table des vivants.<\/p>\n","protected":false},"excerpt":{"rendered":"\u00ab\u00a0Dans les plis du temps\u00a0\u00bb, c\u2019est un d\u00e9fil\u00e9 de moments, de circonstances, de fulgurances. \u00c9voquant le po\u00e8te, le&hellip;\n","protected":false},"author":2,"featured_media":338125,"comment_status":"","ping_status":"","sticky":false,"template":"","format":"standard","meta":{"footnotes":""},"categories":[1357],"tags":[1379,58,59,1011,27,1380],"class_list":{"0":"post-338124","1":"post","2":"type-post","3":"status-publish","4":"format-standard","5":"has-post-thumbnail","7":"category-livres","8":"tag-books","9":"tag-divertissement","10":"tag-entertainment","11":"tag-fr","12":"tag-france","13":"tag-livres"},"share_on_mastodon":{"url":"https:\/\/pubeurope.com\/@fr\/115077214651348503","error":""},"_links":{"self":[{"href":"https:\/\/www.europesays.com\/fr\/wp-json\/wp\/v2\/posts\/338124","targetHints":{"allow":["GET"]}}],"collection":[{"href":"https:\/\/www.europesays.com\/fr\/wp-json\/wp\/v2\/posts"}],"about":[{"href":"https:\/\/www.europesays.com\/fr\/wp-json\/wp\/v2\/types\/post"}],"author":[{"embeddable":true,"href":"https:\/\/www.europesays.com\/fr\/wp-json\/wp\/v2\/users\/2"}],"replies":[{"embeddable":true,"href":"https:\/\/www.europesays.com\/fr\/wp-json\/wp\/v2\/comments?post=338124"}],"version-history":[{"count":0,"href":"https:\/\/www.europesays.com\/fr\/wp-json\/wp\/v2\/posts\/338124\/revisions"}],"wp:featuredmedia":[{"embeddable":true,"href":"https:\/\/www.europesays.com\/fr\/wp-json\/wp\/v2\/media\/338125"}],"wp:attachment":[{"href":"https:\/\/www.europesays.com\/fr\/wp-json\/wp\/v2\/media?parent=338124"}],"wp:term":[{"taxonomy":"category","embeddable":true,"href":"https:\/\/www.europesays.com\/fr\/wp-json\/wp\/v2\/categories?post=338124"},{"taxonomy":"post_tag","embeddable":true,"href":"https:\/\/www.europesays.com\/fr\/wp-json\/wp\/v2\/tags?post=338124"}],"curies":[{"name":"wp","href":"https:\/\/api.w.org\/{rel}","templated":true}]}}