{"id":338126,"date":"2025-08-23T08:48:10","date_gmt":"2025-08-23T08:48:10","guid":{"rendered":"https:\/\/www.europesays.com\/fr\/338126\/"},"modified":"2025-08-23T08:48:10","modified_gmt":"2025-08-23T08:48:10","slug":"romy-secret-story-refuse-de-faire-des-photos-avec-ses-fans","status":"publish","type":"post","link":"https:\/\/www.europesays.com\/fr\/338126\/","title":{"rendered":"Romy (Secret Story) refuse de faire des photos avec ses fans"},"content":{"rendered":"<p>      R\u00e9sum\u00e9<\/p>\n<p>Depuis sa victoire \u00e0 Secret Story 13, Romy reste discr\u00e8te et explique sa timidit\u00e9, refusant parfois de prendre des photos avec ses fans pour pr\u00e9server son intimit\u00e9.<\/p>\n<p>        Sommaire<\/p>\n<p>Depuis sa victoire \u00e9crasante dans Secret Story 13, <strong>Romy fait beaucoup parler d\u2019elle<\/strong>. Le 7 ao\u00fbt dernier, la jeune femme de 29 ans a remport\u00e9 la finale avec 72 % des voix, loin devant ses concurrents. <\/p>\n<p>Depuis, elle se fait discr\u00e8te et <strong>choisit avec soin ses apparitions <\/strong>et ses prises de parole sur les r\u00e9seaux sociaux. Elle tient tellement \u00e0 sa libert\u00e9 qu&rsquo;elle refuse m\u00eame de faire des photos avec ses admirateurs&#8230;<\/p>\n<p>La gagnante de Secret Story avoue sa timidit\u00e9 dans un live<\/p>\n<p>Sa discr\u00e9tion a commenc\u00e9 d\u00e8s sa sortie de <a href=\"https:\/\/www.public.fr\/exclu-public-romy-secret-story-bientot-dans-la-villa-des-coeurs-brises\" target=\"_blank\" rel=\"noopener\">Secret Story.<\/a> Sur son compte Instagram, elle avait confi\u00e9 quelques jours apr\u00e8s sa victoire : \u00ab\u00a0Ce qui se passe est incroyable&#8230; il me faut un peu de temps pour <strong>prendre du recul <\/strong>et r\u00e9aliser vraiment l&rsquo;ampleur de tout \u00e7a. Ce n&rsquo;est pas la fin de l&rsquo;histoire&#8230;<strong> juste le d\u00e9but d&rsquo;une nouvelle page<\/strong>, ensemble. Je vous aime fort\u00a0\u00bb. Ce message montrait d\u00e9j\u00e0 qu&rsquo;elle souhaitait garder un certain <strong>recul<\/strong>.<\/p>\n<p>R\u00e9cemment, la gagnante de Secret Story est apparue en live aux c\u00f4t\u00e9s de <strong><a href=\"https:\/\/www.public.fr\/il-ma-brise-le-coeur-et-les-cotes-mayer-secret-story-a-peine-marie-le-divorce-deja-annonce\" target=\"_blank\" rel=\"noopener\">Mayer<\/a>, son acolyte de l\u2019aventure<\/strong>. L\u2019occasion pour elle d\u2019ouvrir son c\u0153ur et d\u2019expliquer pourquoi elle refusait souvent de faire des photos dans la rue. Pas question d\u2019arrogance ou de m\u00e9pris. \u00ab\u00a0Je voulais juste passer un petit mot \u00e0 toutes les personnes que j&rsquo;ai pu croiser, si je vous refuse une photo, s&rsquo;il vous pla\u00eet,<strong> je vous en supplie, ne m&rsquo;en voulez pas<\/strong>. Je ne suis pas une rockstar, je ne suis personne. Quand je vous vois, je suis tr\u00e8s intimid\u00e9e,<strong> je suis tr\u00e8s timide<\/strong>,\u00a0\u00bb a-t-elle avou\u00e9.<\/p>\n<p>La candidate a ajout\u00e9 : \u00ab\u00a0On pourrait croire que je suis extravertie, mais je suis grave timide [&#8230;] Vous \u00eates grave mignons, je vous donne tout l&rsquo;amour que vous voulez, mais<strong> parfois les photos, je suis d\u00e9sol\u00e9e, je vais vous dire non<\/strong>\u00ab\u00a0. M\u00eame Mayer a confirm\u00e9 que cette notori\u00e9t\u00e9 soudaine \u00e9tait parfois <strong>\u00ab\u00a0impressionnante\u00a0\u00bb<\/strong>.<\/p>\n<p>Les fans de Romy (Secret Story) sont divis\u00e9s sur son choix<\/p>\n<p>Ces propos ont divis\u00e9 les internautes. Certains estiment que la gagnante de Secret Story <strong>devrait assumer son nouveau statut<\/strong>, la jugeant ingrate apr\u00e8s sa victoire. Mais sa communaut\u00e9 a rapidement r\u00e9pliqu\u00e9 pour <strong>d\u00e9fendre leur candidate pr\u00e9f\u00e9r\u00e9e<\/strong>, ils comprennent son besoin de pr\u00e9server son intimit\u00e9.<\/p>\n<p>\u00ab\u00a0Romy a <strong>mal v\u00e9cu l\u2019exposition qu\u2019elle a eue sur internet \u00e9tant petite<\/strong> (notamment l\u2019image d\u2019elle qui a \u00e9t\u00e9 exploit\u00e9e sans son accord) et vous \u00eates \u00e9tonn\u00e9s qu\u2019elle ait du mal \u00e0 prendre des photos avec des inconnus ???\u00a0\u00bb, peut-on lire sur X. D\u2019autres rappellent que la candidate \u00ab\u00a0faisait des crises de panique \u00e0 sa sortie\u00a0\u00bb, donc sa r\u00e9action para\u00eet parfaitement normale.<\/p>\n<blockquote class=\"twitter-tweet\">\n<p>les gens se plaignent qu&rsquo;elle accepte pas les photos alors que romy faisait des crises de paniques en sortant \u00e0 sa sortie ???!<\/p>\n<p>\u2014 rania (@smfwylie) <a href=\"https:\/\/twitter.com\/smfwylie\/status\/1959077146007126056?ref_src=twsrc%5Etfw\" target=\"_blank\" rel=\"noopener\">August 23, 2025<\/a><\/p><\/blockquote>\n<blockquote class=\"twitter-tweet\">\n<p>Romy a mal v\u00e9cu l\u2019exposition qu\u2019elle a eu sur internet \u00e9tant petite (notamment l\u2019image d\u2019elle qui a \u00e9t\u00e9 exploit\u00e9e sans son accord) et vous \u00eates \u00e9tonn\u00e9s qu\u2019elle ait du mal \u00e0 prendre des photos avec des inconnus??? <a href=\"https:\/\/t.co\/SwksMlXRY8\">https:\/\/t.co\/SwksMlXRY8<\/a><\/p>\n<p>\u2014 \u2615\ufe0f (@frenchcupoftea) <a href=\"https:\/\/twitter.com\/frenchcupoftea\/status\/1958644132676567175?ref_src=twsrc%5Etfw\" target=\"_blank\" rel=\"noopener\">August 21, 2025<\/a><\/p><\/blockquote>\n<p>      Mentionn\u00e9s dans cet article<\/p>\n<p>      Sur le m\u00eame sujet<\/p>\n<p>  <script async src=\"https:\/\/platform.twitter.com\/widgets.js\" charset=\"utf-8\"><\/script><\/p>\n","protected":false},"excerpt":{"rendered":"R\u00e9sum\u00e9 Depuis sa victoire \u00e0 Secret Story 13, Romy reste discr\u00e8te et explique sa timidit\u00e9, refusant parfois de&hellip;\n","protected":false},"author":2,"featured_media":338127,"comment_status":"","ping_status":"","sticky":false,"template":"","format":"standard","meta":{"footnotes":""},"categories":[1356],"tags":[58,59,1011,27,29901,252,1364],"class_list":{"0":"post-338126","1":"post","2":"type-post","3":"status-publish","4":"format-standard","5":"has-post-thumbnail","7":"category-television","8":"tag-divertissement","9":"tag-entertainment","10":"tag-fr","11":"tag-france","12":"tag-secret-story","13":"tag-television","14":"tag-tv"},"share_on_mastodon":{"url":"https:\/\/pubeurope.com\/@fr\/115077218794319344","error":""},"_links":{"self":[{"href":"https:\/\/www.europesays.com\/fr\/wp-json\/wp\/v2\/posts\/338126","targetHints":{"allow":["GET"]}}],"collection":[{"href":"https:\/\/www.europesays.com\/fr\/wp-json\/wp\/v2\/posts"}],"about":[{"href":"https:\/\/www.europesays.com\/fr\/wp-json\/wp\/v2\/types\/post"}],"author":[{"embeddable":true,"href":"https:\/\/www.europesays.com\/fr\/wp-json\/wp\/v2\/users\/2"}],"replies":[{"embeddable":true,"href":"https:\/\/www.europesays.com\/fr\/wp-json\/wp\/v2\/comments?post=338126"}],"version-history":[{"count":0,"href":"https:\/\/www.europesays.com\/fr\/wp-json\/wp\/v2\/posts\/338126\/revisions"}],"wp:featuredmedia":[{"embeddable":true,"href":"https:\/\/www.europesays.com\/fr\/wp-json\/wp\/v2\/media\/338127"}],"wp:attachment":[{"href":"https:\/\/www.europesays.com\/fr\/wp-json\/wp\/v2\/media?parent=338126"}],"wp:term":[{"taxonomy":"category","embeddable":true,"href":"https:\/\/www.europesays.com\/fr\/wp-json\/wp\/v2\/categories?post=338126"},{"taxonomy":"post_tag","embeddable":true,"href":"https:\/\/www.europesays.com\/fr\/wp-json\/wp\/v2\/tags?post=338126"}],"curies":[{"name":"wp","href":"https:\/\/api.w.org\/{rel}","templated":true}]}}