{"id":338138,"date":"2025-08-23T08:54:11","date_gmt":"2025-08-23T08:54:11","guid":{"rendered":"https:\/\/www.europesays.com\/fr\/338138\/"},"modified":"2025-08-23T08:54:11","modified_gmt":"2025-08-23T08:54:11","slug":"la-mer-saffaisse-dun-coup-des-chercheurs-decouvrent-un-trou-gravitationnel-geant-dans-locean-indien-qui-ecrase-la-science-etablie","status":"publish","type":"post","link":"https:\/\/www.europesays.com\/fr\/338138\/","title":{"rendered":"\u00ab La mer s\u2019affaisse d\u2019un coup \u00bb : des chercheurs d\u00e9couvrent un trou gravitationnel g\u00e9ant dans l\u2019oc\u00e9an Indien qui \u00e9crase la science \u00e9tablie"},"content":{"rendered":"<tr>\n<td><strong>EN BREF<\/strong><\/td>\n<\/tr>\n<tr>\n<td>\n<ul>\n<li>\ud83e\ude90 Une <strong>anomalie gravitationnelle<\/strong> sous l\u2019oc\u00e9an Indien intrigue les scientifiques par ses forces myst\u00e9rieuses.<\/li>\n<li>Les recherches montrent que cette anomalie date de plus de <strong>140 millions d\u2019ann\u00e9es<\/strong>, li\u00e9e \u00e0 l\u2019activit\u00e9 tectonique.<\/li>\n<li>\ud83d\udd0d Cette d\u00e9couverte pourrait <strong>r\u00e9volutionner<\/strong> notre compr\u00e9hension de la g\u00e9ophysique terrestre.<\/li>\n<li>\ud83c\udf0a L\u2019exploration sous-marine de la r\u00e9gion pr\u00e9sente des <strong>d\u00e9fis technologiques<\/strong> et logistiques majeurs.<\/li>\n<\/ul>\n<\/td>\n<\/tr>\n<p>Les profondeurs de l\u2019oc\u00e9an Indien sont le th\u00e9\u00e2tre d\u2019un ph\u00e9nom\u00e8ne intrigant qui fascine les scientifiques du monde entier. Un vaste creux gravitationnel, connu sous le nom de <strong>Indian Ocean Geoid Low (IOGL)<\/strong>, d\u00e9fie les lois de la gravit\u00e9 telles que nous les connaissons. Cette anomalie, qui remonte \u00e0 plus de 140 millions d\u2019ann\u00e9es, pourrait r\u00e9volutionner notre compr\u00e9hension de la g\u00e9ophysique terrestre. Cet article explore les origines, les implications et les d\u00e9fis associ\u00e9s \u00e0 cette d\u00e9couverte fascinante.<\/p>\n<p>Un ph\u00e9nom\u00e8ne qui d\u00e9fie la gravit\u00e9<\/p>\n<p>Le creux gravitationnel sous l\u2019oc\u00e9an Indien est une anomalie qui a laiss\u00e9 plus d\u2019un g\u00e9ophysicien perplexe. Dans cette r\u00e9gion, la gravit\u00e9 est significativement plus faible que dans les zones environnantes, cr\u00e9ant une d\u00e9pression de la surface de l\u2019eau d\u2019environ 106 m\u00e8tres. Cette diff\u00e9rence est due \u00e0 une variation de la r\u00e9partition de la masse sous la cro\u00fbte terrestre.<\/p>\n<p>Les chercheurs ont d\u00e9couvert que cette anomalie est li\u00e9e \u00e0 des forces cach\u00e9es profond\u00e9ment sous la Terre, probablement issues d\u2019activit\u00e9s tectoniques anciennes. Ces mouvements tectoniques auraient pu engendrer une r\u00e9partition in\u00e9gale de la masse, affectant ainsi la gravit\u00e9 locale. Comprendre ces m\u00e9canismes est essentiel pour r\u00e9v\u00e9ler l\u2019histoire tectonique de notre plan\u00e8te et sa dynamique interne.<\/p>\n<blockquote class=\"wp-embedded-content\" data-secret=\"mnGlQ0JnLr\">\n<p><a href=\"https:\/\/www.le-gaz.fr\/2025\/08\/11\/la-chine-relance-le-souffle-des-dragons-avec-un-dispositif-mythique-cense-detecter-les-signaux-sismiques-profonds-de-notre-planete\/\" rel=\"nofollow noopener\" target=\"_blank\">La Chine relance \u00ab le souffle des dragons \u00bb avec un dispositif mythique cens\u00e9 d\u00e9tecter les signaux sismiques profonds de notre plan\u00e8te<\/a><\/p>\n<\/blockquote>\n<p>Racines anciennes du IOGL<\/p>\n<p>L\u2019origine de l\u2019anomalie du IOGL pourrait \u00eatre li\u00e9e \u00e0 des \u00e9v\u00e9nements g\u00e9ologiques datant de plus de 140 millions d\u2019ann\u00e9es. \u00c0 cette \u00e9poque, les plaques tectoniques \u00e9taient en constante \u00e9volution, red\u00e9finissant les continents et les oc\u00e9ans. Ce mouvement incessant aurait pu provoquer des changements significatifs dans la structure terrestre, entra\u00eenant la formation du creux gravitationnel actuel.<\/p>\n<p>Le processus de subduction, dans lequel une plaque tectonique glisse sous une autre, est une hypoth\u00e8se cl\u00e9. Ce mouvement aurait pu provoquer des variations de densit\u00e9 et de composition des mat\u00e9riaux sous la surface, cr\u00e9ant une r\u00e9gion de faible gravit\u00e9. Des mod\u00e8les g\u00e9ophysiques avanc\u00e9s soutiennent cette th\u00e9orie, simulant les conditions de l\u2019\u00e9poque avec une pr\u00e9cision impressionnante.<\/p>\n<blockquote class=\"wp-embedded-content\" data-secret=\"yYi5M574W7\">\n<p><a href=\"https:\/\/www.le-gaz.fr\/2025\/08\/22\/on-a-trouve-des-geants-caches-des-scientifiques-stupefaits-devoilent-dimmenses-structures-sous-la-terre-qui-pulverisent-nos-certitudes\/\" rel=\"nofollow noopener\" target=\"_blank\">\u00ab On a trouv\u00e9 des g\u00e9ants cach\u00e9s \u00bb : des scientifiques stup\u00e9faits d\u00e9voilent d\u2019immenses structures sous la Terre qui pulv\u00e9risent nos certitudes<\/a><\/p>\n<\/blockquote>\n<p>Impact sur la g\u00e9ophysique terrestre<\/p>\n<p>La d\u00e9couverte de l\u2019IOGL pourrait bouleverser notre compr\u00e9hension de la g\u00e9ophysique terrestre. Elle remet en question certaines notions \u00e9tablies sur la r\u00e9partition de la masse \u00e0 l\u2019int\u00e9rieur de la Terre et pourrait mener \u00e0 des r\u00e9visions des mod\u00e8les g\u00e9ologiques actuels. Cette anomalie pourrait influencer notre compr\u00e9hension des interactions entre les plaques tectoniques et le manteau terrestre.<\/p>\n<p>Les chercheurs esp\u00e8rent que cette d\u00e9couverte encouragera de nouvelles \u00e9tudes explorant les profondeurs de l\u2019oc\u00e9an Indien et d\u2019autres r\u00e9gions similaires. Ces investigations pourraient fournir des indices cruciaux sur l\u2019\u00e9volution de la Terre et les forces cach\u00e9es qui fa\u00e7onnent notre plan\u00e8te, ouvrant la voie \u00e0 des avanc\u00e9es significatives dans le domaine de la g\u00e9ophysique.<\/p>\n<p>Les d\u00e9fis de l\u2019exploration sous-marine<\/p>\n<p>Explorer l\u2019anomalie gravitationnelle dans l\u2019oc\u00e9an Indien pose des d\u00e9fis technologiques et logistiques consid\u00e9rables. Les missions n\u00e9cessitent des \u00e9quipements capables de r\u00e9sister \u00e0 des pressions \u00e9normes et de collecter des donn\u00e9es pr\u00e9cises dans des environnements hostiles. De plus, ces explorations sont souvent co\u00fbteuses et n\u00e9cessitent une coop\u00e9ration internationale, car peu de pays poss\u00e8dent les ressources n\u00e9cessaires.<\/p>\n<p>Malgr\u00e9 ces obstacles, les scientifiques continuent de s\u2019efforcer de percer les myst\u00e8res de cette r\u00e9gion. Chaque d\u00e9couverte enrichit notre compr\u00e9hension de la Terre et pourrait d\u00e9boucher sur des avanc\u00e9es technologiques dans l\u2019exploration marine. Comment les chercheurs surmonteront-ils les d\u00e9fis associ\u00e9s \u00e0 l\u2019\u00e9tude de cette anomalie fascinante ?<\/p>\n<p>En fin de compte, l\u2019anomalie gravitationnelle sous l\u2019oc\u00e9an Indien repr\u00e9sente une opportunit\u00e9 unique d\u2019enrichir notre compr\u00e9hension de la plan\u00e8te. Alors que les scientifiques continuent d\u2019explorer ses secrets, de nombreuses questions demeurent. Quels autres myst\u00e8res notre plan\u00e8te rec\u00e8le-t-elle encore dans ses profondeurs inexplor\u00e9es ?<\/p>\n<p>Cet article s\u2019appuie sur des sources v\u00e9rifi\u00e9es et l\u2019assistance de technologies \u00e9ditoriales.<\/p>\n<p id=\"rating\">\u00c7a vous a plu ?\u00a04.4\/5 (29)<\/p>\n","protected":false},"excerpt":{"rendered":"EN BREF \ud83e\ude90 Une anomalie gravitationnelle sous l\u2019oc\u00e9an Indien intrigue les scientifiques par ses forces myst\u00e9rieuses. Les recherches&hellip;\n","protected":false},"author":2,"featured_media":338139,"comment_status":"","ping_status":"","sticky":false,"template":"","format":"standard","meta":{"footnotes":""},"categories":[7],"tags":[1011,27,43,40,41,39,42,44],"class_list":{"0":"post-338138","1":"post","2":"type-post","3":"status-publish","4":"format-standard","5":"has-post-thumbnail","7":"category-sciences-et-technologies","8":"tag-fr","9":"tag-france","10":"tag-science","11":"tag-science-and-technology","12":"tag-sciences","13":"tag-sciences-et-technologies","14":"tag-technologies","15":"tag-technology"},"share_on_mastodon":{"url":"https:\/\/pubeurope.com\/@fr\/115077242134682017","error":""},"_links":{"self":[{"href":"https:\/\/www.europesays.com\/fr\/wp-json\/wp\/v2\/posts\/338138","targetHints":{"allow":["GET"]}}],"collection":[{"href":"https:\/\/www.europesays.com\/fr\/wp-json\/wp\/v2\/posts"}],"about":[{"href":"https:\/\/www.europesays.com\/fr\/wp-json\/wp\/v2\/types\/post"}],"author":[{"embeddable":true,"href":"https:\/\/www.europesays.com\/fr\/wp-json\/wp\/v2\/users\/2"}],"replies":[{"embeddable":true,"href":"https:\/\/www.europesays.com\/fr\/wp-json\/wp\/v2\/comments?post=338138"}],"version-history":[{"count":0,"href":"https:\/\/www.europesays.com\/fr\/wp-json\/wp\/v2\/posts\/338138\/revisions"}],"wp:featuredmedia":[{"embeddable":true,"href":"https:\/\/www.europesays.com\/fr\/wp-json\/wp\/v2\/media\/338139"}],"wp:attachment":[{"href":"https:\/\/www.europesays.com\/fr\/wp-json\/wp\/v2\/media?parent=338138"}],"wp:term":[{"taxonomy":"category","embeddable":true,"href":"https:\/\/www.europesays.com\/fr\/wp-json\/wp\/v2\/categories?post=338138"},{"taxonomy":"post_tag","embeddable":true,"href":"https:\/\/www.europesays.com\/fr\/wp-json\/wp\/v2\/tags?post=338138"}],"curies":[{"name":"wp","href":"https:\/\/api.w.org\/{rel}","templated":true}]}}