{"id":338140,"date":"2025-08-23T08:55:10","date_gmt":"2025-08-23T08:55:10","guid":{"rendered":"https:\/\/www.europesays.com\/fr\/338140\/"},"modified":"2025-08-23T08:55:10","modified_gmt":"2025-08-23T08:55:10","slug":"a-radio-france-les-syndicats-appellent-a-une-greve-illimitee-a-partir-de-lundi","status":"publish","type":"post","link":"https:\/\/www.europesays.com\/fr\/338140\/","title":{"rendered":"A Radio France, les syndicats appellent \u00e0 une gr\u00e8ve illimit\u00e9e\u00a0\u00e0 partir de lundi"},"content":{"rendered":"<p>                          <img loading=\"lazy\" decoding=\"async\" src=\"https:\/\/www.europesays.com\/fr\/wp-content\/uploads\/2025\/08\/a03dced_upload-1-2chi28hhbrfp-000-666m28g.jpg\" alt=\"La si\u00e8ge de Radio France, \u00e0 Paris, le 8\u00a0juillet 2025. \"   width=\"664\" height=\"443\"\/>    La si\u00e8ge de Radio France, \u00e0 Paris, le 8\u00a0juillet 2025.  JOEL SAGET\/AFP                    <\/p>\n<p class=\"article__paragraph  \">A Radio France, la rentr\u00e9e s\u2019annonce agit\u00e9e\u00a0: vent debout contre des projets de r\u00e9organisation, les syndicats appellent \u00e0 une gr\u00e8ve illimit\u00e9e \u00e0 partir de lundi 25\u00a0ao\u00fbt, qui pourrait perturber les antennes du groupe public, dont la matinale de France Inter, la premi\u00e8re du pays. Le pr\u00e9avis de gr\u00e8ve illimit\u00e9e a \u00e9t\u00e9 d\u00e9pos\u00e9 le 11\u00a0juillet par les syndicats CFDT, CGT, FO, SNJ, SUD et UNSA.<\/p>\n<p>                                      Lire aussi |  Article r\u00e9serv\u00e9 \u00e0 nos abonn\u00e9s  <a href=\"https:\/\/www.lemonde.fr\/economie\/article\/2025\/08\/21\/a-radio-france-comme-a-france-televisions-la-rentree-s-annonce-complexe_6633133_3234.html\" class=\"js-article-read-also catcher--favoris__link\" data-premium=\"1\" id=\"article-title-3435019\" rel=\"nofollow noopener\" target=\"_blank\">A Radio France comme \u00e0 France T\u00e9l\u00e9visions, la rentr\u00e9e s\u2019annonce complexe<\/a>    <\/p>\n<p>   Lire plus tard  <\/p>\n<p class=\"article__paragraph  \">Les grilles de rentr\u00e9e reprennent d\u00e8s lundi, apr\u00e8s la parenth\u00e8se estivale et avant celles des t\u00e9l\u00e9visions. La matinale d\u2019Inter doit accueillir ce jour-l\u00e0 les premiers pas de sa recrue vedette, Benjamin Duhamel. Le transfuge de BFM-TV rejoint la voix principale de la matinale, Nicolas Demorand, apr\u00e8s le d\u00e9part de L\u00e9a Salam\u00e9 pour le 20\u00a0heures de France 2.<\/p>\n<p class=\"article__paragraph  \">Les syndicats rejettent plusieurs r\u00e9formes voulues par la patronne du groupe, Sibyle Veil, dont l\u2019arr\u00eat de la radio Le Mouv\u2019sur la FM, des changements \u00e9ditoriaux au sein d\u2019Ici (ex-France Bleu, le r\u00e9seau des radios locales publiques) et l\u2019arr\u00eat d\u2019\u00e9missions d\u2019investigation et de reportage.<\/p>\n<p class=\"article__paragraph  \">\u00ab\u00a0Pour la premi\u00e8re fois de notre histoire r\u00e9cente, la rentr\u00e9e radiophonique pourrait ne pas avoir lieu\u00a0\u00bb, ont menac\u00e9 les syndicats dans un communiqu\u00e9 commun jeudi. Des discussions men\u00e9es vendredi avec la direction n\u2019ont pas abouti \u00e0 la lev\u00e9e du pr\u00e9avis. \u00ab\u00a0Pour l\u2019heure, la direction refuse la moindre concession ou de revenir sur les projets les plus n\u00e9fastes pour les \u00e9quipes et les antennes\u00a0\u00bb, ont d\u00e9plor\u00e9 les syndicats dans un communiqu\u00e9 vendredi soir.<\/p>\n<p>              Un rendez-vous entre syndicats et direction pr\u00e9vu lundi              <\/p>\n<p class=\"article__paragraph  \">La direction du groupe a de son c\u00f4t\u00e9 assur\u00e9 samedi 23\u00a0ao\u00fbt avoir \u00ab\u00a0fait des propositions sur les diff\u00e9rents sujets en cours de discussion, dans l\u2019objectif d\u2019une lev\u00e9e du pr\u00e9avis\u00a0\u00bb. \u00ab\u00a0Ceci n\u2019ayant pas abouti ce jour, la direction se tient pr\u00eate \u00e0 la poursuite des n\u00e9gociations au plus vite\u00a0: rendez-vous a \u00e9t\u00e9 conjointement fix\u00e9 lundi. Il y a, des deux c\u00f4t\u00e9s, une volont\u00e9 de sortir de la situation au plus vite, dans l\u2019int\u00e9r\u00eat des auditeurs\u00a0\u00bb, a-t-elle poursuivi.<\/p>\n<p class=\"article__paragraph  \">Une premi\u00e8re gr\u00e8ve, tr\u00e8s suivie, avait eu lieu du 26 au 29\u00a0juin. Elle avait imm\u00e9diatement \u00e9t\u00e9 suivie d\u2019une deuxi\u00e8me, mais pour un motif diff\u00e9rent. Il s\u2019agissait de protester contre le projet de r\u00e9forme de l\u2019audiovisuel public port\u00e9 par la ministre de la culture, Rachida Dati. Il pr\u00e9voit de cr\u00e9er une holding, France M\u00e9dias, qui chapeauterait France T\u00e9l\u00e9visions, Radio France et l\u2019INA (Institut national de l\u2019audiovisuel).<\/p>\n<p>                                 Lire aussi |  Article r\u00e9serv\u00e9 \u00e0 nos abonn\u00e9s  <a href=\"https:\/\/www.lemonde.fr\/economie\/article\/2025\/07\/10\/vincent-meslet-numero-deux-de-radio-france-defend-la-strategie-de-la-direction-critiquee-en-interne_6620435_3234.html\" class=\"js-article-read-also catcher--favoris__link\" data-premium=\"1\" id=\"article-title-3430831\" rel=\"nofollow noopener\" target=\"_blank\">Vincent Meslet, num\u00e9ro\u00a0deux de Radio France, d\u00e9fend la strat\u00e9gie de la direction critiqu\u00e9e en interne<\/a>    <\/p>\n<p>   Lire plus tard  <\/p>\n<p class=\"article__paragraph  \">Apr\u00e8s un parcours parlementaire heurt\u00e9, ce texte devrait revenir \u00e0 l\u2019Assembl\u00e9e nationale \u00e0 l\u2019automne. Il a \u00e9t\u00e9 adopt\u00e9 en juillet par le S\u00e9nat, o\u00f9 les d\u00e9bats ont \u00e9t\u00e9 \u00e9court\u00e9s par le choix de la ministre d\u2019employer l\u2019arme constitutionnelle du vote bloqu\u00e9.<\/p>\n<p class=\"article__paragraph  \">Selon les derni\u00e8res mesures d\u2019audience de M\u00e9diam\u00e9trie, publi\u00e9es d\u00e9but juillet, Radio France a enregistr\u00e9 une saison 2024-2025 record sur plusieurs antennes et France Inter a augment\u00e9 son avance comme premi\u00e8re radio du pays.<\/p>\n<p class=\"author__detail\">  Le Monde avec AFP  <\/p>\n<p>                  <a href=\"https:\/\/www.lemonde.fr\/syndication\/\" class=\"reuse__content\" title=\"R\u00e9utiliser ce contenu\" target=\"_blank\" rel=\"nofollow noopener\">R\u00e9utiliser ce contenu<\/a>      <\/p>\n","protected":false},"excerpt":{"rendered":"La si\u00e8ge de Radio France, \u00e0 Paris, le 8\u00a0juillet 2025. JOEL SAGET\/AFP A Radio France, la rentr\u00e9e s\u2019annonce&hellip;\n","protected":false},"author":2,"featured_media":338141,"comment_status":"","ping_status":"","sticky":false,"template":"","format":"standard","meta":{"footnotes":""},"categories":[6],"tags":[35,33,34,1011,27],"class_list":{"0":"post-338140","1":"post","2":"type-post","3":"status-publish","4":"format-standard","5":"has-post-thumbnail","7":"category-economie","8":"tag-business","9":"tag-economie","10":"tag-economy","11":"tag-fr","12":"tag-france"},"share_on_mastodon":{"url":"https:\/\/pubeurope.com\/@fr\/115077246085727898","error":""},"_links":{"self":[{"href":"https:\/\/www.europesays.com\/fr\/wp-json\/wp\/v2\/posts\/338140","targetHints":{"allow":["GET"]}}],"collection":[{"href":"https:\/\/www.europesays.com\/fr\/wp-json\/wp\/v2\/posts"}],"about":[{"href":"https:\/\/www.europesays.com\/fr\/wp-json\/wp\/v2\/types\/post"}],"author":[{"embeddable":true,"href":"https:\/\/www.europesays.com\/fr\/wp-json\/wp\/v2\/users\/2"}],"replies":[{"embeddable":true,"href":"https:\/\/www.europesays.com\/fr\/wp-json\/wp\/v2\/comments?post=338140"}],"version-history":[{"count":0,"href":"https:\/\/www.europesays.com\/fr\/wp-json\/wp\/v2\/posts\/338140\/revisions"}],"wp:featuredmedia":[{"embeddable":true,"href":"https:\/\/www.europesays.com\/fr\/wp-json\/wp\/v2\/media\/338141"}],"wp:attachment":[{"href":"https:\/\/www.europesays.com\/fr\/wp-json\/wp\/v2\/media?parent=338140"}],"wp:term":[{"taxonomy":"category","embeddable":true,"href":"https:\/\/www.europesays.com\/fr\/wp-json\/wp\/v2\/categories?post=338140"},{"taxonomy":"post_tag","embeddable":true,"href":"https:\/\/www.europesays.com\/fr\/wp-json\/wp\/v2\/tags?post=338140"}],"curies":[{"name":"wp","href":"https:\/\/api.w.org\/{rel}","templated":true}]}}