{"id":338144,"date":"2025-08-23T08:57:13","date_gmt":"2025-08-23T08:57:13","guid":{"rendered":"https:\/\/www.europesays.com\/fr\/338144\/"},"modified":"2025-08-23T08:57:13","modified_gmt":"2025-08-23T08:57:13","slug":"les-streamers-naruto-et-safine-ont-continue-a-lui-infliger-des-sevices-en-sachant-son-etat-de-sante-fragile-liberation","status":"publish","type":"post","link":"https:\/\/www.europesays.com\/fr\/338144\/","title":{"rendered":"les streamers Naruto et Safine ont continu\u00e9 \u00e0 lui infliger des s\u00e9vices en sachant son \u00e9tat de sant\u00e9 fragile \u2013 Lib\u00e9ration"},"content":{"rendered":"<p class=\"sc-ksZaOG ehjQrN text-element\">Quatre jours apr\u00e8s mort d\u00e9c\u00e8s de Jean Pormanove (Rapha\u00ebl Graven, de son vrai nom) lors d\u2019un stream en direct, les premi\u00e8res conclusions de l\u2019autopsie, r\u00e9alis\u00e9e le 21 ao\u00fbt, ont \u00e9tabli l\u2019absence de l\u00e9sions internes et externes pouvant expliquer le d\u00e9c\u00e8s. Sa mort \u00abn\u2019a pas une origine traumatique et n\u2019est pas en lien avec l\u2019intervention d\u2019un tiers\u00bb. \u00abLes causes probables du d\u00e9c\u00e8s apparaissent donc d\u2019origine m\u00e9dicale et \/ou toxicologique.\u00bb Rien ne permet en l\u2019\u00e9tat de lier la mort du streamer aux s\u00e9vices qu\u2019il subissait lors de ces live.<\/p>\n<p class=\"sc-ksZaOG ehjQrN text-element\">Mais ce qui appara\u00eet s\u00fbr en revanche, c\u2019est que les \u00abassoci\u00e9s\u00bb de Jean Pormanove, Naruto (Owen Cenazandotti) et Safin (Safine Hamadi), ont inflig\u00e9 au quadrag\u00e9naire (46 ans au moment de sa mort) <a href=\"https:\/\/www.liberation.fr\/checknews\/que-sait-on-de-la-mort-en-direct-du-streamer-jean-pormanove-victime-de-violences-et-dhumiliations-en-ligne-20250819_AW775T65LFHGPDVR54F4IBCY44\/\" target=\"_blank\" rel=\"noopener\" title=\"https:\/\/www.liberation.fr\/checknews\/que-sait-on-de-la-mort-en-direct-du-streamer-jean-pormanove-victime-de-violences-et-dhumiliations-en-ligne-20250819_AW775T65LFHGPDVR54F4IBCY44\/\">des violences et humiliations<\/a> tout en sachant que son \u00e9tat de sant\u00e9 se d\u00e9gradait. C\u2019est la conclusion qui s\u2019impose \u00e0 la vision de multiples extraits de directs, et qui contredit les propos tenus par l\u2019avocat de \u00abNaruto\u00bb.<\/p>\n<p class=\"sc-ksZaOG ehjQrN text-element\">Invit\u00e9 sur le plateau de BFM TV le soir du 21 ao\u00fbt, l\u2019avocat, Philippe-Henry Honegger, qui a par ailleurs r\u00e9p\u00e9t\u00e9 que les v<\/p>\n","protected":false},"excerpt":{"rendered":"Quatre jours apr\u00e8s mort d\u00e9c\u00e8s de Jean Pormanove (Rapha\u00ebl Graven, de son vrai nom) lors d\u2019un stream en&hellip;\n","protected":false},"author":2,"featured_media":338145,"comment_status":"","ping_status":"","sticky":false,"template":"","format":"standard","meta":{"footnotes":""},"categories":[4],"tags":[11,1011,27,47018,12,25,938,2439],"class_list":{"0":"post-338144","1":"post","2":"type-post","3":"status-publish","4":"format-standard","5":"has-post-thumbnail","7":"category-france","8":"tag-actualites","9":"tag-fr","10":"tag-france","11":"tag-jean-pormanove","12":"tag-news","13":"tag-republique-francaise","14":"tag-reseaux-sociaux","15":"tag-tiktok"},"share_on_mastodon":{"url":"https:\/\/pubeurope.com\/@fr\/115077253907432501","error":""},"_links":{"self":[{"href":"https:\/\/www.europesays.com\/fr\/wp-json\/wp\/v2\/posts\/338144","targetHints":{"allow":["GET"]}}],"collection":[{"href":"https:\/\/www.europesays.com\/fr\/wp-json\/wp\/v2\/posts"}],"about":[{"href":"https:\/\/www.europesays.com\/fr\/wp-json\/wp\/v2\/types\/post"}],"author":[{"embeddable":true,"href":"https:\/\/www.europesays.com\/fr\/wp-json\/wp\/v2\/users\/2"}],"replies":[{"embeddable":true,"href":"https:\/\/www.europesays.com\/fr\/wp-json\/wp\/v2\/comments?post=338144"}],"version-history":[{"count":0,"href":"https:\/\/www.europesays.com\/fr\/wp-json\/wp\/v2\/posts\/338144\/revisions"}],"wp:featuredmedia":[{"embeddable":true,"href":"https:\/\/www.europesays.com\/fr\/wp-json\/wp\/v2\/media\/338145"}],"wp:attachment":[{"href":"https:\/\/www.europesays.com\/fr\/wp-json\/wp\/v2\/media?parent=338144"}],"wp:term":[{"taxonomy":"category","embeddable":true,"href":"https:\/\/www.europesays.com\/fr\/wp-json\/wp\/v2\/categories?post=338144"},{"taxonomy":"post_tag","embeddable":true,"href":"https:\/\/www.europesays.com\/fr\/wp-json\/wp\/v2\/tags?post=338144"}],"curies":[{"name":"wp","href":"https:\/\/api.w.org\/{rel}","templated":true}]}}