{"id":338160,"date":"2025-08-23T09:07:23","date_gmt":"2025-08-23T09:07:23","guid":{"rendered":"https:\/\/www.europesays.com\/fr\/338160\/"},"modified":"2025-08-23T09:07:23","modified_gmt":"2025-08-23T09:07:23","slug":"eboulement-en-haute-savoie-un-etudiant-de-rouen-parmi-les-victimes","status":"publish","type":"post","link":"https:\/\/www.europesays.com\/fr\/338160\/","title":{"rendered":"\u00c9boulement en Haute-Savoie\u00a0: un \u00e9tudiant de Rouen parmi les victimes"},"content":{"rendered":"<p>Un \u00e9tudiant de Rouen fait partie des deux victimes de l&rsquo;\u00e9boulement sur une route nationale, pr\u00e8s de Chamonix (Haute-Savoie), cette semaine. Son \u00e9cole organise un temps de recueillement.<\/p>\n<p>Un \u00e9tudiant install\u00e9 \u00e0 Rouen figure parmi les victimes de <a class=\"IciLink ici-link IciArticleLink g-ici-body-regular-1 underline brand svelte-lu7k6w\" href=\"https:\/\/www.francebleu.fr\/infos\/faits-divers-justice\/haute-savoie-accident-grave-sur-la-rn205-suite-a-un-eboulement-une-voiture-sur-le-toit-4527895\" rel=\"nofollow noopener\" target=\"_blank\">l&rsquo;\u00e9boulement de cette semaine, en Haute-Savoie<\/a>. Pr\u00e8s de Chamonix. Ce mercredi 20 ao\u00fbt, un rocher s&rsquo;est d\u00e9tach\u00e9 au-dessus d&rsquo;une route nationale, venant \u00e9craser l&rsquo;arri\u00e8re d&rsquo;un v\u00e9hicule circulant sur cette RN 205.<\/p>\n<p>Un \u00e9boulement qui a fait deux morts, dont Hugo, \u00e2g\u00e9 de 23 ans et \u00e9tudiant en mast\u00e8re de gestion du patrimoine dans une \u00e9cole de commerce, l&rsquo;ESG, situ\u00e9e \u00e0 Bois-Guillaume. Il \u00e9tait \u00e0 l&rsquo;arri\u00e8re de cette voiture, avec sa petite amie. \u00c0 l&rsquo;avant, ses deux parents. Le p\u00e8re est gravement bless\u00e9, la m\u00e8re plus l\u00e9g\u00e8rement. Leurs pronostics vitaux ne sont pas engag\u00e9s.<\/p>\n<p>La famille \u00e9tait originaire de Picardie, mais le jeune homme \u00e9tait donc \u00e9tudiant \u00e0 Rouen. Ce lundi, son \u00e9cole organisera par visioconf\u00e9rence un temps pour revenir sur ce drame, avec une psychologue.<\/p>\n<p>\u00c0 lire aussi   <img decoding=\"async\" src=\"https:\/\/www.europesays.com\/fr\/wp-content\/uploads\/2025\/08\/1755940043_176_560x315\" alt=\"La RN 205 est bloqu\u00e9e par les agents de l'ATMB, le temps que la route soit d\u00e9gag\u00e9e.\" style=\"--_image-preview:url('data:image\/jpeg;base64,\/9j\/2wBDACgcHiMeGSgjISMtKygwPGRBPDc3PHtYXUlkkYCZlo+AjIqgtObDoKrarYqMyP\/L2u71\/\/\/\/m8H\/\/\/\/6\/+b9\/\/j\/2wBDASstLTw1PHZBQXb4pYyl+Pj4+Pj4+Pj4+Pj4+Pj4+Pj4+Pj4+Pj4+Pj4+Pj4+Pj4+Pj4+Pj4+Pj4+Pj4+Pj4+Pj\/wAARCAAXACoDASIAAhEBAxEB\/8QAFwABAQEBAAAAAAAAAAAAAAAAAgABBP\/EABYQAQEBAAAAAAAAAAAAAAAAAAABEf\/EABUBAQEAAAAAAAAAAAAAAAAAAAAB\/8QAFBEBAAAAAAAAAAAAAAAAAAAAAP\/aAAwDAQACEQMRAD8Aa1jLQLWWjaNqDbR0bR1R00akAWjakAWs1IH\/2Q==');\" loading=\"lazy\" fetchpriority=\"low\" aria-hidden=\"true\" class=\"svelte-1pnmlwx rounded\" onload=\"this.__e=event\" onerror=\"this.__e=event\"\/><\/p>\n","protected":false},"excerpt":{"rendered":"Un \u00e9tudiant de Rouen fait partie des deux victimes de l&rsquo;\u00e9boulement sur une route nationale, pr\u00e8s de Chamonix&hellip;\n","protected":false},"author":2,"featured_media":338161,"comment_status":"","ping_status":"","sticky":false,"template":"","format":"standard","meta":{"footnotes":""},"categories":[9587],"tags":[1111,11,1777,674,1011,27,12,5161,25,9590],"class_list":{"0":"post-338160","1":"post","2":"type-post","3":"status-publish","4":"format-standard","5":"has-post-thumbnail","7":"category-rouen","8":"tag-actu","9":"tag-actualites","10":"tag-eu","11":"tag-europe","12":"tag-fr","13":"tag-france","14":"tag-news","15":"tag-normandie","16":"tag-republique-francaise","17":"tag-rouen"},"share_on_mastodon":{"url":"https:\/\/pubeurope.com\/@fr\/115077293568633999","error":""},"_links":{"self":[{"href":"https:\/\/www.europesays.com\/fr\/wp-json\/wp\/v2\/posts\/338160","targetHints":{"allow":["GET"]}}],"collection":[{"href":"https:\/\/www.europesays.com\/fr\/wp-json\/wp\/v2\/posts"}],"about":[{"href":"https:\/\/www.europesays.com\/fr\/wp-json\/wp\/v2\/types\/post"}],"author":[{"embeddable":true,"href":"https:\/\/www.europesays.com\/fr\/wp-json\/wp\/v2\/users\/2"}],"replies":[{"embeddable":true,"href":"https:\/\/www.europesays.com\/fr\/wp-json\/wp\/v2\/comments?post=338160"}],"version-history":[{"count":0,"href":"https:\/\/www.europesays.com\/fr\/wp-json\/wp\/v2\/posts\/338160\/revisions"}],"wp:featuredmedia":[{"embeddable":true,"href":"https:\/\/www.europesays.com\/fr\/wp-json\/wp\/v2\/media\/338161"}],"wp:attachment":[{"href":"https:\/\/www.europesays.com\/fr\/wp-json\/wp\/v2\/media?parent=338160"}],"wp:term":[{"taxonomy":"category","embeddable":true,"href":"https:\/\/www.europesays.com\/fr\/wp-json\/wp\/v2\/categories?post=338160"},{"taxonomy":"post_tag","embeddable":true,"href":"https:\/\/www.europesays.com\/fr\/wp-json\/wp\/v2\/tags?post=338160"}],"curies":[{"name":"wp","href":"https:\/\/api.w.org\/{rel}","templated":true}]}}