{"id":338164,"date":"2025-08-23T09:11:17","date_gmt":"2025-08-23T09:11:17","guid":{"rendered":"https:\/\/www.europesays.com\/fr\/338164\/"},"modified":"2025-08-23T09:11:17","modified_gmt":"2025-08-23T09:11:17","slug":"ligue-2-on-a-forcement-des-regrets-le-gf38-encore-battu-a-clermont","status":"publish","type":"post","link":"https:\/\/www.europesays.com\/fr\/338164\/","title":{"rendered":"Ligue 2. \u00ab On a forc\u00e9ment des regrets \u00bb : le GF38 encore battu \u00e0 Clermont"},"content":{"rendered":"<p class=\"insetTitle\">R\u00e9action &#8211; \u00ab On doit \u00eatre mieux dans notre jeu \u00bb<\/p>\n<p><strong>Franck Rizzetto (Grenoble, entra\u00eeneur)<\/strong>\u00a0: \u00ab\u00a0On a forc\u00e9ment des regrets. C\u2019est la premi\u00e8re fois qu\u2019on menait au score cette saison. Apr\u00e8s, c\u2019est vraiment dommage de se faire remonter, surtout de la mani\u00e8re dont on a pris le deuxi\u00e8me but. Le premier (contre son camp, par Sarikaya), \u00e7a peut arriver, m\u00eame si on ne doit pas se faire d\u00e9border. Mais c\u2019est tr\u00e8s frustrant. Il a manqu\u00e9 trop de choses aujourd\u2019hui, notamment de la justesse technique, pour pouvoir gagner ce match. On doit \u00eatre mieux dans notre jeu, plus saignant, plus vif, et \u00e7a nous manque souvent un petit peu. Par rapport aux deux premiers matchs, o\u00f9 on n\u2019avait jou\u00e9 que 25 minutes, on a quand m\u00eame rivalis\u00e9 sur plus de dur\u00e9e. Pour autant, on doit mieux faire quand m\u00eame\u00a0: plus tonique d\u00e9fensivement et meilleur dans la tenue du ballon. On se met \u00e0 d\u00e9faut, m\u00eame quand il n\u2019y a pas la pression de l\u2019adversaire. C\u2019est pas normal. \u00bb<\/p>\n<p><strong>S\u00e9bastien Mazeyrat (Clermont, co-entra\u00eeneur)<\/strong>\u00a0: \u00ab\u00a0Ouvrir le compteur victoires, \u00e7a fait du bien. Surtout, \u00e7a vient valider une bonne semaine de travail \u00e0 l\u2019entra\u00eenement. J\u2019ai dit aux joueurs que c\u2019est bien de se r\u00e9compenser le week-end, parce que les gens ne voient pas tout ce qu\u2019on fait la semaine. Ce qui a fait la diff\u00e9rence\u00a0? On a toujours cru en nos capacit\u00e9s, m\u00eame apr\u00e8s l\u2019ouverture du score\u00a0; c\u2019\u00e9tait d\u2019ailleurs le moment o\u00f9 on \u00e9tait le mieux dans le match, je pense. On est rest\u00e9 fid\u00e8le \u00e0 ce qu\u2019on voulait faire. Je suis fier qu\u2019on n\u2019ait pas baiss\u00e9 la t\u00eate et d\u2019avoir gard\u00e9 cette force mentale. Sur l\u2019ensemble du match et la ma\u00eetrise qu\u2019on a montr\u00e9e, le r\u00e9sultat est plut\u00f4t logique. Etre 2e, apr\u00e8s les deux derni\u00e8res saisons qu\u2019on vient de traverser, \u00e7a met du baume au c\u0153ur.\u00a0\u00bb<\/p>\n","protected":false},"excerpt":{"rendered":"R\u00e9action &#8211; \u00ab On doit \u00eatre mieux dans notre jeu \u00bb Franck Rizzetto (Grenoble, entra\u00eeneur)\u00a0: \u00ab\u00a0On a forc\u00e9ment&hellip;\n","protected":false},"author":2,"featured_media":338165,"comment_status":"","ping_status":"","sticky":false,"template":"","format":"standard","meta":{"footnotes":""},"categories":[9566],"tags":[1111,11,2430,112,1777,674,107,1701,63,1011,27,12637,2731,2732,108,12636,12,25,517,1947],"class_list":{"0":"post-338164","1":"post","2":"type-post","3":"status-publish","4":"format-standard","5":"has-post-thumbnail","7":"category-grenoble","8":"tag-actu","9":"tag-actualites","10":"tag-auvergne-rhone-alpes","11":"tag-edition-grenoble-agglomeration","12":"tag-eu","13":"tag-europe","14":"tag-fil-info","15":"tag-fil-info-sport","16":"tag-football","17":"tag-fr","18":"tag-france","19":"tag-gf38-grenoble-foot-38","20":"tag-grenoble","21":"tag-grenoble-bassin","22":"tag-isere","23":"tag-ligue-2-football","24":"tag-news","25":"tag-republique-francaise","26":"tag-sport","27":"tag-sport-national"},"share_on_mastodon":{"url":"https:\/\/pubeurope.com\/@fr\/115077308947009365","error":""},"_links":{"self":[{"href":"https:\/\/www.europesays.com\/fr\/wp-json\/wp\/v2\/posts\/338164","targetHints":{"allow":["GET"]}}],"collection":[{"href":"https:\/\/www.europesays.com\/fr\/wp-json\/wp\/v2\/posts"}],"about":[{"href":"https:\/\/www.europesays.com\/fr\/wp-json\/wp\/v2\/types\/post"}],"author":[{"embeddable":true,"href":"https:\/\/www.europesays.com\/fr\/wp-json\/wp\/v2\/users\/2"}],"replies":[{"embeddable":true,"href":"https:\/\/www.europesays.com\/fr\/wp-json\/wp\/v2\/comments?post=338164"}],"version-history":[{"count":0,"href":"https:\/\/www.europesays.com\/fr\/wp-json\/wp\/v2\/posts\/338164\/revisions"}],"wp:featuredmedia":[{"embeddable":true,"href":"https:\/\/www.europesays.com\/fr\/wp-json\/wp\/v2\/media\/338165"}],"wp:attachment":[{"href":"https:\/\/www.europesays.com\/fr\/wp-json\/wp\/v2\/media?parent=338164"}],"wp:term":[{"taxonomy":"category","embeddable":true,"href":"https:\/\/www.europesays.com\/fr\/wp-json\/wp\/v2\/categories?post=338164"},{"taxonomy":"post_tag","embeddable":true,"href":"https:\/\/www.europesays.com\/fr\/wp-json\/wp\/v2\/tags?post=338164"}],"curies":[{"name":"wp","href":"https:\/\/api.w.org\/{rel}","templated":true}]}}