{"id":338168,"date":"2025-08-23T09:13:10","date_gmt":"2025-08-23T09:13:10","guid":{"rendered":"https:\/\/www.europesays.com\/fr\/338168\/"},"modified":"2025-08-23T09:13:10","modified_gmt":"2025-08-23T09:13:10","slug":"au-festival-du-roi-arthur-pres-de-rennes-justice-enflamme-le-public-cetait-le-plus-beau-concert-de-ma-vie","status":"publish","type":"post","link":"https:\/\/www.europesays.com\/fr\/338168\/","title":{"rendered":"Au festival du Roi Arthur, pr\u00e8s de Rennes, Justice enflamme le public\u00a0: \u00ab\u00a0C\u2019\u00e9tait le plus beau concert de ma vie\u00a0\u00bb"},"content":{"rendered":"<p>Il est tout juste minuit. Les lumi\u00e8res de la sc\u00e8ne Excalibur sont \u00e9teintes depuis une bonne dizaine de minutes, d\u00e9j\u00e0. Mais elle \u00e9tait toujours l\u00e0, les yeux encore embu\u00e9s, dans la nuit noire. Et d\u2019avouer apr\u00e8s le show de Justice, des tr\u00e9molos dans la voix : \u00ab C\u2019\u00e9tait le plus beau concert de ma vie \u00bb. Agent d\u2019entretien \u00e0 Rennes, Faustine (le pr\u00e9nom a \u00e9t\u00e9 modifi\u00e9 \u00e0 sa demande), 39 ans, dit avoir \u00e9conomis\u00e9 \u00ab de longs mois \u00bb pour s\u2019offrir ce concert et un pass trois jours avec sa fille de 16 ans. \u00ab Je ne regrette pas un seul instant, j\u2019ai v\u00e9cu un moment suspendu dans le temps \u00bb. <\/p>\n<p>\u00ab Incroyable, magnifique et magique \u00bb<\/p>\n<p>T\u00eate d\u2019affiche du Roi Arthur \u00e0 Br\u00e9al-sous-Montfort (35), le c\u00e9l\u00e8bre duo \u00e9lectro fran\u00e7ais compos\u00e9 de Gaspard Aug\u00e9 et Xavier de Rosnay a fait chavirer le c\u0153ur des Bretons pour l\u2019ouverture du festival, ce vendredi 22 ao\u00fbt 2025. Confirmant ainsi que les deux comp\u00e8res restaient au sommet de la \u00ab french touch \u00bb. Leur quatri\u00e8me et dernier album \u00ab Hyperdrama \u00bb a fait danser la foule. Leur titre \u00ab Neverender \u00bb avec. <\/p>\n<p>\u00ab C\u2019\u00e9tait fort et intense. On en a eu plein les yeux \u00bb, r\u00e9sume, par exemple, \u00c9l\u00e9onore Cl\u00e9ot, 28 ans, venue sp\u00e9cialement du Morbihan pour Justice avec trois copines. Accoud\u00e9 au comptoir, L\u00e9o Cordot, lui, dit avoir \u00ab pris une claque \u00bb. Incroyable, magnifique et magique \u00bb, \u00e9num\u00e8re le jeune homme de 24 ans en \u00e9tudes \u00e0 Rennes. \u00ab Je me suis \u00e9clat\u00e9 comme jamais, c\u2019est un groupe ind\u00e9modable. \u00bb Et d\u2019ajouter : Mon p\u00e8re \u00e9tait \u00e0 deux doigts de prendre sa place et de venir avec mes potes et moi en festival. \u00bb<\/p>\n<p>\u00c0 la crois\u00e9e des g\u00e9n\u00e9rations et des genres, Justice a \u00e9galement \u00e9bloui la sc\u00e8ne bretonne par son show tout en couleur. Des lumi\u00e8res bleues, rouges, jaunes en veux-tu en voil\u00e0, un public conquis et rajeuni depuis les d\u00e9buts du duo en 2003\u2026 Le Roi Arthur s\u2019en souviendra longtemps. Faustine et les autres, aussi.<\/p>\n","protected":false},"excerpt":{"rendered":"Il est tout juste minuit. Les lumi\u00e8res de la sc\u00e8ne Excalibur sont \u00e9teintes depuis une bonne dizaine de&hellip;\n","protected":false},"author":2,"featured_media":338169,"comment_status":"","ping_status":"","sticky":false,"template":"","format":"standard","meta":{"footnotes":""},"categories":[2821],"tags":[1111,11,829,765,1777,674,849,3337,1011,27,848,12,584,25],"class_list":{"0":"post-338168","1":"post","2":"type-post","3":"status-publish","4":"format-standard","5":"has-post-thumbnail","7":"category-rennes","8":"tag-actu","9":"tag-actualites","10":"tag-bretagne","11":"tag-en-continu","12":"tag-eu","13":"tag-europe","14":"tag-festival","15":"tag-festivals","16":"tag-fr","17":"tag-france","18":"tag-ille-et-vilaine","19":"tag-news","20":"tag-rennes","21":"tag-republique-francaise"},"share_on_mastodon":{"url":"https:\/\/pubeurope.com\/@fr\/115077316908374611","error":""},"_links":{"self":[{"href":"https:\/\/www.europesays.com\/fr\/wp-json\/wp\/v2\/posts\/338168","targetHints":{"allow":["GET"]}}],"collection":[{"href":"https:\/\/www.europesays.com\/fr\/wp-json\/wp\/v2\/posts"}],"about":[{"href":"https:\/\/www.europesays.com\/fr\/wp-json\/wp\/v2\/types\/post"}],"author":[{"embeddable":true,"href":"https:\/\/www.europesays.com\/fr\/wp-json\/wp\/v2\/users\/2"}],"replies":[{"embeddable":true,"href":"https:\/\/www.europesays.com\/fr\/wp-json\/wp\/v2\/comments?post=338168"}],"version-history":[{"count":0,"href":"https:\/\/www.europesays.com\/fr\/wp-json\/wp\/v2\/posts\/338168\/revisions"}],"wp:featuredmedia":[{"embeddable":true,"href":"https:\/\/www.europesays.com\/fr\/wp-json\/wp\/v2\/media\/338169"}],"wp:attachment":[{"href":"https:\/\/www.europesays.com\/fr\/wp-json\/wp\/v2\/media?parent=338168"}],"wp:term":[{"taxonomy":"category","embeddable":true,"href":"https:\/\/www.europesays.com\/fr\/wp-json\/wp\/v2\/categories?post=338168"},{"taxonomy":"post_tag","embeddable":true,"href":"https:\/\/www.europesays.com\/fr\/wp-json\/wp\/v2\/tags?post=338168"}],"curies":[{"name":"wp","href":"https:\/\/api.w.org\/{rel}","templated":true}]}}